{"id":596952,"date":"2023-05-03T10:22:26","date_gmt":"2023-05-03T06:22:26","guid":{"rendered":"https:\/\/arantv.az\/?p=596952"},"modified":"2023-05-03T10:22:26","modified_gmt":"2023-05-03T06:22:26","slug":"turkiy%c9%99d%c9%99-prezidentliy%c9%99-namiz%c9%99d-canli-yayimda-az%c9%99rbaycan-mahnisi-oxudu-video","status":"publish","type":"post","link":"https:\/\/arantv.az\/?p=596952","title":{"rendered":"T\u00fcrkiy\u0259d\u0259 prezidentliy\u0259 namiz\u0259d canl\u0131 yay\u0131mda Az\u0259rbaycan mahn\u0131s\u0131 oxudu &#8211; V\u0130DEO"},"content":{"rendered":"<p>T\u00fcrkiy\u0259d\u0259 prezidentliy\u0259 namiz\u0259d Sinan O\u011fan aktyor v\u0259 model Bar\u0131\u015f Murat Ya\u011fc\u0131n\u0131n \u201cYoutube\u201d kanal\u0131n\u0131n qona\u011f\u0131 olub.<\/p>\n<p>Proqrama T\u00fcrkiy\u0259 futbol millisinin geyimind\u0259 qat\u0131lan siyas\u0259t\u00e7i apar\u0131c\u0131n\u0131n ondan mahn\u0131 oxumas\u0131n\u0131 ist\u0259m\u0259sind\u0259n sonra \u201cAyr\u0131l\u0131q\u201d mahn\u0131s\u0131n\u0131 ifa edib.<\/p>\n<p>Qeyd ed\u0259k ki, \u0130\u011fdird\u0259 anadan olan O\u011fan az\u0259rbaycan\u0259sillidir. O, Z\u0259f\u0259r Partiyas\u0131, \u018fdal\u0259t Partiyas\u0131, \u00d6lk\u0259m Partiyas\u0131 v\u0259 T\u00fcrkiy\u0259 \u0130ttifaq Partiyas\u0131ndan ibar\u0259t Ata \u0130ttifaq\u0131n\u0131n prezidentliy\u0259 namiz\u0259didir.<\/p>\n<div><iframe loading=\"lazy\" id=\"telegram-post-oxuaze-50065\" src=\"https:\/\/t.me\/oxuaze\/50065?embed=1\" width=\"100%\" height=\"\" frameborder=\"0\" scrolling=\"no\" data-mce-fragment=\"1\"><\/iframe><\/div>\n<p>&nbsp;<\/p>\n","protected":false},"excerpt":{"rendered":"<p>T\u00fcrkiy\u0259d\u0259 prezidentliy\u0259 namiz\u0259d Sinan O\u011fan aktyor v\u0259 model Bar\u0131\u015f Murat Ya\u011fc\u0131n\u0131n \u201cYoutube\u201d kanal\u0131n\u0131n qona\u011f\u0131 olub. Proqrama T\u00fcrkiy\u0259 futbol millisinin geyimind\u0259 qat\u0131lan siyas\u0259t\u00e7i apar\u0131c\u0131n\u0131n ondan mahn\u0131 oxumas\u0131n\u0131 ist\u0259m\u0259sind\u0259n sonra \u201cAyr\u0131l\u0131q\u201d mahn\u0131s\u0131n\u0131 ifa edib. Qeyd ed\u0259k ki, \u0130\u011fdird\u0259 anadan olan O\u011fan az\u0259rbaycan\u0259sillidir. O, Z\u0259f\u0259r Partiyas\u0131, \u018fdal\u0259t Partiyas\u0131, \u00d6lk\u0259m Partiyas\u0131 v\u0259 T\u00fcrkiy\u0259 \u0130ttifaq Partiyas\u0131ndan ibar\u0259t Ata \u0130ttifaq\u0131n\u0131n prezidentliy\u0259 namiz\u0259didir. &nbsp;<\/p>\n","protected":false},"author":2,"featured_media":596953,"comment_status":"closed","ping_status":"closed","sticky":false,"template":"","format":"standard","meta":{"om_disable_all_campaigns":false,"_monsterinsights_skip_tracking":false,"_monsterinsights_sitenote_active":false,"_monsterinsights_sitenote_note":"","_monsterinsights_sitenote_category":0},"categories":[4],"tags":[],"aioseo_notices":[],"gutentor_comment":0,"rttpg_featured_image_url":{"full":["https:\/\/arantv.az\/wp-content\/uploads\/2023\/05\/o.jpg",620,413,false],"landscape":["https:\/\/arantv.az\/wp-content\/uploads\/2023\/05\/o.jpg",620,413,false],"portraits":["https:\/\/arantv.az\/wp-content\/uploads\/2023\/05\/o.jpg",620,413,false],"thumbnail":["https:\/\/arantv.az\/wp-content\/uploads\/2023\/05\/o-500x280.jpg",500,280,true],"medium":["https:\/\/arantv.az\/wp-content\/uploads\/2023\/05\/o-548x365.jpg",548,365,true],"large":["https:\/\/arantv.az\/wp-content\/uploads\/2023\/05\/o.jpg",620,413,false],"1536x1536":["https:\/\/arantv.az\/wp-content\/uploads\/2023\/05\/o.jpg",620,413,false],"2048x2048":["https:\/\/arantv.az\/wp-content\/uploads\/2023\/05\/o.jpg",620,413,false],"post-thumbnail":["https:\/\/arantv.az\/wp-content\/uploads\/2023\/05\/o-240x172.jpg",240,172,true],"advps-thumb-one":["https:\/\/arantv.az\/wp-content\/uploads\/2023\/05\/o.jpg",620,413,false]},"rttpg_author":{"display_name":"V\u00fcsal Rafiqo\u011flu","author_link":"https:\/\/arantv.az\/?author=2"},"rttpg_comment":0,"rttpg_category":"<a href=\"https:\/\/arantv.az\/?cat=4\" rel=\"category\">Siyas\u0259t<\/a>","rttpg_excerpt":"T\u00fcrkiy\u0259d\u0259 prezidentliy\u0259 namiz\u0259d Sinan O\u011fan aktyor v\u0259 model Bar\u0131\u015f Murat Ya\u011fc\u0131n\u0131n \u201cYoutube\u201d kanal\u0131n\u0131n qona\u011f\u0131 olub. Proqrama T\u00fcrkiy\u0259 futbol millisinin geyimind\u0259 qat\u0131lan siyas\u0259t\u00e7i apar\u0131c\u0131n\u0131n ondan mahn\u0131 oxumas\u0131n\u0131 ist\u0259m\u0259sind\u0259n sonra \u201cAyr\u0131l\u0131q\u201d mahn\u0131s\u0131n\u0131 ifa edib. Qeyd ed\u0259k ki, \u0130\u011fdird\u0259 anadan olan O\u011fan az\u0259rbaycan\u0259sillidir. O, Z\u0259f\u0259r Partiyas\u0131, \u018fdal\u0259t Partiyas\u0131, \u00d6lk\u0259m Partiyas\u0131 v\u0259 T\u00fcrkiy\u0259 \u0130ttifaq Partiyas\u0131ndan ibar\u0259t Ata \u0130ttifaq\u0131n\u0131n prezidentliy\u0259&hellip;","_links":{"self":[{"href":"https:\/\/arantv.az\/index.php?rest_route=\/wp\/v2\/posts\/596952"}],"collection":[{"href":"https:\/\/arantv.az\/index.php?rest_route=\/wp\/v2\/posts"}],"about":[{"href":"https:\/\/arantv.az\/index.php?rest_route=\/wp\/v2\/types\/post"}],"author":[{"embeddable":true,"href":"https:\/\/arantv.az\/index.php?rest_route=\/wp\/v2\/users\/2"}],"replies":[{"embeddable":true,"href":"https:\/\/arantv.az\/index.php?rest_route=%2Fwp%2Fv2%2Fcomments&post=596952"}],"version-history":[{"count":0,"href":"https:\/\/arantv.az\/index.php?rest_route=\/wp\/v2\/posts\/596952\/revisions"}],"wp:featuredmedia":[{"embeddable":true,"href":"https:\/\/arantv.az\/index.php?rest_route=\/wp\/v2\/media\/596953"}],"wp:attachment":[{"href":"https:\/\/arantv.az\/index.php?rest_route=%2Fwp%2Fv2%2Fmedia&parent=596952"}],"wp:term":[{"taxonomy":"category","embeddable":true,"href":"https:\/\/arantv.az\/index.php?rest_route=%2Fwp%2Fv2%2Fcategories&post=596952"},{"taxonomy":"post_tag","embeddable":true,"href":"https:\/\/arantv.az\/index.php?rest_route=%2Fwp%2Fv2%2Ftags&post=596952"}],"curies":[{"name":"wp","href":"https:\/\/api.w.org\/{rel}","templated":true}]}}