{"id":596962,"date":"2023-05-03T10:30:25","date_gmt":"2023-05-03T06:30:25","guid":{"rendered":"https:\/\/arantv.az\/?p=596962"},"modified":"2023-05-03T10:30:25","modified_gmt":"2023-05-03T06:30:25","slug":"turkiy%c9%99-erm%c9%99nistana-m%c9%99xsus-aviasirk%c9%99tin-avropaya-ucuslari-ucun-hava-m%c9%99kanini-bagladi","status":"publish","type":"post","link":"https:\/\/arantv.az\/?p=596962","title":{"rendered":"T\u00fcrkiy\u0259 Erm\u0259nistana m\u0259xsus avia\u015firk\u0259tin Avropaya u\u00e7u\u015flar\u0131 \u00fc\u00e7\u00fcn hava m\u0259kan\u0131n\u0131 ba\u011flad\u0131"},"content":{"rendered":"<p>T\u00fcrkiy\u0259 \u201cFlyone Armenia\u201dn\u0131n Avropaya u\u00e7u\u015flar\u0131 \u00fc\u00e7\u00fcn hava m\u0259kan\u0131n\u0131 ba\u011flay\u0131b. Bel\u0259likl\u0259, Erm\u0259nistana m\u0259xsus avia\u015firk\u0259tin daha bir reysind\u0259 probleml\u0259r yaran\u0131b.<\/p>\n<p>Bu bar\u0259d\u0259 aviada\u015f\u0131y\u0131c\u0131n\u0131n direktorlar \u015furas\u0131n\u0131n r\u0259hb\u0259ri Aram Ananyan yerli mediaya m\u0259lumat verib.<\/p>\n<p>Onun s\u00f6zl\u0259rin\u0259 g\u00f6r\u0259, 80-\u0259 yax\u0131n s\u0259rni\u015fin Paris aeroportunda qal\u0131b.<\/p>\n<p>\u201cB\u00fct\u00fcn s\u0259rni\u015finl\u0259r \u015firk\u0259tin Parisd\u0259ki xidm\u0259ti v\u0259 n\u00fcmay\u0259nd\u0259liyi il\u0259 \u0259laq\u0259 saxlaya bil\u0259rl\u0259r ki, biz onlar\u0131n geri qaytar\u0131lmas\u0131n\u0131 t\u0259\u015fkil ed\u0259k, yaxud t\u0259zminat \u00f6d\u0259y\u0259k\u201d, &#8211; dey\u0259 Ananyan bildirib.<\/p>\n<p>Qeyd ed\u0259k ki, bu, avia\u015firk\u0259tin u\u00e7u\u015fu il\u0259 ba\u011fl\u0131 ikinci insidentdir. Bundan \u0259vv\u0259l d\u0259 Ankara \u201cFlyone Armenia\u201d \u00fc\u00e7\u00fcn hava m\u0259kan\u0131n\u0131 ba\u011flam\u0131\u015fd\u0131. H\u0259min vaxt Paris-\u0130r\u0259van reysini yerin\u0259 yetir\u0259n t\u0259yyar\u0259 Ki\u015fineuda (Moldova)\u00a0<a href=\"https:\/\/oxu.az\/world\/724021?fbclid=IwAR3EUExcsCsxs4r5x8WhLooJJUsR1YFlwMJY7hC8l4R2jImvxiBU8Gyah6c\" target=\"_blank\" rel=\"noopener\"><strong>m\u0259cburi eni\u015f<\/strong><\/a>\u00a0etmi\u015fdi.<\/p>\n","protected":false},"excerpt":{"rendered":"<p>T\u00fcrkiy\u0259 \u201cFlyone Armenia\u201dn\u0131n Avropaya u\u00e7u\u015flar\u0131 \u00fc\u00e7\u00fcn hava m\u0259kan\u0131n\u0131 ba\u011flay\u0131b. Bel\u0259likl\u0259, Erm\u0259nistana m\u0259xsus avia\u015firk\u0259tin daha bir reysind\u0259 probleml\u0259r yaran\u0131b. Bu bar\u0259d\u0259 aviada\u015f\u0131y\u0131c\u0131n\u0131n direktorlar \u015furas\u0131n\u0131n r\u0259hb\u0259ri Aram Ananyan yerli mediaya m\u0259lumat verib. Onun s\u00f6zl\u0259rin\u0259 g\u00f6r\u0259, 80-\u0259 yax\u0131n s\u0259rni\u015fin Paris aeroportunda qal\u0131b. \u201cB\u00fct\u00fcn s\u0259rni\u015finl\u0259r \u015firk\u0259tin Parisd\u0259ki xidm\u0259ti v\u0259 n\u00fcmay\u0259nd\u0259liyi il\u0259 \u0259laq\u0259 saxlaya bil\u0259rl\u0259r ki, biz onlar\u0131n geri qaytar\u0131lmas\u0131n\u0131 t\u0259\u015fkil ed\u0259k, yaxud t\u0259zminat \u00f6d\u0259y\u0259k\u201d, &#8211; dey\u0259 Ananyan bildirib. Qeyd ed\u0259k ki, bu, avia\u015firk\u0259tin u\u00e7u\u015fu il\u0259 ba\u011fl\u0131 ikinci insidentdir. Bundan \u0259vv\u0259l d\u0259 Ankara \u201cFlyone Armenia\u201d \u00fc\u00e7\u00fcn hava m\u0259kan\u0131n\u0131 ba\u011flam\u0131\u015fd\u0131. H\u0259min vaxt Paris-\u0130r\u0259van reysini yerin\u0259 yetir\u0259n&hellip;<\/p>\n","protected":false},"author":2,"featured_media":596963,"comment_status":"closed","ping_status":"closed","sticky":false,"template":"","format":"standard","meta":{"om_disable_all_campaigns":false,"_monsterinsights_skip_tracking":false,"_monsterinsights_sitenote_active":false,"_monsterinsights_sitenote_note":"","_monsterinsights_sitenote_category":0},"categories":[7],"tags":[],"aioseo_notices":[],"gutentor_comment":0,"rttpg_featured_image_url":{"full":["https:\/\/arantv.az\/wp-content\/uploads\/2023\/05\/36290976_0_0_1100_733_1440x900_80_0_1_2cc3ceb49c5667f498aaf1842e540b37.jpg.jpg",620,413,false],"landscape":["https:\/\/arantv.az\/wp-content\/uploads\/2023\/05\/36290976_0_0_1100_733_1440x900_80_0_1_2cc3ceb49c5667f498aaf1842e540b37.jpg.jpg",620,413,false],"portraits":["https:\/\/arantv.az\/wp-content\/uploads\/2023\/05\/36290976_0_0_1100_733_1440x900_80_0_1_2cc3ceb49c5667f498aaf1842e540b37.jpg.jpg",620,413,false],"thumbnail":["https:\/\/arantv.az\/wp-content\/uploads\/2023\/05\/36290976_0_0_1100_733_1440x900_80_0_1_2cc3ceb49c5667f498aaf1842e540b37.jpg-500x280.jpg",500,280,true],"medium":["https:\/\/arantv.az\/wp-content\/uploads\/2023\/05\/36290976_0_0_1100_733_1440x900_80_0_1_2cc3ceb49c5667f498aaf1842e540b37.jpg-548x365.jpg",548,365,true],"large":["https:\/\/arantv.az\/wp-content\/uploads\/2023\/05\/36290976_0_0_1100_733_1440x900_80_0_1_2cc3ceb49c5667f498aaf1842e540b37.jpg.jpg",620,413,false],"1536x1536":["https:\/\/arantv.az\/wp-content\/uploads\/2023\/05\/36290976_0_0_1100_733_1440x900_80_0_1_2cc3ceb49c5667f498aaf1842e540b37.jpg.jpg",620,413,false],"2048x2048":["https:\/\/arantv.az\/wp-content\/uploads\/2023\/05\/36290976_0_0_1100_733_1440x900_80_0_1_2cc3ceb49c5667f498aaf1842e540b37.jpg.jpg",620,413,false],"post-thumbnail":["https:\/\/arantv.az\/wp-content\/uploads\/2023\/05\/36290976_0_0_1100_733_1440x900_80_0_1_2cc3ceb49c5667f498aaf1842e540b37.jpg-240x172.jpg",240,172,true],"advps-thumb-one":["https:\/\/arantv.az\/wp-content\/uploads\/2023\/05\/36290976_0_0_1100_733_1440x900_80_0_1_2cc3ceb49c5667f498aaf1842e540b37.jpg.jpg",620,413,false]},"rttpg_author":{"display_name":"V\u00fcsal Rafiqo\u011flu","author_link":"https:\/\/arantv.az\/?author=2"},"rttpg_comment":0,"rttpg_category":"<a href=\"https:\/\/arantv.az\/?cat=7\" rel=\"category\">D\u00fcnya<\/a>","rttpg_excerpt":"T\u00fcrkiy\u0259 \u201cFlyone Armenia\u201dn\u0131n Avropaya u\u00e7u\u015flar\u0131 \u00fc\u00e7\u00fcn hava m\u0259kan\u0131n\u0131 ba\u011flay\u0131b. Bel\u0259likl\u0259, Erm\u0259nistana m\u0259xsus avia\u015firk\u0259tin daha bir reysind\u0259 probleml\u0259r yaran\u0131b. Bu bar\u0259d\u0259 aviada\u015f\u0131y\u0131c\u0131n\u0131n direktorlar \u015furas\u0131n\u0131n r\u0259hb\u0259ri Aram Ananyan yerli mediaya m\u0259lumat verib. Onun s\u00f6zl\u0259rin\u0259 g\u00f6r\u0259, 80-\u0259 yax\u0131n s\u0259rni\u015fin Paris aeroportunda qal\u0131b. \u201cB\u00fct\u00fcn s\u0259rni\u015finl\u0259r \u015firk\u0259tin Parisd\u0259ki xidm\u0259ti v\u0259 n\u00fcmay\u0259nd\u0259liyi il\u0259 \u0259laq\u0259 saxlaya bil\u0259rl\u0259r ki, biz onlar\u0131n geri qaytar\u0131lmas\u0131n\u0131&hellip;","_links":{"self":[{"href":"https:\/\/arantv.az\/index.php?rest_route=\/wp\/v2\/posts\/596962"}],"collection":[{"href":"https:\/\/arantv.az\/index.php?rest_route=\/wp\/v2\/posts"}],"about":[{"href":"https:\/\/arantv.az\/index.php?rest_route=\/wp\/v2\/types\/post"}],"author":[{"embeddable":true,"href":"https:\/\/arantv.az\/index.php?rest_route=\/wp\/v2\/users\/2"}],"replies":[{"embeddable":true,"href":"https:\/\/arantv.az\/index.php?rest_route=%2Fwp%2Fv2%2Fcomments&post=596962"}],"version-history":[{"count":0,"href":"https:\/\/arantv.az\/index.php?rest_route=\/wp\/v2\/posts\/596962\/revisions"}],"wp:featuredmedia":[{"embeddable":true,"href":"https:\/\/arantv.az\/index.php?rest_route=\/wp\/v2\/media\/596963"}],"wp:attachment":[{"href":"https:\/\/arantv.az\/index.php?rest_route=%2Fwp%2Fv2%2Fmedia&parent=596962"}],"wp:term":[{"taxonomy":"category","embeddable":true,"href":"https:\/\/arantv.az\/index.php?rest_route=%2Fwp%2Fv2%2Fcategories&post=596962"},{"taxonomy":"post_tag","embeddable":true,"href":"https:\/\/arantv.az\/index.php?rest_route=%2Fwp%2Fv2%2Ftags&post=596962"}],"curies":[{"name":"wp","href":"https:\/\/api.w.org\/{rel}","templated":true}]}}