{"id":596993,"date":"2023-05-03T11:25:35","date_gmt":"2023-05-03T07:25:35","guid":{"rendered":"https:\/\/arantv.az\/?p=596993"},"modified":"2023-05-03T11:25:35","modified_gmt":"2023-05-03T07:25:35","slug":"ilham-%c9%99liyev-susada-heyd%c9%99r-%c9%99liyevin-100-illik-yubileyin%c9%99-h%c9%99sr-olunmus-beyn%c9%99lxalq-konfransda-canli-yayim","status":"publish","type":"post","link":"https:\/\/arantv.az\/?p=596993","title":{"rendered":"\u0130lham \u018fliyev \u015eu\u015fada Heyd\u0259r \u018fliyevin 100 illik yubileyin\u0259 h\u0259sr olunmu\u015f beyn\u0259lxalq konfransda &#8211; CANLI YAYIM"},"content":{"rendered":"<p>\u015eu\u015fada \u00fcmummilli lider Heyd\u0259r \u018fliyevin 100 illik yubileyin\u0259 h\u0259sr olunmu\u015f\u00a0\u201cB\u00f6y\u00fck Avrasiya geosiyas\u0259tinin formala\u015fmas\u0131: Ke\u00e7mi\u015fd\u0259n bu g\u00fcn\u0259 v\u0259 g\u0259l\u0259c\u0259y\u0259\u201d adl\u0131\u00a0beyn\u0259lxalq konfrans ke\u00e7irilir.<\/p>\n<p><strong>ARANTV.AZ <\/strong>\u00a0x\u0259b\u0259r verir ki, Prezident\u00a0<strong>\u0130lham \u018fliyev<\/strong>\u00a0t\u0259dbird\u0259 i\u015ftirak edir.<\/p>\n<p>D\u00f6vl\u0259t ba\u015f\u00e7\u0131s\u0131 beyn\u0259lxalq konfransda \u00e7\u0131x\u0131\u015f edir.<\/p>\n<p>H\u0259min konfrans\u0131n canl\u0131 yay\u0131m\u0131n\u0131 t\u0259qdim edirik:<\/p>\n<div><iframe loading=\"lazy\" title=\"YouTube video player\" src=\"https:\/\/www.youtube.com\/embed\/xgmx8_Sk5zI\" width=\"560\" height=\"315\" frameborder=\"0\" allowfullscreen=\"allowfullscreen\" data-mce-fragment=\"1\"><\/iframe><\/div>\n<div><iframe loading=\"lazy\" src=\"https:\/\/www.facebook.com\/plugins\/video.php?height=314&amp;href=https%3A%2F%2Fwww.facebook.com%2FPresidentIlhamAliyev%2Fvideos%2F805205531071364%2F&amp;show_text=false&amp;width=560&amp;t=0\" width=\"560\" height=\"314\" frameborder=\"0\" scrolling=\"no\" allowfullscreen=\"allowfullscreen\" data-mce-fragment=\"1\"><\/iframe><\/div>\n<div><\/div>\n","protected":false},"excerpt":{"rendered":"<p>\u015eu\u015fada \u00fcmummilli lider Heyd\u0259r \u018fliyevin 100 illik yubileyin\u0259 h\u0259sr olunmu\u015f\u00a0\u201cB\u00f6y\u00fck Avrasiya geosiyas\u0259tinin formala\u015fmas\u0131: Ke\u00e7mi\u015fd\u0259n bu g\u00fcn\u0259 v\u0259 g\u0259l\u0259c\u0259y\u0259\u201d adl\u0131\u00a0beyn\u0259lxalq konfrans ke\u00e7irilir. ARANTV.AZ \u00a0x\u0259b\u0259r verir ki, Prezident\u00a0\u0130lham \u018fliyev\u00a0t\u0259dbird\u0259 i\u015ftirak edir. D\u00f6vl\u0259t ba\u015f\u00e7\u0131s\u0131 beyn\u0259lxalq konfransda \u00e7\u0131x\u0131\u015f edir. H\u0259min konfrans\u0131n canl\u0131 yay\u0131m\u0131n\u0131 t\u0259qdim edirik:<\/p>\n","protected":false},"author":2,"featured_media":596994,"comment_status":"closed","ping_status":"closed","sticky":false,"template":"","format":"standard","meta":{"om_disable_all_campaigns":false,"_monsterinsights_skip_tracking":false,"_monsterinsights_sitenote_active":false,"_monsterinsights_sitenote_note":"","_monsterinsights_sitenote_category":0},"categories":[4],"tags":[],"aioseo_notices":[],"gutentor_comment":0,"rttpg_featured_image_url":{"full":["https:\/\/arantv.az\/wp-content\/uploads\/2023\/05\/FotoJet-1-1.jpg",620,413,false],"landscape":["https:\/\/arantv.az\/wp-content\/uploads\/2023\/05\/FotoJet-1-1.jpg",620,413,false],"portraits":["https:\/\/arantv.az\/wp-content\/uploads\/2023\/05\/FotoJet-1-1.jpg",620,413,false],"thumbnail":["https:\/\/arantv.az\/wp-content\/uploads\/2023\/05\/FotoJet-1-1-500x280.jpg",500,280,true],"medium":["https:\/\/arantv.az\/wp-content\/uploads\/2023\/05\/FotoJet-1-1-548x365.jpg",548,365,true],"large":["https:\/\/arantv.az\/wp-content\/uploads\/2023\/05\/FotoJet-1-1.jpg",620,413,false],"1536x1536":["https:\/\/arantv.az\/wp-content\/uploads\/2023\/05\/FotoJet-1-1.jpg",620,413,false],"2048x2048":["https:\/\/arantv.az\/wp-content\/uploads\/2023\/05\/FotoJet-1-1.jpg",620,413,false],"post-thumbnail":["https:\/\/arantv.az\/wp-content\/uploads\/2023\/05\/FotoJet-1-1-240x172.jpg",240,172,true],"advps-thumb-one":["https:\/\/arantv.az\/wp-content\/uploads\/2023\/05\/FotoJet-1-1.jpg",620,413,false]},"rttpg_author":{"display_name":"V\u00fcsal Rafiqo\u011flu","author_link":"https:\/\/arantv.az\/?author=2"},"rttpg_comment":0,"rttpg_category":"<a href=\"https:\/\/arantv.az\/?cat=4\" rel=\"category\">Siyas\u0259t<\/a>","rttpg_excerpt":"\u015eu\u015fada \u00fcmummilli lider Heyd\u0259r \u018fliyevin 100 illik yubileyin\u0259 h\u0259sr olunmu\u015f\u00a0\u201cB\u00f6y\u00fck Avrasiya geosiyas\u0259tinin formala\u015fmas\u0131: Ke\u00e7mi\u015fd\u0259n bu g\u00fcn\u0259 v\u0259 g\u0259l\u0259c\u0259y\u0259\u201d adl\u0131\u00a0beyn\u0259lxalq konfrans ke\u00e7irilir. ARANTV.AZ \u00a0x\u0259b\u0259r verir ki, Prezident\u00a0\u0130lham \u018fliyev\u00a0t\u0259dbird\u0259 i\u015ftirak edir. D\u00f6vl\u0259t ba\u015f\u00e7\u0131s\u0131 beyn\u0259lxalq konfransda \u00e7\u0131x\u0131\u015f edir. H\u0259min konfrans\u0131n canl\u0131 yay\u0131m\u0131n\u0131 t\u0259qdim edirik:","_links":{"self":[{"href":"https:\/\/arantv.az\/index.php?rest_route=\/wp\/v2\/posts\/596993"}],"collection":[{"href":"https:\/\/arantv.az\/index.php?rest_route=\/wp\/v2\/posts"}],"about":[{"href":"https:\/\/arantv.az\/index.php?rest_route=\/wp\/v2\/types\/post"}],"author":[{"embeddable":true,"href":"https:\/\/arantv.az\/index.php?rest_route=\/wp\/v2\/users\/2"}],"replies":[{"embeddable":true,"href":"https:\/\/arantv.az\/index.php?rest_route=%2Fwp%2Fv2%2Fcomments&post=596993"}],"version-history":[{"count":0,"href":"https:\/\/arantv.az\/index.php?rest_route=\/wp\/v2\/posts\/596993\/revisions"}],"wp:featuredmedia":[{"embeddable":true,"href":"https:\/\/arantv.az\/index.php?rest_route=\/wp\/v2\/media\/596994"}],"wp:attachment":[{"href":"https:\/\/arantv.az\/index.php?rest_route=%2Fwp%2Fv2%2Fmedia&parent=596993"}],"wp:term":[{"taxonomy":"category","embeddable":true,"href":"https:\/\/arantv.az\/index.php?rest_route=%2Fwp%2Fv2%2Fcategories&post=596993"},{"taxonomy":"post_tag","embeddable":true,"href":"https:\/\/arantv.az\/index.php?rest_route=%2Fwp%2Fv2%2Ftags&post=596993"}],"curies":[{"name":"wp","href":"https:\/\/api.w.org\/{rel}","templated":true}]}}