{"id":597002,"date":"2023-05-03T11:27:08","date_gmt":"2023-05-03T07:27:08","guid":{"rendered":"https:\/\/arantv.az\/?p=597002"},"modified":"2023-05-03T11:27:08","modified_gmt":"2023-05-03T07:27:08","slug":"turkiy%c9%99-rusiya-v%c9%99-ukrayna-mudafi%c9%99-nazirl%c9%99rinin-muavinl%c9%99ri-istanbulda-gorus%c9%99c%c9%99kl%c9%99r","status":"publish","type":"post","link":"https:\/\/arantv.az\/?p=597002","title":{"rendered":"T\u00fcrkiy\u0259, Rusiya v\u0259 Ukrayna m\u00fcdafi\u0259 nazirl\u0259rinin m\u00fcavinl\u0259ri \u0130stanbulda g\u00f6r\u00fc\u015f\u0259c\u0259kl\u0259r"},"content":{"rendered":"<p>T\u00fcrkiy\u0259, Ukrayna v\u0259 Rusiya m\u00fcdafi\u0259 nazirl\u0259rinin m\u00fcavinl\u0259rinin may\u0131n 5-i \u0130stanbulda g\u00f6r\u00fc\u015fm\u0259si planla\u015fd\u0131r\u0131l\u0131r.<\/p>\n<p>Bu bar\u0259d\u0259 T\u00fcrkiy\u0259nin milli m\u00fcdafi\u0259 naziri Hulusi Akar a\u00e7\u0131qlay\u0131b.<\/p>\n<p>Prezident R\u0259c\u0259b Tayyib \u018frdo\u011fan\u0131n t\u0259\u015f\u0259bb\u00fcsl\u0259rind\u0259n sonra uzad\u0131lan \u201cTax\u0131l d\u0259hlizi\u201d sazi\u015finin v\u0259ziyy\u0259ti il\u0259 ba\u011fl\u0131 dan\u0131\u015fan Akar bildirib:<\/p>\n<p>\u201cG\u00f6r\u00fc\u015fd\u0259 ba\u015fda tax\u0131l m\u0259s\u0259l\u0259si olmaqla b\u0259zi m\u00f6vzular da m\u00fczakir\u0259 olunacaq. \u00dcmid edirik ki, tax\u0131l sazi\u015fi problemsiz davam ed\u0259c\u0259k. \u00c7\u00fcnki bu sazi\u015f h\u0259m regional s\u00fclh v\u0259 sabitlik, h\u0259m d\u0259 ehtiyac\u0131 olan \u00f6lk\u0259l\u0259r \u00fc\u00e7\u00fcn \u00e7ox vacibdir. Bu kontekstd\u0259 dey\u0259 bil\u0259rik ki, t\u0259r\u0259fl\u0259r m\u00fcdd\u0259ti uzatma\u011fa haz\u0131rd\u0131rlar. Arzu edirik ki, bu t\u0259\u015f\u0259bb\u00fcs problemsiz davam etdiril\u0259r\u201d.<\/p>\n<p>M\u0259nb\u0259: Anadolu<\/p>\n","protected":false},"excerpt":{"rendered":"<p>T\u00fcrkiy\u0259, Ukrayna v\u0259 Rusiya m\u00fcdafi\u0259 nazirl\u0259rinin m\u00fcavinl\u0259rinin may\u0131n 5-i \u0130stanbulda g\u00f6r\u00fc\u015fm\u0259si planla\u015fd\u0131r\u0131l\u0131r. Bu bar\u0259d\u0259 T\u00fcrkiy\u0259nin milli m\u00fcdafi\u0259 naziri Hulusi Akar a\u00e7\u0131qlay\u0131b. Prezident R\u0259c\u0259b Tayyib \u018frdo\u011fan\u0131n t\u0259\u015f\u0259bb\u00fcsl\u0259rind\u0259n sonra uzad\u0131lan \u201cTax\u0131l d\u0259hlizi\u201d sazi\u015finin v\u0259ziyy\u0259ti il\u0259 ba\u011fl\u0131 dan\u0131\u015fan Akar bildirib: \u201cG\u00f6r\u00fc\u015fd\u0259 ba\u015fda tax\u0131l m\u0259s\u0259l\u0259si olmaqla b\u0259zi m\u00f6vzular da m\u00fczakir\u0259 olunacaq. \u00dcmid edirik ki, tax\u0131l sazi\u015fi problemsiz davam ed\u0259c\u0259k. \u00c7\u00fcnki bu sazi\u015f h\u0259m regional s\u00fclh v\u0259 sabitlik, h\u0259m d\u0259 ehtiyac\u0131 olan \u00f6lk\u0259l\u0259r \u00fc\u00e7\u00fcn \u00e7ox vacibdir. Bu kontekstd\u0259 dey\u0259 bil\u0259rik ki, t\u0259r\u0259fl\u0259r m\u00fcdd\u0259ti uzatma\u011fa haz\u0131rd\u0131rlar. Arzu edirik ki, bu t\u0259\u015f\u0259bb\u00fcs problemsiz davam etdiril\u0259r\u201d. M\u0259nb\u0259: Anadolu<\/p>\n","protected":false},"author":2,"featured_media":597003,"comment_status":"closed","ping_status":"closed","sticky":false,"template":"","format":"standard","meta":{"om_disable_all_campaigns":false,"_monsterinsights_skip_tracking":false,"_monsterinsights_sitenote_active":false,"_monsterinsights_sitenote_note":"","_monsterinsights_sitenote_category":0},"categories":[19],"tags":[],"aioseo_notices":[],"gutentor_comment":0,"rttpg_featured_image_url":{"full":["https:\/\/arantv.az\/wp-content\/uploads\/2023\/05\/FotoJet-2023-05-03T103848.938.jpg",620,413,false],"landscape":["https:\/\/arantv.az\/wp-content\/uploads\/2023\/05\/FotoJet-2023-05-03T103848.938.jpg",620,413,false],"portraits":["https:\/\/arantv.az\/wp-content\/uploads\/2023\/05\/FotoJet-2023-05-03T103848.938.jpg",620,413,false],"thumbnail":["https:\/\/arantv.az\/wp-content\/uploads\/2023\/05\/FotoJet-2023-05-03T103848.938-500x280.jpg",500,280,true],"medium":["https:\/\/arantv.az\/wp-content\/uploads\/2023\/05\/FotoJet-2023-05-03T103848.938-548x365.jpg",548,365,true],"large":["https:\/\/arantv.az\/wp-content\/uploads\/2023\/05\/FotoJet-2023-05-03T103848.938.jpg",620,413,false],"1536x1536":["https:\/\/arantv.az\/wp-content\/uploads\/2023\/05\/FotoJet-2023-05-03T103848.938.jpg",620,413,false],"2048x2048":["https:\/\/arantv.az\/wp-content\/uploads\/2023\/05\/FotoJet-2023-05-03T103848.938.jpg",620,413,false],"post-thumbnail":["https:\/\/arantv.az\/wp-content\/uploads\/2023\/05\/FotoJet-2023-05-03T103848.938-240x172.jpg",240,172,true],"advps-thumb-one":["https:\/\/arantv.az\/wp-content\/uploads\/2023\/05\/FotoJet-2023-05-03T103848.938.jpg",620,413,false]},"rttpg_author":{"display_name":"V\u00fcsal Rafiqo\u011flu","author_link":"https:\/\/arantv.az\/?author=2"},"rttpg_comment":0,"rttpg_category":"<a href=\"https:\/\/arantv.az\/?cat=19\" rel=\"category\">G\u00fcnd\u0259m<\/a>","rttpg_excerpt":"T\u00fcrkiy\u0259, Ukrayna v\u0259 Rusiya m\u00fcdafi\u0259 nazirl\u0259rinin m\u00fcavinl\u0259rinin may\u0131n 5-i \u0130stanbulda g\u00f6r\u00fc\u015fm\u0259si planla\u015fd\u0131r\u0131l\u0131r. Bu bar\u0259d\u0259 T\u00fcrkiy\u0259nin milli m\u00fcdafi\u0259 naziri Hulusi Akar a\u00e7\u0131qlay\u0131b. Prezident R\u0259c\u0259b Tayyib \u018frdo\u011fan\u0131n t\u0259\u015f\u0259bb\u00fcsl\u0259rind\u0259n sonra uzad\u0131lan \u201cTax\u0131l d\u0259hlizi\u201d sazi\u015finin v\u0259ziyy\u0259ti il\u0259 ba\u011fl\u0131 dan\u0131\u015fan Akar bildirib: \u201cG\u00f6r\u00fc\u015fd\u0259 ba\u015fda tax\u0131l m\u0259s\u0259l\u0259si olmaqla b\u0259zi m\u00f6vzular da m\u00fczakir\u0259 olunacaq. \u00dcmid edirik ki, tax\u0131l sazi\u015fi problemsiz davam ed\u0259c\u0259k.&hellip;","_links":{"self":[{"href":"https:\/\/arantv.az\/index.php?rest_route=\/wp\/v2\/posts\/597002"}],"collection":[{"href":"https:\/\/arantv.az\/index.php?rest_route=\/wp\/v2\/posts"}],"about":[{"href":"https:\/\/arantv.az\/index.php?rest_route=\/wp\/v2\/types\/post"}],"author":[{"embeddable":true,"href":"https:\/\/arantv.az\/index.php?rest_route=\/wp\/v2\/users\/2"}],"replies":[{"embeddable":true,"href":"https:\/\/arantv.az\/index.php?rest_route=%2Fwp%2Fv2%2Fcomments&post=597002"}],"version-history":[{"count":0,"href":"https:\/\/arantv.az\/index.php?rest_route=\/wp\/v2\/posts\/597002\/revisions"}],"wp:featuredmedia":[{"embeddable":true,"href":"https:\/\/arantv.az\/index.php?rest_route=\/wp\/v2\/media\/597003"}],"wp:attachment":[{"href":"https:\/\/arantv.az\/index.php?rest_route=%2Fwp%2Fv2%2Fmedia&parent=597002"}],"wp:term":[{"taxonomy":"category","embeddable":true,"href":"https:\/\/arantv.az\/index.php?rest_route=%2Fwp%2Fv2%2Fcategories&post=597002"},{"taxonomy":"post_tag","embeddable":true,"href":"https:\/\/arantv.az\/index.php?rest_route=%2Fwp%2Fv2%2Ftags&post=597002"}],"curies":[{"name":"wp","href":"https:\/\/api.w.org\/{rel}","templated":true}]}}