{"id":597005,"date":"2023-05-03T11:27:42","date_gmt":"2023-05-03T07:27:42","guid":{"rendered":"https:\/\/arantv.az\/?p=597005"},"modified":"2023-05-03T11:27:42","modified_gmt":"2023-05-03T07:27:42","slug":"bmt-d%c9%99-unian-in-jurnalisti-dmitro-xilyukun-rusiya-%c9%99sirliyind%c9%99n-azad-olunmasina-cagiris-edilib","status":"publish","type":"post","link":"https:\/\/arantv.az\/?p=597005","title":{"rendered":"BMT-d\u0259 UNIAN-\u0131n jurnalisti Dmitro Xilyukun Rusiya \u0259sirliyind\u0259n azad olunmas\u0131na \u00e7a\u011f\u0131r\u0131\u015f edilib"},"content":{"rendered":"<p>Ukrayna Milli Jurnalistl\u0259r Birliyinin (UMJB) s\u0259dri Sergey Tomilenko UNIAN-\u0131n jurnalisti Dmitro Xilyukun Rusiya \u0259sirliyind\u0259n azad edilm\u0259sin\u0259 \u00e7a\u011f\u0131r\u0131b.<\/p>\n<p>Bu bar\u0259d\u0259 Tomilenko Nyu-Yorkda BMT Ba\u015f Assambleyas\u0131nda \u00dcmumd\u00fcnya S\u00f6z Azadl\u0131\u011f\u0131 G\u00fcn\u00fc m\u00fcnasib\u0259til\u0259 \u00e7\u0131x\u0131\u015f\u0131 zaman\u0131 dan\u0131\u015f\u0131b.<\/p>\n<p>\u201c\u00d6t\u0259n ilin mart\u0131nda \u0259sir g\u00f6t\u00fcr\u00fcl\u0259n \u0259n az\u0131 bir m\u00fclki ukraynal\u0131 jurnalist h\u0259l\u0259 d\u0259 Rusiyada h\u0259bsd\u0259dir\u201d, &#8211; dey\u0259 Tomilenko bildirib.<\/p>\n<p>O qeyd edib ki, s\u00f6hb\u0259t UNIAN-\u0131n jurnalisti Dmitro Xilyukdan gedir.<\/p>\n<p>Eyni zamanda, S.Tomilenko i\u015f\u011fal alt\u0131ndak\u0131 Kr\u0131mda h\u0259bs edil\u0259n yerli tatar jurnalistl\u0259rin d\u0259 azad olunmas\u0131na\u00a0\u00e7a\u011f\u0131r\u0131\u015f edib.<\/p>\n<p>Xat\u0131rladaq ki, UNIAN-\u0131n jurnalisti Dmitro Xilyuk \u00f6t\u0259n ilin fevral ay\u0131nda Rusiyan\u0131n Kiyev vilay\u0259tin\u0259 h\u00fccumu zaman\u0131 \u0259sir d\u00fc\u015f\u00fcb.<\/p>\n<p>M\u0259nb\u0259:\u00a0UNIAN<\/p>\n","protected":false},"excerpt":{"rendered":"<p>Ukrayna Milli Jurnalistl\u0259r Birliyinin (UMJB) s\u0259dri Sergey Tomilenko UNIAN-\u0131n jurnalisti Dmitro Xilyukun Rusiya \u0259sirliyind\u0259n azad edilm\u0259sin\u0259 \u00e7a\u011f\u0131r\u0131b. Bu bar\u0259d\u0259 Tomilenko Nyu-Yorkda BMT Ba\u015f Assambleyas\u0131nda \u00dcmumd\u00fcnya S\u00f6z Azadl\u0131\u011f\u0131 G\u00fcn\u00fc m\u00fcnasib\u0259til\u0259 \u00e7\u0131x\u0131\u015f\u0131 zaman\u0131 dan\u0131\u015f\u0131b. \u201c\u00d6t\u0259n ilin mart\u0131nda \u0259sir g\u00f6t\u00fcr\u00fcl\u0259n \u0259n az\u0131 bir m\u00fclki ukraynal\u0131 jurnalist h\u0259l\u0259 d\u0259 Rusiyada h\u0259bsd\u0259dir\u201d, &#8211; dey\u0259 Tomilenko bildirib. O qeyd edib ki, s\u00f6hb\u0259t UNIAN-\u0131n jurnalisti Dmitro Xilyukdan gedir. Eyni zamanda, S.Tomilenko i\u015f\u011fal alt\u0131ndak\u0131 Kr\u0131mda h\u0259bs edil\u0259n yerli tatar jurnalistl\u0259rin d\u0259 azad olunmas\u0131na\u00a0\u00e7a\u011f\u0131r\u0131\u015f edib. Xat\u0131rladaq ki, UNIAN-\u0131n jurnalisti Dmitro Xilyuk \u00f6t\u0259n ilin fevral ay\u0131nda Rusiyan\u0131n Kiyev vilay\u0259tin\u0259 h\u00fccumu&hellip;<\/p>\n","protected":false},"author":2,"featured_media":597006,"comment_status":"closed","ping_status":"closed","sticky":false,"template":"","format":"standard","meta":{"om_disable_all_campaigns":false,"_monsterinsights_skip_tracking":false,"_monsterinsights_sitenote_active":false,"_monsterinsights_sitenote_note":"","_monsterinsights_sitenote_category":0},"categories":[4],"tags":[],"aioseo_notices":[],"gutentor_comment":0,"rttpg_featured_image_url":{"full":["https:\/\/arantv.az\/wp-content\/uploads\/2023\/05\/940c0333-80b2-3e2f-811c-44f6025780b5_850.jpg",620,413,false],"landscape":["https:\/\/arantv.az\/wp-content\/uploads\/2023\/05\/940c0333-80b2-3e2f-811c-44f6025780b5_850.jpg",620,413,false],"portraits":["https:\/\/arantv.az\/wp-content\/uploads\/2023\/05\/940c0333-80b2-3e2f-811c-44f6025780b5_850.jpg",620,413,false],"thumbnail":["https:\/\/arantv.az\/wp-content\/uploads\/2023\/05\/940c0333-80b2-3e2f-811c-44f6025780b5_850-500x280.jpg",500,280,true],"medium":["https:\/\/arantv.az\/wp-content\/uploads\/2023\/05\/940c0333-80b2-3e2f-811c-44f6025780b5_850-548x365.jpg",548,365,true],"large":["https:\/\/arantv.az\/wp-content\/uploads\/2023\/05\/940c0333-80b2-3e2f-811c-44f6025780b5_850.jpg",620,413,false],"1536x1536":["https:\/\/arantv.az\/wp-content\/uploads\/2023\/05\/940c0333-80b2-3e2f-811c-44f6025780b5_850.jpg",620,413,false],"2048x2048":["https:\/\/arantv.az\/wp-content\/uploads\/2023\/05\/940c0333-80b2-3e2f-811c-44f6025780b5_850.jpg",620,413,false],"post-thumbnail":["https:\/\/arantv.az\/wp-content\/uploads\/2023\/05\/940c0333-80b2-3e2f-811c-44f6025780b5_850-240x172.jpg",240,172,true],"advps-thumb-one":["https:\/\/arantv.az\/wp-content\/uploads\/2023\/05\/940c0333-80b2-3e2f-811c-44f6025780b5_850.jpg",620,413,false]},"rttpg_author":{"display_name":"V\u00fcsal Rafiqo\u011flu","author_link":"https:\/\/arantv.az\/?author=2"},"rttpg_comment":0,"rttpg_category":"<a href=\"https:\/\/arantv.az\/?cat=4\" rel=\"category\">Siyas\u0259t<\/a>","rttpg_excerpt":"Ukrayna Milli Jurnalistl\u0259r Birliyinin (UMJB) s\u0259dri Sergey Tomilenko UNIAN-\u0131n jurnalisti Dmitro Xilyukun Rusiya \u0259sirliyind\u0259n azad edilm\u0259sin\u0259 \u00e7a\u011f\u0131r\u0131b. Bu bar\u0259d\u0259 Tomilenko Nyu-Yorkda BMT Ba\u015f Assambleyas\u0131nda \u00dcmumd\u00fcnya S\u00f6z Azadl\u0131\u011f\u0131 G\u00fcn\u00fc m\u00fcnasib\u0259til\u0259 \u00e7\u0131x\u0131\u015f\u0131 zaman\u0131 dan\u0131\u015f\u0131b. \u201c\u00d6t\u0259n ilin mart\u0131nda \u0259sir g\u00f6t\u00fcr\u00fcl\u0259n \u0259n az\u0131 bir m\u00fclki ukraynal\u0131 jurnalist h\u0259l\u0259 d\u0259 Rusiyada h\u0259bsd\u0259dir\u201d, &#8211; dey\u0259 Tomilenko bildirib. O qeyd edib ki,&hellip;","_links":{"self":[{"href":"https:\/\/arantv.az\/index.php?rest_route=\/wp\/v2\/posts\/597005"}],"collection":[{"href":"https:\/\/arantv.az\/index.php?rest_route=\/wp\/v2\/posts"}],"about":[{"href":"https:\/\/arantv.az\/index.php?rest_route=\/wp\/v2\/types\/post"}],"author":[{"embeddable":true,"href":"https:\/\/arantv.az\/index.php?rest_route=\/wp\/v2\/users\/2"}],"replies":[{"embeddable":true,"href":"https:\/\/arantv.az\/index.php?rest_route=%2Fwp%2Fv2%2Fcomments&post=597005"}],"version-history":[{"count":0,"href":"https:\/\/arantv.az\/index.php?rest_route=\/wp\/v2\/posts\/597005\/revisions"}],"wp:featuredmedia":[{"embeddable":true,"href":"https:\/\/arantv.az\/index.php?rest_route=\/wp\/v2\/media\/597006"}],"wp:attachment":[{"href":"https:\/\/arantv.az\/index.php?rest_route=%2Fwp%2Fv2%2Fmedia&parent=597005"}],"wp:term":[{"taxonomy":"category","embeddable":true,"href":"https:\/\/arantv.az\/index.php?rest_route=%2Fwp%2Fv2%2Fcategories&post=597005"},{"taxonomy":"post_tag","embeddable":true,"href":"https:\/\/arantv.az\/index.php?rest_route=%2Fwp%2Fv2%2Ftags&post=597005"}],"curies":[{"name":"wp","href":"https:\/\/api.w.org\/{rel}","templated":true}]}}