{"id":597020,"date":"2023-05-03T12:54:29","date_gmt":"2023-05-03T08:54:29","guid":{"rendered":"https:\/\/arantv.az\/?p=597020"},"modified":"2023-05-03T12:54:29","modified_gmt":"2023-05-03T08:54:29","slug":"movlud-cavusoglu-erm%c9%99nistan-g%c9%99rginlik-yaradir-qarabaga-silah-dasiyir","status":"publish","type":"post","link":"https:\/\/arantv.az\/?p=597020","title":{"rendered":"M\u00f6vlud \u00c7avu\u015fo\u011flu: \u201cErm\u0259nistan g\u0259rginlik yarad\u0131r, Qaraba\u011fa silah da\u015f\u0131y\u0131r\u201d"},"content":{"rendered":"<p>\u201cQaraba\u011f m\u00fcharib\u0259si ba\u015fa \u00e7atd\u0131qdan sonra Az\u0259rbaycan v\u0259 T\u00fcrkiy\u0259 Erm\u0259nistanla m\u00fcnasib\u0259tl\u0259rin normalla\u015fmas\u0131n\u0131 ist\u0259yir\u201d.<\/p>\n<p>Bunu T\u00fcrkiy\u0259 xarici i\u015fl\u0259r naziri M\u00f6vlud \u00c7avu\u015fo\u011flu NTV-y\u0259 m\u00fcsahib\u0259sind\u0259 deyib.<\/p>\n<p>O bildirib ki, Az\u0259rbaycan Erm\u0259nistana s\u00fclh t\u0259klif edib:<\/p>\n<p>\u201cErm\u0259nistan ba\u015fqas\u0131n\u0131n torpa\u011f\u0131ndan \u00e7\u0131xar\u0131lma\u011f\u0131 h\u0259zm ed\u0259 bilmir. Erm\u0259nil\u0259r g\u0259rginlik yarad\u0131r, Qaraba\u011fa silah da\u015f\u0131y\u0131rlar\u201d.<\/p>\n","protected":false},"excerpt":{"rendered":"<p>\u201cQaraba\u011f m\u00fcharib\u0259si ba\u015fa \u00e7atd\u0131qdan sonra Az\u0259rbaycan v\u0259 T\u00fcrkiy\u0259 Erm\u0259nistanla m\u00fcnasib\u0259tl\u0259rin normalla\u015fmas\u0131n\u0131 ist\u0259yir\u201d. Bunu T\u00fcrkiy\u0259 xarici i\u015fl\u0259r naziri M\u00f6vlud \u00c7avu\u015fo\u011flu NTV-y\u0259 m\u00fcsahib\u0259sind\u0259 deyib. O bildirib ki, Az\u0259rbaycan Erm\u0259nistana s\u00fclh t\u0259klif edib: \u201cErm\u0259nistan ba\u015fqas\u0131n\u0131n torpa\u011f\u0131ndan \u00e7\u0131xar\u0131lma\u011f\u0131 h\u0259zm ed\u0259 bilmir. Erm\u0259nil\u0259r g\u0259rginlik yarad\u0131r, Qaraba\u011fa silah da\u015f\u0131y\u0131rlar\u201d.<\/p>\n","protected":false},"author":2,"featured_media":597021,"comment_status":"closed","ping_status":"closed","sticky":false,"template":"","format":"standard","meta":{"om_disable_all_campaigns":false,"_monsterinsights_skip_tracking":false,"_monsterinsights_sitenote_active":false,"_monsterinsights_sitenote_note":"","_monsterinsights_sitenote_category":0},"categories":[4],"tags":[],"aioseo_notices":[],"gutentor_comment":0,"rttpg_featured_image_url":{"full":["https:\/\/arantv.az\/wp-content\/uploads\/2023\/05\/fa02f240-f1e9-31b0-8a99-f05fc4c54196_850.jpg",620,413,false],"landscape":["https:\/\/arantv.az\/wp-content\/uploads\/2023\/05\/fa02f240-f1e9-31b0-8a99-f05fc4c54196_850.jpg",620,413,false],"portraits":["https:\/\/arantv.az\/wp-content\/uploads\/2023\/05\/fa02f240-f1e9-31b0-8a99-f05fc4c54196_850.jpg",620,413,false],"thumbnail":["https:\/\/arantv.az\/wp-content\/uploads\/2023\/05\/fa02f240-f1e9-31b0-8a99-f05fc4c54196_850-500x280.jpg",500,280,true],"medium":["https:\/\/arantv.az\/wp-content\/uploads\/2023\/05\/fa02f240-f1e9-31b0-8a99-f05fc4c54196_850-548x365.jpg",548,365,true],"large":["https:\/\/arantv.az\/wp-content\/uploads\/2023\/05\/fa02f240-f1e9-31b0-8a99-f05fc4c54196_850.jpg",620,413,false],"1536x1536":["https:\/\/arantv.az\/wp-content\/uploads\/2023\/05\/fa02f240-f1e9-31b0-8a99-f05fc4c54196_850.jpg",620,413,false],"2048x2048":["https:\/\/arantv.az\/wp-content\/uploads\/2023\/05\/fa02f240-f1e9-31b0-8a99-f05fc4c54196_850.jpg",620,413,false],"post-thumbnail":["https:\/\/arantv.az\/wp-content\/uploads\/2023\/05\/fa02f240-f1e9-31b0-8a99-f05fc4c54196_850-240x172.jpg",240,172,true],"advps-thumb-one":["https:\/\/arantv.az\/wp-content\/uploads\/2023\/05\/fa02f240-f1e9-31b0-8a99-f05fc4c54196_850.jpg",620,413,false]},"rttpg_author":{"display_name":"V\u00fcsal Rafiqo\u011flu","author_link":"https:\/\/arantv.az\/?author=2"},"rttpg_comment":0,"rttpg_category":"<a href=\"https:\/\/arantv.az\/?cat=4\" rel=\"category\">Siyas\u0259t<\/a>","rttpg_excerpt":"\u201cQaraba\u011f m\u00fcharib\u0259si ba\u015fa \u00e7atd\u0131qdan sonra Az\u0259rbaycan v\u0259 T\u00fcrkiy\u0259 Erm\u0259nistanla m\u00fcnasib\u0259tl\u0259rin normalla\u015fmas\u0131n\u0131 ist\u0259yir\u201d. Bunu T\u00fcrkiy\u0259 xarici i\u015fl\u0259r naziri M\u00f6vlud \u00c7avu\u015fo\u011flu NTV-y\u0259 m\u00fcsahib\u0259sind\u0259 deyib. O bildirib ki, Az\u0259rbaycan Erm\u0259nistana s\u00fclh t\u0259klif edib: \u201cErm\u0259nistan ba\u015fqas\u0131n\u0131n torpa\u011f\u0131ndan \u00e7\u0131xar\u0131lma\u011f\u0131 h\u0259zm ed\u0259 bilmir. Erm\u0259nil\u0259r g\u0259rginlik yarad\u0131r, Qaraba\u011fa silah da\u015f\u0131y\u0131rlar\u201d.","_links":{"self":[{"href":"https:\/\/arantv.az\/index.php?rest_route=\/wp\/v2\/posts\/597020"}],"collection":[{"href":"https:\/\/arantv.az\/index.php?rest_route=\/wp\/v2\/posts"}],"about":[{"href":"https:\/\/arantv.az\/index.php?rest_route=\/wp\/v2\/types\/post"}],"author":[{"embeddable":true,"href":"https:\/\/arantv.az\/index.php?rest_route=\/wp\/v2\/users\/2"}],"replies":[{"embeddable":true,"href":"https:\/\/arantv.az\/index.php?rest_route=%2Fwp%2Fv2%2Fcomments&post=597020"}],"version-history":[{"count":0,"href":"https:\/\/arantv.az\/index.php?rest_route=\/wp\/v2\/posts\/597020\/revisions"}],"wp:featuredmedia":[{"embeddable":true,"href":"https:\/\/arantv.az\/index.php?rest_route=\/wp\/v2\/media\/597021"}],"wp:attachment":[{"href":"https:\/\/arantv.az\/index.php?rest_route=%2Fwp%2Fv2%2Fmedia&parent=597020"}],"wp:term":[{"taxonomy":"category","embeddable":true,"href":"https:\/\/arantv.az\/index.php?rest_route=%2Fwp%2Fv2%2Fcategories&post=597020"},{"taxonomy":"post_tag","embeddable":true,"href":"https:\/\/arantv.az\/index.php?rest_route=%2Fwp%2Fv2%2Ftags&post=597020"}],"curies":[{"name":"wp","href":"https:\/\/api.w.org\/{rel}","templated":true}]}}