{"id":597026,"date":"2023-05-03T12:55:55","date_gmt":"2023-05-03T08:55:55","guid":{"rendered":"https:\/\/arantv.az\/?p=597026"},"modified":"2023-05-03T12:55:55","modified_gmt":"2023-05-03T08:55:55","slug":"ai-az%c9%99rbaycanda-minat%c9%99mizl%c9%99m%c9%99-prosesin%c9%99-d%c9%99st%c9%99yi-davam-etdir%c9%99c%c9%99k","status":"publish","type":"post","link":"https:\/\/arantv.az\/?p=597026","title":{"rendered":"A\u0130 Az\u0259rbaycanda minat\u0259mizl\u0259m\u0259 prosesin\u0259 d\u0259st\u0259yi davam etdir\u0259c\u0259k"},"content":{"rendered":"<p>\u201cAvropa \u0130ttifaq\u0131 Az\u0259rbaycanda minat\u0259mizl\u0259m\u0259 prosesin\u0259 d\u0259st\u0259yini davam etdir\u0259c\u0259k\u201d.<\/p>\n<p>\u201cReport\u201d x\u0259b\u0259r verir ki, bunu jurnalistl\u0259r\u0259 a\u00e7\u0131qlamas\u0131nda Avropa \u0130ttifaq\u0131n\u0131n (A\u0130) Az\u0259rbaycandak\u0131 n\u00fcmay\u0259nd\u0259liyinin r\u0259hb\u0259ri, s\u0259fir Peter Mixalko deyib.<\/p>\n<p>S\u0259fir xat\u0131rlad\u0131b ki, A\u0130 minat\u0259mizl\u0259m\u0259 sah\u0259sind\u0259 \u0259sas donorlardan biridir.<\/p>\n<p>\u201cAz\u0259rbaycanda bu proses\u0259 d\u0259st\u0259yimizi bundan sonra da davam etdir\u0259c\u0259yik\u201d, &#8211; o \u0259lav\u0259 edib.<\/p>\n","protected":false},"excerpt":{"rendered":"<p>\u201cAvropa \u0130ttifaq\u0131 Az\u0259rbaycanda minat\u0259mizl\u0259m\u0259 prosesin\u0259 d\u0259st\u0259yini davam etdir\u0259c\u0259k\u201d. \u201cReport\u201d x\u0259b\u0259r verir ki, bunu jurnalistl\u0259r\u0259 a\u00e7\u0131qlamas\u0131nda Avropa \u0130ttifaq\u0131n\u0131n (A\u0130) Az\u0259rbaycandak\u0131 n\u00fcmay\u0259nd\u0259liyinin r\u0259hb\u0259ri, s\u0259fir Peter Mixalko deyib. S\u0259fir xat\u0131rlad\u0131b ki, A\u0130 minat\u0259mizl\u0259m\u0259 sah\u0259sind\u0259 \u0259sas donorlardan biridir. \u201cAz\u0259rbaycanda bu proses\u0259 d\u0259st\u0259yimizi bundan sonra da davam etdir\u0259c\u0259yik\u201d, &#8211; o \u0259lav\u0259 edib.<\/p>\n","protected":false},"author":2,"featured_media":597027,"comment_status":"closed","ping_status":"closed","sticky":false,"template":"","format":"standard","meta":{"om_disable_all_campaigns":false,"_monsterinsights_skip_tracking":false,"_monsterinsights_sitenote_active":false,"_monsterinsights_sitenote_note":"","_monsterinsights_sitenote_category":0},"categories":[1],"tags":[],"aioseo_notices":[],"gutentor_comment":0,"rttpg_featured_image_url":{"full":["https:\/\/arantv.az\/wp-content\/uploads\/2023\/05\/318553957_2104806319710763_4123772930196201062_n.jpg",620,413,false],"landscape":["https:\/\/arantv.az\/wp-content\/uploads\/2023\/05\/318553957_2104806319710763_4123772930196201062_n.jpg",620,413,false],"portraits":["https:\/\/arantv.az\/wp-content\/uploads\/2023\/05\/318553957_2104806319710763_4123772930196201062_n.jpg",620,413,false],"thumbnail":["https:\/\/arantv.az\/wp-content\/uploads\/2023\/05\/318553957_2104806319710763_4123772930196201062_n-500x280.jpg",500,280,true],"medium":["https:\/\/arantv.az\/wp-content\/uploads\/2023\/05\/318553957_2104806319710763_4123772930196201062_n-548x365.jpg",548,365,true],"large":["https:\/\/arantv.az\/wp-content\/uploads\/2023\/05\/318553957_2104806319710763_4123772930196201062_n.jpg",620,413,false],"1536x1536":["https:\/\/arantv.az\/wp-content\/uploads\/2023\/05\/318553957_2104806319710763_4123772930196201062_n.jpg",620,413,false],"2048x2048":["https:\/\/arantv.az\/wp-content\/uploads\/2023\/05\/318553957_2104806319710763_4123772930196201062_n.jpg",620,413,false],"post-thumbnail":["https:\/\/arantv.az\/wp-content\/uploads\/2023\/05\/318553957_2104806319710763_4123772930196201062_n-240x172.jpg",240,172,true],"advps-thumb-one":["https:\/\/arantv.az\/wp-content\/uploads\/2023\/05\/318553957_2104806319710763_4123772930196201062_n.jpg",620,413,false]},"rttpg_author":{"display_name":"V\u00fcsal Rafiqo\u011flu","author_link":"https:\/\/arantv.az\/?author=2"},"rttpg_comment":0,"rttpg_category":"<a href=\"https:\/\/arantv.az\/?cat=1\" rel=\"category\">C\u0259miyy\u0259t<\/a>","rttpg_excerpt":"\u201cAvropa \u0130ttifaq\u0131 Az\u0259rbaycanda minat\u0259mizl\u0259m\u0259 prosesin\u0259 d\u0259st\u0259yini davam etdir\u0259c\u0259k\u201d. \u201cReport\u201d x\u0259b\u0259r verir ki, bunu jurnalistl\u0259r\u0259 a\u00e7\u0131qlamas\u0131nda Avropa \u0130ttifaq\u0131n\u0131n (A\u0130) Az\u0259rbaycandak\u0131 n\u00fcmay\u0259nd\u0259liyinin r\u0259hb\u0259ri, s\u0259fir Peter Mixalko deyib. S\u0259fir xat\u0131rlad\u0131b ki, A\u0130 minat\u0259mizl\u0259m\u0259 sah\u0259sind\u0259 \u0259sas donorlardan biridir. \u201cAz\u0259rbaycanda bu proses\u0259 d\u0259st\u0259yimizi bundan sonra da davam etdir\u0259c\u0259yik\u201d, &#8211; o \u0259lav\u0259 edib.","_links":{"self":[{"href":"https:\/\/arantv.az\/index.php?rest_route=\/wp\/v2\/posts\/597026"}],"collection":[{"href":"https:\/\/arantv.az\/index.php?rest_route=\/wp\/v2\/posts"}],"about":[{"href":"https:\/\/arantv.az\/index.php?rest_route=\/wp\/v2\/types\/post"}],"author":[{"embeddable":true,"href":"https:\/\/arantv.az\/index.php?rest_route=\/wp\/v2\/users\/2"}],"replies":[{"embeddable":true,"href":"https:\/\/arantv.az\/index.php?rest_route=%2Fwp%2Fv2%2Fcomments&post=597026"}],"version-history":[{"count":0,"href":"https:\/\/arantv.az\/index.php?rest_route=\/wp\/v2\/posts\/597026\/revisions"}],"wp:featuredmedia":[{"embeddable":true,"href":"https:\/\/arantv.az\/index.php?rest_route=\/wp\/v2\/media\/597027"}],"wp:attachment":[{"href":"https:\/\/arantv.az\/index.php?rest_route=%2Fwp%2Fv2%2Fmedia&parent=597026"}],"wp:term":[{"taxonomy":"category","embeddable":true,"href":"https:\/\/arantv.az\/index.php?rest_route=%2Fwp%2Fv2%2Fcategories&post=597026"},{"taxonomy":"post_tag","embeddable":true,"href":"https:\/\/arantv.az\/index.php?rest_route=%2Fwp%2Fv2%2Ftags&post=597026"}],"curies":[{"name":"wp","href":"https:\/\/api.w.org\/{rel}","templated":true}]}}