{"id":597032,"date":"2023-05-03T12:59:52","date_gmt":"2023-05-03T08:59:52","guid":{"rendered":"https:\/\/arantv.az\/?p=597032"},"modified":"2023-05-03T12:59:52","modified_gmt":"2023-05-03T08:59:52","slug":"bas-bankir-qlobal-iqtisadi-d%c9%99yisiklikl%c9%99rin-az%c9%99rbaycana-t%c9%99sirind%c9%99n-danisdi","status":"publish","type":"post","link":"https:\/\/arantv.az\/?p=597032","title":{"rendered":"Ba\u015f bankir qlobal iqtisadi d\u0259yi\u015fiklikl\u0259rin Az\u0259rbaycana t\u0259sirind\u0259n DANI\u015eDI"},"content":{"rendered":"<p>\u201cQlobal iqtisadi d\u0259yi\u015fiklikl\u0259r Az\u0259rbaycan iqtisadiyyat\u0131na ciddi t\u0259sir g\u00f6st\u0259rm\u0259yib\u201d.<\/p>\n<p>\u201cReport\u201d\u00a0x\u0259b\u0259r verir ki, bunu Az\u0259rbaycan M\u0259rk\u0259zi Bank\u0131n\u0131n (AMB) \u0130dar\u0259 Hey\u0259tinin s\u0259dri Taleh Kaz\u0131mov u\u00e7ot d\u0259r\u0259c\u0259sinin parametrl\u0259rind\u0259 d\u0259yi\u015fiklikl\u0259rl\u0259 ba\u011fl\u0131 ke\u00e7iril\u0259n m\u0259tbuat konfrans\u0131nda bildirib.<\/p>\n<p>Onun s\u00f6zl\u0259rin\u0259 g\u00f6r\u0259, d\u00fcnyan\u0131n apar\u0131c\u0131 banklar\u0131n\u0131n ikisinin ba\u011flanmas\u0131 maliyy\u0259 sektoruna, x\u00fcsus\u0259n d\u0259 onun investisiya c\u0259lbediciliyin\u0259 m\u0259nfi t\u0259sir g\u00f6st\u0259rir.<\/p>\n<p>\u201c\u018flb\u0259tt\u0259, Az\u0259rbaycan d\u00fcnya iqtisadiyyat\u0131n\u0131n bir hiss\u0259sidir, lakin bu faktlar\u0131n iqtisadiyyat\u0131m\u0131za he\u00e7 bir t\u0259siri olmay\u0131b\u201d, &#8211; dey\u0259 s\u0259dr qeyd edib.<\/p>\n<p>Ba\u015f bankir h\u0259m\u00e7inin bildirib ki, d\u00fcnyada inflyasiyan\u0131n azalmas\u0131na baxmayaraq, qlobal iqtisadiyyatda \u015foklar davam edir:<\/p>\n<p>\u201cBeyn\u0259lxalq t\u0259\u015fkilatlar\u0131n proqnozlar\u0131na g\u00f6r\u0259, qlobal inflyasiya yaln\u0131z 2025-ci ild\u0259 baza ssenarisin\u0259 qay\u0131dacaq\u201d.<\/p>\n","protected":false},"excerpt":{"rendered":"<p>\u201cQlobal iqtisadi d\u0259yi\u015fiklikl\u0259r Az\u0259rbaycan iqtisadiyyat\u0131na ciddi t\u0259sir g\u00f6st\u0259rm\u0259yib\u201d. \u201cReport\u201d\u00a0x\u0259b\u0259r verir ki, bunu Az\u0259rbaycan M\u0259rk\u0259zi Bank\u0131n\u0131n (AMB) \u0130dar\u0259 Hey\u0259tinin s\u0259dri Taleh Kaz\u0131mov u\u00e7ot d\u0259r\u0259c\u0259sinin parametrl\u0259rind\u0259 d\u0259yi\u015fiklikl\u0259rl\u0259 ba\u011fl\u0131 ke\u00e7iril\u0259n m\u0259tbuat konfrans\u0131nda bildirib. Onun s\u00f6zl\u0259rin\u0259 g\u00f6r\u0259, d\u00fcnyan\u0131n apar\u0131c\u0131 banklar\u0131n\u0131n ikisinin ba\u011flanmas\u0131 maliyy\u0259 sektoruna, x\u00fcsus\u0259n d\u0259 onun investisiya c\u0259lbediciliyin\u0259 m\u0259nfi t\u0259sir g\u00f6st\u0259rir. \u201c\u018flb\u0259tt\u0259, Az\u0259rbaycan d\u00fcnya iqtisadiyyat\u0131n\u0131n bir hiss\u0259sidir, lakin bu faktlar\u0131n iqtisadiyyat\u0131m\u0131za he\u00e7 bir t\u0259siri olmay\u0131b\u201d, &#8211; dey\u0259 s\u0259dr qeyd edib. Ba\u015f bankir h\u0259m\u00e7inin bildirib ki, d\u00fcnyada inflyasiyan\u0131n azalmas\u0131na baxmayaraq, qlobal iqtisadiyyatda \u015foklar davam edir: \u201cBeyn\u0259lxalq t\u0259\u015fkilatlar\u0131n proqnozlar\u0131na g\u00f6r\u0259, qlobal inflyasiya yaln\u0131z 2025-ci ild\u0259&hellip;<\/p>\n","protected":false},"author":2,"featured_media":597033,"comment_status":"closed","ping_status":"closed","sticky":false,"template":"","format":"standard","meta":{"om_disable_all_campaigns":false,"_monsterinsights_skip_tracking":false,"_monsterinsights_sitenote_active":false,"_monsterinsights_sitenote_note":"","_monsterinsights_sitenote_category":0},"categories":[19],"tags":[],"aioseo_notices":[],"gutentor_comment":0,"rttpg_featured_image_url":{"full":["https:\/\/arantv.az\/wp-content\/uploads\/2023\/05\/W7RSyplI2W13A4UlsIoXxpy30bxUfrUkBRKKr46s.jpg",620,413,false],"landscape":["https:\/\/arantv.az\/wp-content\/uploads\/2023\/05\/W7RSyplI2W13A4UlsIoXxpy30bxUfrUkBRKKr46s.jpg",620,413,false],"portraits":["https:\/\/arantv.az\/wp-content\/uploads\/2023\/05\/W7RSyplI2W13A4UlsIoXxpy30bxUfrUkBRKKr46s.jpg",620,413,false],"thumbnail":["https:\/\/arantv.az\/wp-content\/uploads\/2023\/05\/W7RSyplI2W13A4UlsIoXxpy30bxUfrUkBRKKr46s-500x280.jpg",500,280,true],"medium":["https:\/\/arantv.az\/wp-content\/uploads\/2023\/05\/W7RSyplI2W13A4UlsIoXxpy30bxUfrUkBRKKr46s-548x365.jpg",548,365,true],"large":["https:\/\/arantv.az\/wp-content\/uploads\/2023\/05\/W7RSyplI2W13A4UlsIoXxpy30bxUfrUkBRKKr46s.jpg",620,413,false],"1536x1536":["https:\/\/arantv.az\/wp-content\/uploads\/2023\/05\/W7RSyplI2W13A4UlsIoXxpy30bxUfrUkBRKKr46s.jpg",620,413,false],"2048x2048":["https:\/\/arantv.az\/wp-content\/uploads\/2023\/05\/W7RSyplI2W13A4UlsIoXxpy30bxUfrUkBRKKr46s.jpg",620,413,false],"post-thumbnail":["https:\/\/arantv.az\/wp-content\/uploads\/2023\/05\/W7RSyplI2W13A4UlsIoXxpy30bxUfrUkBRKKr46s-240x172.jpg",240,172,true],"advps-thumb-one":["https:\/\/arantv.az\/wp-content\/uploads\/2023\/05\/W7RSyplI2W13A4UlsIoXxpy30bxUfrUkBRKKr46s.jpg",620,413,false]},"rttpg_author":{"display_name":"V\u00fcsal Rafiqo\u011flu","author_link":"https:\/\/arantv.az\/?author=2"},"rttpg_comment":0,"rttpg_category":"<a href=\"https:\/\/arantv.az\/?cat=19\" rel=\"category\">G\u00fcnd\u0259m<\/a>","rttpg_excerpt":"\u201cQlobal iqtisadi d\u0259yi\u015fiklikl\u0259r Az\u0259rbaycan iqtisadiyyat\u0131na ciddi t\u0259sir g\u00f6st\u0259rm\u0259yib\u201d. \u201cReport\u201d\u00a0x\u0259b\u0259r verir ki, bunu Az\u0259rbaycan M\u0259rk\u0259zi Bank\u0131n\u0131n (AMB) \u0130dar\u0259 Hey\u0259tinin s\u0259dri Taleh Kaz\u0131mov u\u00e7ot d\u0259r\u0259c\u0259sinin parametrl\u0259rind\u0259 d\u0259yi\u015fiklikl\u0259rl\u0259 ba\u011fl\u0131 ke\u00e7iril\u0259n m\u0259tbuat konfrans\u0131nda bildirib. Onun s\u00f6zl\u0259rin\u0259 g\u00f6r\u0259, d\u00fcnyan\u0131n apar\u0131c\u0131 banklar\u0131n\u0131n ikisinin ba\u011flanmas\u0131 maliyy\u0259 sektoruna, x\u00fcsus\u0259n d\u0259 onun investisiya c\u0259lbediciliyin\u0259 m\u0259nfi t\u0259sir g\u00f6st\u0259rir. \u201c\u018flb\u0259tt\u0259, Az\u0259rbaycan d\u00fcnya iqtisadiyyat\u0131n\u0131n bir hiss\u0259sidir, lakin&hellip;","_links":{"self":[{"href":"https:\/\/arantv.az\/index.php?rest_route=\/wp\/v2\/posts\/597032"}],"collection":[{"href":"https:\/\/arantv.az\/index.php?rest_route=\/wp\/v2\/posts"}],"about":[{"href":"https:\/\/arantv.az\/index.php?rest_route=\/wp\/v2\/types\/post"}],"author":[{"embeddable":true,"href":"https:\/\/arantv.az\/index.php?rest_route=\/wp\/v2\/users\/2"}],"replies":[{"embeddable":true,"href":"https:\/\/arantv.az\/index.php?rest_route=%2Fwp%2Fv2%2Fcomments&post=597032"}],"version-history":[{"count":0,"href":"https:\/\/arantv.az\/index.php?rest_route=\/wp\/v2\/posts\/597032\/revisions"}],"wp:featuredmedia":[{"embeddable":true,"href":"https:\/\/arantv.az\/index.php?rest_route=\/wp\/v2\/media\/597033"}],"wp:attachment":[{"href":"https:\/\/arantv.az\/index.php?rest_route=%2Fwp%2Fv2%2Fmedia&parent=597032"}],"wp:term":[{"taxonomy":"category","embeddable":true,"href":"https:\/\/arantv.az\/index.php?rest_route=%2Fwp%2Fv2%2Fcategories&post=597032"},{"taxonomy":"post_tag","embeddable":true,"href":"https:\/\/arantv.az\/index.php?rest_route=%2Fwp%2Fv2%2Ftags&post=597032"}],"curies":[{"name":"wp","href":"https:\/\/api.w.org\/{rel}","templated":true}]}}