{"id":597035,"date":"2023-05-03T13:00:27","date_gmt":"2023-05-03T09:00:27","guid":{"rendered":"https:\/\/arantv.az\/?p=597035"},"modified":"2023-05-03T13:00:27","modified_gmt":"2023-05-03T09:00:27","slug":"vasinqton-m%c9%99rk%c9%99zli-danisiqlar-brusseld%c9%99ki-m%c9%99ntiqi-h%c9%99lq%c9%99-rusiyanin-reaksiyasi-t%c9%99hlil-foto","status":"publish","type":"post","link":"https:\/\/arantv.az\/?p=597035","title":{"rendered":"Va\u015finqton m\u0259rk\u0259zli dan\u0131\u015f\u0131qlar, Br\u00fcsseld\u0259ki m\u0259ntiqi h\u0259lq\u0259, Rusiyan\u0131n reaksiyas\u0131 &#8211; T\u018fHL\u0130L + FOTO"},"content":{"rendered":"<p>Az\u0259rbaycan\u0131n xarici i\u015fl\u0259r naziri Ceyhun Bayramovla erm\u0259nistanl\u0131 h\u0259mkar\u0131 Ararat Mirzoyan\u0131n Va\u015finqtondak\u0131 dan\u0131\u015f\u0131qlar\u0131 \u00fczr\u0259 qar\u015f\u0131da heyr\u0259tamiz m\u0259nz\u0259r\u0259 a\u00e7\u0131laca\u011f\u0131n\u0131 s\u00f6yl\u0259m\u0259k h\u0259l\u0259 tezdir.<\/p>\n<p>H\u0259r\u00e7\u0259nd, AB\u015e-nin moderatolu\u011fu il\u0259 ba\u015f tutan dan\u0131\u015f\u0131qlar\u0131n bud\u0259f\u0259ki raundu daha m\u0259hsuldard\u0131r v\u0259 geni\u015fspektrli m\u00fczakir\u0259l\u0259r \u00fc\u00e7\u00fcn f\u00f6vq\u0259lad\u0259 f\u00fcrs\u0259tl\u0259r t\u0259qdim edir.<\/p>\n<p>\u0130ndi Va\u015finqton \u00fc\u00e7\u00fcn vacib m\u0259ram Az\u0259rbaycan-Erm\u0259nistan m\u00fcnasib\u0259tl\u0259rinin normalla\u015fmas\u0131 \u00fczr\u0259 r\u0131\u00e7aqlar\u0131 \u0259l\u0259 al\u0131b C\u0259nubi Qafqazdak\u0131 k\u00f6vr\u0259k ipl\u0259rini m\u00f6hk\u0259ml\u0259ndirm\u0259kdir.<\/p>\n<p>A\u011f Ev, onsuz da, bilir ki, t\u0259kba\u015f\u0131na g\u00fcnd\u0259lik formala\u015fd\u0131rmaqda \u00e7\u0259tinlik \u00e7\u0259kir, \u00e7\u00fcnki Rusiyan\u0131n regiondak\u0131 tarixi v\u0259 siyasi siray\u0259tinin k\u00f6k atmas\u0131 Va\u015finqtonun birba\u015fa m\u00fcdaxil\u0259 imkanlar\u0131n\u0131 azald\u0131r.<\/p>\n<p>Ona g\u00f6r\u0259 d\u0259 AB\u015e Q\u0259rbin birl\u0259\u015fmi\u015f h\u0259rbi g\u00fcc\u00fc NATO-nun total \u015f\u0259kild\u0259 regiondak\u0131 aktivl\u0259rini art\u0131rmas\u0131n\u0131 ist\u0259yir \u2013 bu, m\u0259suliyy\u0259t v\u0259 t\u0259hl\u00fck\u0259sizlik y\u00fck\u00fcn\u00fcn b\u00f6l\u00fc\u015fd\u00fcr\u00fclm\u0259si bax\u0131m\u0131ndan d\u00fczg\u00fcn yana\u015fma hesab oluna bil\u0259r.<\/p>\n<p>Bayramov-Mirzoyan dan\u0131\u015f\u0131qlar\u0131n\u0131n davam etdiyi zamanda Prezident\u00a0<strong>\u0130lham \u018fliyev<\/strong>in k\u00f6m\u0259k\u00e7isi Hikm\u0259t Hac\u0131yevin Br\u00fcsseld\u0259 NATO m\u0259nzil-q\u0259rargah\u0131nda apard\u0131\u011f\u0131 m\u00fczakir\u0259l\u0259r diqq\u0259t \u00e7\u0259kir.<\/p>\n<p>Bu, Va\u015finqtonda Az\u0259rbaycan-Erm\u0259nistan ba\u015f diplomatlar\u0131n\u0131n m\u00fczakir\u0259sinin m\u0259ntiqi h\u0259lq\u0259sidir v\u0259 Bak\u0131n\u0131n Q\u0259rbl\u0259 oriyentasiyas\u0131n\u0131 g\u00fccl\u0259ndir\u0259n faktora \u00e7evirir.<\/p>\n<p>Hac\u0131yevin NATO ba\u015f katibinin k\u0259\u015ffiyyat v\u0259 t\u0259hl\u00fck\u0259sizlik m\u0259s\u0259l\u0259l\u0259ri \u00fczr\u0259 k\u00f6m\u0259k\u00e7isi Devid Katlerl\u0259 g\u00f6r\u00fc\u015f\u00fc Az\u0259rbaycan-Erm\u0259nistan m\u00fcnasib\u0259tl\u0259rind\u0259ki g\u0259rgin aspektl\u0259r v\u0259 ya onun n\u0259tic\u0259l\u0259ri \u00fczr\u0259 Alyans\u0131n regiondak\u0131 \u0259hat\u0259 dair\u0259sini d\u0259qiql\u0259\u015fdirm\u0259y\u0259 xidm\u0259t edir.<\/p>\n<p><img src=\"https:\/\/cdn.oxu.az\/uploads\/W1siZiIsIjIwMjMvMDUvMDMvMTEvMzYvMDIvNzc3YjZjMjktZDAyZC00ZDIwLTkyOGItZWY1OTkzZDk3YzYzL0Z2SFZ1c1VXd0FFUVZxbC5qcGciXSxbInAiLCJlbmNvZGUiLCJqcGciLCItcXVhbGl0eSA4MCJdLFsicCIsInRodW1iIiwiNTkweDU5MFx1MDAzZSJdXQ?sha=ed101b7395a4d043\" alt=\"\" \/><\/p>\n<p>M\u0259ntiql\u0259, AB\u015e D\u00f6vl\u0259t katibi Antoni Blinkenin vasit\u0259\u00e7iliyi il\u0259 ke\u00e7iril\u0259n Bayramov-Mirzoyan g\u00f6r\u00fc\u015f\u00fc kompleks \u015f\u0259kild\u0259 NATO-nun perspektiv davran\u0131\u015flar\u0131 \u00fc\u00e7\u00fcn yol x\u0259rit\u0259si kimi t\u0259qdim edil\u0259 bil\u0259r.<\/p>\n<p>M\u0259s\u0259l\u0259 t\u0259kc\u0259 Bak\u0131 il\u0259 \u0130r\u0259van\u0131n yana\u015fmalar\u0131ndak\u0131 m\u00f6vqel\u0259ri yax\u0131nla\u015fd\u0131rmaqda da deyil, daha geni\u015f planda regional oyun\u00e7ular\u0131n i\u00e7\u0259risind\u0259 hans\u0131n\u0131n rolunun azald\u0131l\u0131b, hans\u0131n\u0131n \u00e7oxald\u0131laca\u011f\u0131 parametrl\u0259rini \u00f6z\u00fcnd\u0259 c\u0259ml\u0259\u015fdirir.<\/p>\n<p>H\u0259r halda, Va\u015finqtondak\u0131 dan\u0131\u015f\u0131qlar Az\u0259rbaycan\u0131n Erm\u0259nistan\u0131n v\u0259 ona havadar olan q\u00fcvv\u0259l\u0259rin f\u0259aliyy\u0259tl\u0259rin\u0259 qar\u015f\u0131 heyr\u0259tamiz d\u0259r\u0259c\u0259d\u0259 s\u0259birli oldu\u011funu g\u00f6st\u0259rir, sonrak\u0131 prosesl\u0259rin mahiyy\u0259ti is\u0259 dan\u0131\u015f\u0131qlarda hans\u0131 raz\u0131l\u0131qlar\u0131n \u0259ld\u0259 edilm\u0259si il\u0259 a\u00e7\u0131lacaq.<\/p>\n<p>Va\u015finqton, y\u0259qin ki, f\u0259aliyy\u0259tind\u0259ki aktivliyi art\u0131rmaqdan \u00f6tr\u00fc Bak\u0131-\u0130r\u0259van s\u00fclh proqram\u0131n\u0131n t\u0259hl\u00fck\u0259sizlikd\u0259n tutmu\u015f siyasi aspektl\u0259rin\u0259 q\u0259d\u0259r ortaya s\u0259n\u0259d qoyma\u011f\u0131 planla\u015fd\u0131r\u0131r.<\/p>\n<p>Bu, Bayramovla Mirzoyan\u0131n dan\u0131\u015f\u0131qlar\u0131n\u0131n diplomatik n\u0259tic\u0259si olaraq b\u0259yanatdan da \u00fcst\u00fcn say\u0131la bil\u0259c\u0259k m\u00f6vqenin s\u0259sl\u0259n\u0259 bil\u0259c\u0259yi ehtimal\u0131n\u0131 art\u0131r\u0131r.<\/p>\n<p>Ancaq Bayramov-Mirzoyan m\u00fczakir\u0259l\u0259rind\u0259n sonra regionda s\u00fclh auras\u0131n\u0131 korlayacaq ziddiyy\u0259tli siqnallar v\u0259 h\u0259r\u0259k\u0259tlilik ola bil\u0259r.<\/p>\n<p>Burada diqq\u0259t Rusiyaya y\u00f6n\u0259lir, \u0259g\u0259r Moskva Va\u015finqton dan\u0131\u015f\u0131qlar\u0131ndan m\u0259mnun qalmasa, b\u00f6lg\u0259nin t\u0259hl\u00fck\u0259sizlik arxitekturas\u0131ndak\u0131 v\u0259ziyy\u0259tin \u00fcz\u0259rini dumanlar ala bil\u0259r.<\/p>\n<p>Y\u0259ni t\u0259kc\u0259 Az\u0259rbaycan-Erm\u0259nistan g\u00fcnd\u0259liyinin s\u00fclhl\u0259 yekunla\u015fmas\u0131n\u0131 t\u0259xir\u0259 salmaq planlar\u0131 g\u00f6z \u00f6n\u00fcnd\u0259 canlanmamal\u0131d\u0131r, h\u0259m d\u0259 Moskvan\u0131n G\u00fcrc\u00fcstan \u00fczr\u0259 niyy\u0259tl\u0259ri yeni istiqam\u0259t ala bil\u0259r.<\/p>\n<p>H\u0259r halda, Rusiyan\u0131n Va\u015finqton dan\u0131\u015f\u0131qlar\u0131na verdiyi q\u0131sqanc reaksiyalardan g\u0259l\u0259c\u0259k motivl\u0259ri oxumaq olar, h\u0259tta Kreml Qaraba\u011fdak\u0131 Ruben Vardanyan obraz\u0131n\u0131 yenid\u0259n dirild\u0259r\u0259k g\u00fcnd\u0259m\u0259 da\u015f\u0131y\u0131r.<\/p>\n<p>Art\u0131q Ruben Vardanyan Rusiya siyas\u0259tinin informasiya strategiyas\u0131nda rol oynayan RBK-nin efirind\u0259 m\u00fcsahib\u0259 verib, g\u00f6r\u00fcn\u00fcr ki, Kreml bununla Bak\u0131ya, \u0130r\u0259vana v\u0259 onlar\u0131n bir araya g\u0259ldiyi Va\u015finqtona mesaj \u00f6t\u00fcr\u00fcr.<\/p>\n<p>Az\u0259rbaycan v\u0259 Erm\u0259nistan X\u0130N ba\u015f\u00e7\u0131lar\u0131n\u0131n Va\u015finqtondan sonrak\u0131 dan\u0131\u015f\u0131qlar\u0131n\u0131n n\u00f6vb\u0259ti qalas\u0131 Moskva ola bil\u0259r, strateji hissiyyatlar deyir ki, Kremlin qura\u015fd\u0131rd\u0131\u011f\u0131 dan\u0131\u015f\u0131qlar masas\u0131 daha g\u0259rgin m\u00fczakir\u0259l\u0259rl\u0259 yadda qalacaq.<\/p>\n<p>\u00c7\u00fcnki Erm\u0259nistan\u0131n eyni anda iki stulda oturmaq v\u0259rdi\u015fl\u0259ri s\u0259ngim\u0259yib, \u00fcst\u0259g\u0259l \u0130r\u0259van\u0131n geni\u015f miqyasda Az\u0259rbaycan\u0131n \u015f\u0259rtl\u0259ri il\u0259 raz\u0131la\u015faca\u011f\u0131n\u0131 d\u00fc\u015f\u00fcnm\u0259k d\u0259 sad\u0259l\u00f6vhl\u00fck olard\u0131.<\/p>\n<p>Ona g\u00f6r\u0259 d\u0259 Moskva m\u00fcbahis\u0259li m\u0259qamlar\u0131 bir h\u0259dd\u0259 q\u0259d\u0259r qabartma\u011f\u0131 v\u0259 sonra onun idar\u0259 edilm\u0259si \u00fczr\u0259 d\u00fcsturlar\u0131n\u0131 g\u00fcnd\u0259md\u0259 saxlayacaq.<\/p>\n<p>Va\u015finqtondak\u0131 g\u00f6r\u00fc\u015fl\u0259ri q\u0131sqanan Moskva diplomatik s\u0259yl\u0259rini v\u0259 Az\u0259rbaycan-Rusiya-Erm\u0259nistan \u00fc\u00e7t\u0259r\u0259fli raz\u0131la\u015fmalar\u0131n\u0131n icras\u0131n\u0131 s\u00fcr\u0259tl\u0259ndirm\u0259k \u00fc\u00e7\u00fcn d\u0259 \u00e7al\u0131\u015facaq ki, Q\u0259rbin vasit\u0259\u00e7ilikl\u0259rini kompensasiya etsin.<\/p>\n<p>Va\u015finqton is\u0259 insan h\u00fcquqlar\u0131 \u00fczr\u0259 m\u0259s\u0259l\u0259l\u0259ri Qaraba\u011f\u0131n erm\u0259ni \u0259halisi \u00fcz\u0259rin\u0259 proyeksiya ed\u0259r\u0259k Rusiyaya qar\u015f\u0131 h\u0259ml\u0259 kimi davam etdirm\u0259kd\u0259 maraql\u0131d\u0131r.<\/p>\n<p>Bel\u0259likl\u0259, m\u00fctl\u0259q s\u00fclh\u0259 getm\u0259k \u00fc\u00e7\u00fcn bir q\u0259d\u0259r d\u0259 m\u0259saf\u0259 q\u0259t edilm\u0259lidir&#8230;<\/p>\n","protected":false},"excerpt":{"rendered":"<p>Az\u0259rbaycan\u0131n xarici i\u015fl\u0259r naziri Ceyhun Bayramovla erm\u0259nistanl\u0131 h\u0259mkar\u0131 Ararat Mirzoyan\u0131n Va\u015finqtondak\u0131 dan\u0131\u015f\u0131qlar\u0131 \u00fczr\u0259 qar\u015f\u0131da heyr\u0259tamiz m\u0259nz\u0259r\u0259 a\u00e7\u0131laca\u011f\u0131n\u0131 s\u00f6yl\u0259m\u0259k h\u0259l\u0259 tezdir. H\u0259r\u00e7\u0259nd, AB\u015e-nin moderatolu\u011fu il\u0259 ba\u015f tutan dan\u0131\u015f\u0131qlar\u0131n bud\u0259f\u0259ki raundu daha m\u0259hsuldard\u0131r v\u0259 geni\u015fspektrli m\u00fczakir\u0259l\u0259r \u00fc\u00e7\u00fcn f\u00f6vq\u0259lad\u0259 f\u00fcrs\u0259tl\u0259r t\u0259qdim edir. \u0130ndi Va\u015finqton \u00fc\u00e7\u00fcn vacib m\u0259ram Az\u0259rbaycan-Erm\u0259nistan m\u00fcnasib\u0259tl\u0259rinin normalla\u015fmas\u0131 \u00fczr\u0259 r\u0131\u00e7aqlar\u0131 \u0259l\u0259 al\u0131b C\u0259nubi Qafqazdak\u0131 k\u00f6vr\u0259k ipl\u0259rini m\u00f6hk\u0259ml\u0259ndirm\u0259kdir. A\u011f Ev, onsuz da, bilir ki, t\u0259kba\u015f\u0131na g\u00fcnd\u0259lik formala\u015fd\u0131rmaqda \u00e7\u0259tinlik \u00e7\u0259kir, \u00e7\u00fcnki Rusiyan\u0131n regiondak\u0131 tarixi v\u0259 siyasi siray\u0259tinin k\u00f6k atmas\u0131 Va\u015finqtonun birba\u015fa m\u00fcdaxil\u0259 imkanlar\u0131n\u0131 azald\u0131r. Ona g\u00f6r\u0259 d\u0259 AB\u015e Q\u0259rbin birl\u0259\u015fmi\u015f h\u0259rbi g\u00fcc\u00fc NATO-nun&hellip;<\/p>\n","protected":false},"author":2,"featured_media":597036,"comment_status":"closed","ping_status":"closed","sticky":false,"template":"","format":"standard","meta":{"om_disable_all_campaigns":false,"_monsterinsights_skip_tracking":false,"_monsterinsights_sitenote_active":false,"_monsterinsights_sitenote_note":"","_monsterinsights_sitenote_category":0},"categories":[4],"tags":[],"aioseo_notices":[],"gutentor_comment":0,"rttpg_featured_image_url":{"full":["https:\/\/arantv.az\/wp-content\/uploads\/2023\/05\/FvER8GOWIAQIhMd.jpg",620,413,false],"landscape":["https:\/\/arantv.az\/wp-content\/uploads\/2023\/05\/FvER8GOWIAQIhMd.jpg",620,413,false],"portraits":["https:\/\/arantv.az\/wp-content\/uploads\/2023\/05\/FvER8GOWIAQIhMd.jpg",620,413,false],"thumbnail":["https:\/\/arantv.az\/wp-content\/uploads\/2023\/05\/FvER8GOWIAQIhMd-500x280.jpg",500,280,true],"medium":["https:\/\/arantv.az\/wp-content\/uploads\/2023\/05\/FvER8GOWIAQIhMd-548x365.jpg",548,365,true],"large":["https:\/\/arantv.az\/wp-content\/uploads\/2023\/05\/FvER8GOWIAQIhMd.jpg",620,413,false],"1536x1536":["https:\/\/arantv.az\/wp-content\/uploads\/2023\/05\/FvER8GOWIAQIhMd.jpg",620,413,false],"2048x2048":["https:\/\/arantv.az\/wp-content\/uploads\/2023\/05\/FvER8GOWIAQIhMd.jpg",620,413,false],"post-thumbnail":["https:\/\/arantv.az\/wp-content\/uploads\/2023\/05\/FvER8GOWIAQIhMd-240x172.jpg",240,172,true],"advps-thumb-one":["https:\/\/arantv.az\/wp-content\/uploads\/2023\/05\/FvER8GOWIAQIhMd.jpg",620,413,false]},"rttpg_author":{"display_name":"V\u00fcsal Rafiqo\u011flu","author_link":"https:\/\/arantv.az\/?author=2"},"rttpg_comment":0,"rttpg_category":"<a href=\"https:\/\/arantv.az\/?cat=4\" rel=\"category\">Siyas\u0259t<\/a>","rttpg_excerpt":"Az\u0259rbaycan\u0131n xarici i\u015fl\u0259r naziri Ceyhun Bayramovla erm\u0259nistanl\u0131 h\u0259mkar\u0131 Ararat Mirzoyan\u0131n Va\u015finqtondak\u0131 dan\u0131\u015f\u0131qlar\u0131 \u00fczr\u0259 qar\u015f\u0131da heyr\u0259tamiz m\u0259nz\u0259r\u0259 a\u00e7\u0131laca\u011f\u0131n\u0131 s\u00f6yl\u0259m\u0259k h\u0259l\u0259 tezdir. H\u0259r\u00e7\u0259nd, AB\u015e-nin moderatolu\u011fu il\u0259 ba\u015f tutan dan\u0131\u015f\u0131qlar\u0131n bud\u0259f\u0259ki raundu daha m\u0259hsuldard\u0131r v\u0259 geni\u015fspektrli m\u00fczakir\u0259l\u0259r \u00fc\u00e7\u00fcn f\u00f6vq\u0259lad\u0259 f\u00fcrs\u0259tl\u0259r t\u0259qdim edir. \u0130ndi Va\u015finqton \u00fc\u00e7\u00fcn vacib m\u0259ram Az\u0259rbaycan-Erm\u0259nistan m\u00fcnasib\u0259tl\u0259rinin normalla\u015fmas\u0131 \u00fczr\u0259 r\u0131\u00e7aqlar\u0131 \u0259l\u0259 al\u0131b C\u0259nubi Qafqazdak\u0131 k\u00f6vr\u0259k ipl\u0259rini&hellip;","_links":{"self":[{"href":"https:\/\/arantv.az\/index.php?rest_route=\/wp\/v2\/posts\/597035"}],"collection":[{"href":"https:\/\/arantv.az\/index.php?rest_route=\/wp\/v2\/posts"}],"about":[{"href":"https:\/\/arantv.az\/index.php?rest_route=\/wp\/v2\/types\/post"}],"author":[{"embeddable":true,"href":"https:\/\/arantv.az\/index.php?rest_route=\/wp\/v2\/users\/2"}],"replies":[{"embeddable":true,"href":"https:\/\/arantv.az\/index.php?rest_route=%2Fwp%2Fv2%2Fcomments&post=597035"}],"version-history":[{"count":0,"href":"https:\/\/arantv.az\/index.php?rest_route=\/wp\/v2\/posts\/597035\/revisions"}],"wp:featuredmedia":[{"embeddable":true,"href":"https:\/\/arantv.az\/index.php?rest_route=\/wp\/v2\/media\/597036"}],"wp:attachment":[{"href":"https:\/\/arantv.az\/index.php?rest_route=%2Fwp%2Fv2%2Fmedia&parent=597035"}],"wp:term":[{"taxonomy":"category","embeddable":true,"href":"https:\/\/arantv.az\/index.php?rest_route=%2Fwp%2Fv2%2Fcategories&post=597035"},{"taxonomy":"post_tag","embeddable":true,"href":"https:\/\/arantv.az\/index.php?rest_route=%2Fwp%2Fv2%2Ftags&post=597035"}],"curies":[{"name":"wp","href":"https:\/\/api.w.org\/{rel}","templated":true}]}}