{"id":598005,"date":"2023-05-05T09:58:00","date_gmt":"2023-05-05T05:58:00","guid":{"rendered":"https:\/\/arantv.az\/?p=598005"},"modified":"2023-05-05T09:58:00","modified_gmt":"2023-05-05T05:58:00","slug":"beyl%c9%99qanda-avtomobil-asib-iki-n%c9%99f%c9%99r-olub","status":"publish","type":"post","link":"https:\/\/arantv.az\/?p=598005","title":{"rendered":"Beyl\u0259qanda avtomobil a\u015f\u0131b, iki n\u0259f\u0259r \u00f6l\u00fcb"},"content":{"rendered":"<p>Beyl\u0259qanda \u00f6l\u00fcml\u0259 n\u0259tic\u0259l\u0259n\u0259n yol-n\u0259qliyyat hadis\u0259si qeyd\u0259 al\u0131n\u0131b.<\/p>\n<p>APA\u00a0x\u0259b\u0259r verir ki, Q\u0259hr\u0259manl\u0131 k\u0259ndind\u0259 1994-c\u00fc il t\u0259v\u0259ll\u00fcdl\u00fc \u018fyyub Salahl\u0131n\u0131n idar\u0259 etdiyi \u201cMercedes\u201d markal\u0131 avtomobil idar\u0259etm\u0259ni itir\u0259r\u0259k a\u015f\u0131b.<\/p>\n<p>N\u0259tic\u0259d\u0259 avtomobild\u0259 olan 2001-ci il t\u0259v\u0259ll\u00fcdl\u00fc R\u0259\u015fad Orucov v\u0259 1995-ci il t\u0259v\u0259ll\u00fcdl\u00fc Eltun Xudiyev \u00f6l\u00fcbl\u0259r. S\u00fcr\u00fcc\u00fc \u018fyyub Salahl\u0131 is\u0259 x\u0259sar\u0259t al\u0131b.<\/p>\n<p>Faktla ba\u011fl\u0131 ara\u015fd\u0131rma apar\u0131l\u0131r.<\/p>\n","protected":false},"excerpt":{"rendered":"<p>Beyl\u0259qanda \u00f6l\u00fcml\u0259 n\u0259tic\u0259l\u0259n\u0259n yol-n\u0259qliyyat hadis\u0259si qeyd\u0259 al\u0131n\u0131b. APA\u00a0x\u0259b\u0259r verir ki, Q\u0259hr\u0259manl\u0131 k\u0259ndind\u0259 1994-c\u00fc il t\u0259v\u0259ll\u00fcdl\u00fc \u018fyyub Salahl\u0131n\u0131n idar\u0259 etdiyi \u201cMercedes\u201d markal\u0131 avtomobil idar\u0259etm\u0259ni itir\u0259r\u0259k a\u015f\u0131b. N\u0259tic\u0259d\u0259 avtomobild\u0259 olan 2001-ci il t\u0259v\u0259ll\u00fcdl\u00fc R\u0259\u015fad Orucov v\u0259 1995-ci il t\u0259v\u0259ll\u00fcdl\u00fc Eltun Xudiyev \u00f6l\u00fcbl\u0259r. S\u00fcr\u00fcc\u00fc \u018fyyub Salahl\u0131 is\u0259 x\u0259sar\u0259t al\u0131b. Faktla ba\u011fl\u0131 ara\u015fd\u0131rma apar\u0131l\u0131r.<\/p>\n","protected":false},"author":2,"featured_media":598006,"comment_status":"closed","ping_status":"closed","sticky":false,"template":"","format":"standard","meta":{"om_disable_all_campaigns":false,"_monsterinsights_skip_tracking":false,"_monsterinsights_sitenote_active":false,"_monsterinsights_sitenote_note":"","_monsterinsights_sitenote_category":0},"categories":[5],"tags":[],"aioseo_notices":[],"gutentor_comment":0,"rttpg_featured_image_url":{"full":["https:\/\/arantv.az\/wp-content\/uploads\/2023\/05\/FotoJet-2022-03-09T180657.788.jpg",620,413,false],"landscape":["https:\/\/arantv.az\/wp-content\/uploads\/2023\/05\/FotoJet-2022-03-09T180657.788.jpg",620,413,false],"portraits":["https:\/\/arantv.az\/wp-content\/uploads\/2023\/05\/FotoJet-2022-03-09T180657.788.jpg",620,413,false],"thumbnail":["https:\/\/arantv.az\/wp-content\/uploads\/2023\/05\/FotoJet-2022-03-09T180657.788-500x280.jpg",500,280,true],"medium":["https:\/\/arantv.az\/wp-content\/uploads\/2023\/05\/FotoJet-2022-03-09T180657.788-548x365.jpg",548,365,true],"large":["https:\/\/arantv.az\/wp-content\/uploads\/2023\/05\/FotoJet-2022-03-09T180657.788.jpg",620,413,false],"1536x1536":["https:\/\/arantv.az\/wp-content\/uploads\/2023\/05\/FotoJet-2022-03-09T180657.788.jpg",620,413,false],"2048x2048":["https:\/\/arantv.az\/wp-content\/uploads\/2023\/05\/FotoJet-2022-03-09T180657.788.jpg",620,413,false],"post-thumbnail":["https:\/\/arantv.az\/wp-content\/uploads\/2023\/05\/FotoJet-2022-03-09T180657.788-240x172.jpg",240,172,true],"advps-thumb-one":["https:\/\/arantv.az\/wp-content\/uploads\/2023\/05\/FotoJet-2022-03-09T180657.788.jpg",620,413,false]},"rttpg_author":{"display_name":"V\u00fcsal Rafiqo\u011flu","author_link":"https:\/\/arantv.az\/?author=2"},"rttpg_comment":0,"rttpg_category":"<a href=\"https:\/\/arantv.az\/?cat=5\" rel=\"category\">Hadis\u0259<\/a>","rttpg_excerpt":"Beyl\u0259qanda \u00f6l\u00fcml\u0259 n\u0259tic\u0259l\u0259n\u0259n yol-n\u0259qliyyat hadis\u0259si qeyd\u0259 al\u0131n\u0131b. APA\u00a0x\u0259b\u0259r verir ki, Q\u0259hr\u0259manl\u0131 k\u0259ndind\u0259 1994-c\u00fc il t\u0259v\u0259ll\u00fcdl\u00fc \u018fyyub Salahl\u0131n\u0131n idar\u0259 etdiyi \u201cMercedes\u201d markal\u0131 avtomobil idar\u0259etm\u0259ni itir\u0259r\u0259k a\u015f\u0131b. N\u0259tic\u0259d\u0259 avtomobild\u0259 olan 2001-ci il t\u0259v\u0259ll\u00fcdl\u00fc R\u0259\u015fad Orucov v\u0259 1995-ci il t\u0259v\u0259ll\u00fcdl\u00fc Eltun Xudiyev \u00f6l\u00fcbl\u0259r. S\u00fcr\u00fcc\u00fc \u018fyyub Salahl\u0131 is\u0259 x\u0259sar\u0259t al\u0131b. Faktla ba\u011fl\u0131 ara\u015fd\u0131rma apar\u0131l\u0131r.","_links":{"self":[{"href":"https:\/\/arantv.az\/index.php?rest_route=\/wp\/v2\/posts\/598005"}],"collection":[{"href":"https:\/\/arantv.az\/index.php?rest_route=\/wp\/v2\/posts"}],"about":[{"href":"https:\/\/arantv.az\/index.php?rest_route=\/wp\/v2\/types\/post"}],"author":[{"embeddable":true,"href":"https:\/\/arantv.az\/index.php?rest_route=\/wp\/v2\/users\/2"}],"replies":[{"embeddable":true,"href":"https:\/\/arantv.az\/index.php?rest_route=%2Fwp%2Fv2%2Fcomments&post=598005"}],"version-history":[{"count":0,"href":"https:\/\/arantv.az\/index.php?rest_route=\/wp\/v2\/posts\/598005\/revisions"}],"wp:featuredmedia":[{"embeddable":true,"href":"https:\/\/arantv.az\/index.php?rest_route=\/wp\/v2\/media\/598006"}],"wp:attachment":[{"href":"https:\/\/arantv.az\/index.php?rest_route=%2Fwp%2Fv2%2Fmedia&parent=598005"}],"wp:term":[{"taxonomy":"category","embeddable":true,"href":"https:\/\/arantv.az\/index.php?rest_route=%2Fwp%2Fv2%2Fcategories&post=598005"},{"taxonomy":"post_tag","embeddable":true,"href":"https:\/\/arantv.az\/index.php?rest_route=%2Fwp%2Fv2%2Ftags&post=598005"}],"curies":[{"name":"wp","href":"https:\/\/api.w.org\/{rel}","templated":true}]}}