{"id":598800,"date":"2023-05-08T12:19:07","date_gmt":"2023-05-08T08:19:07","guid":{"rendered":"https:\/\/arantv.az\/?p=598800"},"modified":"2023-05-08T12:19:07","modified_gmt":"2023-05-08T08:19:07","slug":"konullu-olaraq-ozunu-az%c9%99rbaycanciliga-h%c9%99sr-etmis-lider-foto","status":"publish","type":"post","link":"https:\/\/arantv.az\/?p=598800","title":{"rendered":"K\u00f6n\u00fcll\u00fc olaraq \u00f6z\u00fcn\u00fc az\u0259rbaycan\u00e7\u0131l\u0131\u011fa h\u0259sr etmi\u015f lider &#8211; FOTO"},"content":{"rendered":"<p>Bu il xalq\u0131m\u0131z \u00fcmummilli lider Heyd\u0259r \u018fliyevin anadan olmas\u0131n\u0131n 100-c\u00fc ild\u00f6n\u00fcm\u00fcn\u00fc \u00f6lk\u0259miz \u00fc\u00e7\u00fcn Z\u0259f\u0259r tarixi kimi yadda\u015flara yaz\u0131lan \u0259lam\u0259tdar d\u00f6vrd\u0259 &#8211; do\u011fma Qaraba\u011f\u0131m\u0131z\u0131n b\u0259rpas\u0131 v\u0259 yenid\u0259n \u00e7i\u00e7\u0259kl\u0259nm\u0259si il\u0259 paralel b\u00f6y\u00fck co\u015fqu v\u0259 t\u0259nt\u0259n\u0259 il\u0259 qeyd edir.<\/p>\n<p>Sars\u0131lmaz \u0259qid\u0259y\u0259, m\u00f6hk\u0259m irad\u0259y\u0259 malik bir insan olan Heyd\u0259r \u018fliyevin h\u0259yat\u0131 v\u0259 \u00e7ox\u015fax\u0259li f\u0259aliyy\u0259ti h\u0259r bir az\u0259rbaycanl\u0131 \u00fc\u00e7\u00fcn \u0259sl n\u00fcmun\u0259dir. O, m\u00fcst\u0259qil Az\u0259rbaycan d\u00f6vl\u0259tinin memar\u0131 v\u0259 qurucusudur.<\/p>\n<p>XX \u0259srin sonlar\u0131nda Az\u0259rbaycan\u0131n siyasi v\u0259 iqtisadi transformasiya prosesi hakimiyy\u0259tl\u0259 v\u0259t\u0259nda\u015f c\u0259miyy\u0259ti aras\u0131ndak\u0131 m\u00fcnasib\u0259tl\u0259 ba\u011fl\u0131 probleml\u0259rin artmas\u0131na s\u0259b\u0259b olurdu. 1988-90-c\u0131 ill\u0259rd\u0259 SSR\u0130-nin tarixi z\u0259rur\u0259td\u0259n s\u00fcquta u\u011frad\u0131\u011f\u0131 bir zamanda Az\u0259rbaycan xalq\u0131n\u0131n m\u00fcq\u0259dd\u0259rat\u0131 sual alt\u0131nda idi v\u0259 yaln\u0131z t\u0259cr\u00fcb\u0259li, a\u011f\u0131ll\u0131, c\u0259sar\u0259tli, d\u00f6vl\u0259tin\u0259 v\u0259 mill\u0259tin\u0259 ba\u011fl\u0131, eyni zamanda, g\u0259l\u0259c\u0259y\u0259 b\u00f6y\u00fck \u00fcmid b\u0259sl\u0259y\u0259n \u015f\u0259xsiyy\u0259tl\u0259rin m\u0259s\u0259l\u0259l\u0259r\u0259 vaxt\u0131nda m\u00fcdaxil\u0259sind\u0259n as\u0131l\u0131 idi.<\/p>\n<p>Taleyimizin h\u0259ll olundu\u011fu a\u011f\u0131r bir zamanda q\u0259dirbil\u0259n Az\u0259rbaycan xalq\u0131n\u0131n t\u0259kidli t\u0259l\u0259bin\u0259 s\u0259s ver\u0259r\u0259k yenid\u0259n siyasi hakimiyy\u0259t\u0259 qay\u0131dan Heyd\u0259r \u018fliyev do\u011fma V\u0259t\u0259nin xilas\u0131 namin\u0259 misilsiz f\u0259dakarl\u0131q n\u00fcmayi\u015f etdirib, \u00f6lk\u0259mizi xaos v\u0259 anarxiya m\u0259ng\u0259n\u0259sind\u0259n qurtar\u0131b, b\u00fct\u00fcn sah\u0259l\u0259rd\u0259 m\u00fc\u015fahid\u0259 olunan d\u0259rin t\u0259n\u0259zz\u00fcl\u00fcn qar\u015f\u0131s\u0131n\u0131 alaraq \u00f6lk\u0259mizin dayan\u0131ql\u0131 inki\u015faf yolunu m\u00fc\u0259yy\u0259n edib.<\/p>\n<p>&nbsp;<\/p>\n<div class=\"gallery\">\n<div class=\"gallery-i\"><img src=\"https:\/\/cdn.oxu.az\/uploads\/W1siZiIsIjIwMjMvMDUvMDgvMTEvMzcvMTYvNmY5YmFjMWItYzNhNS00NzdjLTllYTMtYmQxZTYwYWVjZmY5L1BIT1RPLTIwMjMtMDUtMDUtMTAtMzEtMzIgKDEpICgxKS5qcGciXSxbInAiLCJlbmNvZGUiLCJqcGciLCItcXVhbGl0eSA4MCJdLFsicCIsInRodW1iIiwiNTkweDU5MFx1MDAzZSJdXQ?sha=2efb1d4eb63ef630\" alt=\"\" \/><\/p>\n<div class=\"gallery-i-caption\"><\/div>\n<\/div>\n<\/div>\n<p>\u201cXalq d\u00f6vl\u0259t \u00fc\u00e7\u00fcn yox, d\u00f6vl\u0259t xalq \u00fc\u00e7\u00fcn olmal\u0131d\u0131r\u201d dey\u0259n Heyd\u0259r \u018fliyevin b\u00fct\u00fcn f\u0259aliyy\u0259ti xalqla, Az\u0259rbaycan d\u00f6vl\u0259ti il\u0259 ba\u011fl\u0131 olub. Ulu \u00f6nd\u0259rin 1993-c\u00fc ilin oktyabr\u0131nda d\u00f6vl\u0259t ba\u015f\u00e7\u0131s\u0131 se\u00e7ilm\u0259sind\u0259n sonra m\u00fcst\u0259qil Az\u0259rbaycan\u0131n h\u00fcquqi v\u0259 siyasi-iqtisadi suverenliyinin t\u0259min olunmas\u0131 prosesi \u0259sasl\u0131 \u015f\u0259kild\u0259 s\u00fcr\u0259tl\u0259ndi. \u00dcmummilli liderin yorulmaz f\u0259aliyy\u0259ti n\u0259tic\u0259sind\u0259 \u00f6lk\u0259d\u0259ki qeyri-qanuni silahl\u0131 d\u0259st\u0259l\u0259r z\u0259r\u0259rsizl\u0259\u015fdirildi, respublikam\u0131z\u0131n sosial-iqtisadi y\u00fcks\u0259li\u015fin\u0259 yol a\u00e7an \u0259n m\u00fch\u00fcm amil kimi c\u0259miyy\u0259td\u0259 ictimai-siyasi sabitlik b\u0259rq\u0259rar edildi.<\/p>\n<p>D\u00f6vl\u0259tin siyasi-iqtisadi m\u00fcst\u0259qilliyinin t\u0259min edilm\u0259si i\u015find\u0259 Heyd\u0259r \u018fliyev Az\u0259rbaycan g\u0259ncl\u0259rini h\u0259r zaman \u00f6z\u00fcn\u0259 arxa hesab ed\u0259r\u0259k onlar\u0131n d\u0259st\u0259yin\u0259 g\u00fcv\u0259nib.<\/p>\n<p>Az\u0259rbaycan\u0131 g\u0259ncl\u0259r \u00f6lk\u0259si, g\u0259ncl\u0259ri is\u0259 Az\u0259rbaycan\u0131n g\u0259l\u0259c\u0259yi adland\u0131ran ulu \u00f6nd\u0259r Heyd\u0259r \u018fliyevin hakimiyy\u0259t\u0259 g\u0259ldikd\u0259 \u0259n birinci g\u00f6r\u00fc\u015f\u00fc Milli M\u0259clisd\u0259 g\u0259ncl\u0259rl\u0259 olub. \u00dcmummilli lider bu g\u00f6r\u00fc\u015fd\u0259 g\u0259ncl\u0259r\u0259 b\u00f6y\u00fck \u00fcmid b\u0259sl\u0259diyini, m\u00fcst\u0259qil Az\u0259rbaycan\u0131n d\u00f6vl\u0259t\u00e7ilik \u0259n\u0259n\u0259l\u0259rinin qorunmas\u0131 \u00fc\u00e7\u00fcn g\u0259ncl\u0259r\u0259 arxay\u0131n oldu\u011funu bildirib.<\/p>\n<p>M\u0259hz bu g\u00f6r\u00fc\u015fd\u0259n sonra Az\u0259rbaycanda g\u0259ncl\u0259r siyas\u0259ti d\u00f6vl\u0259tin prioritet istiqam\u0259tl\u0259rind\u0259n biri kimi m\u00fc\u0259yy\u0259n olunaraq g\u0259ncl\u0259r siyas\u0259tinin institutla\u015fd\u0131r\u0131lmas\u0131 istiqam\u0259tind\u0259 ilk add\u0131mlar at\u0131l\u0131b, ulu \u00f6nd\u0259r Heyd\u0259r \u018fliyevin 1994-c\u00fc il 26 iyul tarixli F\u0259rman\u0131 il\u0259 yarad\u0131lm\u0131\u015f G\u0259ncl\u0259r v\u0259 \u0130dman Nazirliyi art\u0131q g\u0259ncl\u0259rin t\u0259lim-t\u0259rbiy\u0259si, V\u0259t\u0259n\u0259 xidm\u0259tini \u0259hat\u0259 ed\u0259n b\u00f6y\u00fck strateji s\u0259n\u0259dl\u0259rin haz\u0131rlanmas\u0131na ba\u015flay\u0131b, g\u0259ncl\u0259rl\u0259 i\u015f sah\u0259sind\u0259 vahid d\u00f6vl\u0259t siyas\u0259tinin realla\u015fd\u0131r\u0131lmas\u0131n\u0131 t\u0259min edib.<\/p>\n<p>Bu ard\u0131c\u0131ll\u0131qla Az\u0259rbaycanda ilk d\u0259f\u0259 1995-ci ild\u0259 \u00f6lk\u0259d\u0259 f\u0259aliyy\u0259t g\u00f6st\u0259r\u0259n g\u0259ncl\u0259r t\u0259\u015fkilatlar\u0131n\u0131n Milli \u015euras\u0131 yarad\u0131ld\u0131 v\u0259 bu qurum Az\u0259rbaycan\u0131n b\u00fct\u00fcn g\u0259ncl\u0259r t\u0259\u015fkilatlar\u0131n\u0131 \u0259hat\u0259 etm\u0259kl\u0259 d\u00f6vl\u0259tin haz\u0131rlad\u0131\u011f\u0131 s\u0259n\u0259dl\u0259rin ham\u0131s\u0131nda g\u0259ncl\u0259ri d\u00fc\u015f\u00fcnd\u00fcr\u0259n m\u0259s\u0259l\u0259l\u0259rin yer almas\u0131n\u0131 ortaya qoyurdu.<\/p>\n<p>Qeyd edim ki, h\u0259min il \u00fcmummilli liderin g\u0259ncl\u0259r forumunun t\u0259\u015fkili il\u0259 ba\u011fl\u0131 ir\u0259li s\u00fcrd\u00fcy\u00fc t\u0259\u015f\u0259bb\u00fcsd\u0259n sonra 1996-c\u0131 ild\u0259n ba\u015flayaraq Az\u0259rbaycan g\u0259ncl\u0259rinin forumlar\u0131 ke\u00e7irilib. 1996-c\u0131 il fevral\u0131n 2-d\u0259 ke\u00e7iril\u0259n Az\u0259rbaycan G\u0259ncl\u0259rinin I Forumunda Heyd\u0259r \u018fliyev g\u0259ncl\u0259r qar\u015f\u0131s\u0131nda tarixi bir v\u0259zif\u0259 qoydu: \u201cH\u0259r bir Az\u0259rbaycan g\u0259nci h\u0259r \u015feyd\u0259n \u00e7ox, h\u0259r \u015feyd\u0259n art\u0131q m\u00fcst\u0259qil Az\u0259rbaycan\u0131n bu g\u00fcn\u00fc, g\u0259l\u0259c\u0259yi haqq\u0131nda d\u00fc\u015f\u00fcnm\u0259lidir\u201d.<\/p>\n<p>Ulu \u00f6nd\u0259r Heyd\u0259r \u018fliyevin g\u0259ncl\u0259r\u0259 olan inam\u0131 v\u0259 y\u00fcks\u0259k etimad\u0131 Az\u0259rbaycanda eyni zamanda G\u0259ncl\u0259r G\u00fcn\u00fcn\u00fcn t\u0259sis olunmas\u0131 kimi tarixi g\u00fcnl\u0259 d\u0259 yadda qal\u0131r. 1997-ci ilin fevral ay\u0131n\u0131n 1-d\u0259 Prezident Saray\u0131nda ke\u00e7iril\u0259n Az\u0259rbaycan G\u0259ncl\u0259rinin I Forumunun bir illiyin\u0259 h\u0259sr olunmu\u015f g\u0259ncl\u0259rl\u0259 g\u00f6r\u00fc\u015fd\u0259 ulu \u00f6nd\u0259r onlar\u0131n m\u00fcraci\u0259tin\u0259 diqq\u0259tl\u0259 yana\u015faraq 1997-ci il fevral\u0131n 2-d\u0259 imzalad\u0131\u011f\u0131 F\u0259rmana \u0259sas\u0259n, 2 fevral tarixini Az\u0259rbaycan G\u0259ncl\u0259ri G\u00fcn\u00fc elan edib. H\u0259min vaxtdan etibar\u0259n bu g\u00fcn MDB m\u0259kan\u0131nda v\u0259 \u015e\u0259rqi Avropa \u00f6lk\u0259l\u0259ri aras\u0131nda ilk d\u0259f\u0259 olaraq Az\u0259rbaycanda t\u0259nt\u0259n\u0259li \u015f\u0259kild\u0259 qeyd edilm\u0259y\u0259 ba\u015flan\u0131b.<\/p>\n<p>\u00dcmummilli liderin d\u0259st\u0259yi il\u0259 1999-2001-ci ill\u0259rd\u0259 Az\u0259rbaycanda ilk d\u0259f\u0259 Birl\u0259\u015fmi\u015f Mill\u0259tl\u0259r T\u0259\u015fkilat\u0131n\u0131n k\u00f6n\u00fcll\u00fcl\u00fck prinsipl\u0259rin\u0259 \u0259saslanan layih\u0259si h\u0259yata ke\u00e7irilib. Bu, yenilikl\u0259 yana\u015f\u0131 olaraq, Sovetl\u0259r Birliyi d\u00f6n\u0259mind\u0259 m\u00f6vcud olan \u201cpioner\u201d v\u0259 \u201ckomsomol\u201d kimi platformalarda \u0259n yax\u015f\u0131 t\u0259cr\u00fcb\u0259l\u0259rin millil\u0259\u015fdiril\u0259r\u0259k m\u00fcasir \u00e7a\u011f\u0131r\u0131\u015flara cavab ver\u0259c\u0259k \u015f\u0259kild\u0259 yenid\u0259n formala\u015fmas\u0131n\u0131, h\u0259m\u00e7inin m\u00f6vcud k\u00f6n\u00fcll\u00fcl\u00fck h\u0259r\u0259kat\u0131n\u0131 m\u00fcst\u0259qillik tariximizd\u0259 n\u0259inki qoruyub-saxlay\u0131b, onun \u0259n yeni formada \u00f6lk\u0259nin inki\u015faf prosesind\u0259 i\u015ftirak\u0131n\u0131 t\u0259min ed\u0259 bilib.<\/p>\n<p>Az\u0259rbaycanda BMT k\u00f6n\u00fcll\u00fcl\u00fck \u0259n\u0259n\u0259l\u0259rinin \u0259sas\u0131n\u0131 qoymu\u015f bu yana\u015fma g\u0259ncl\u0259rimizin \u00f6lk\u0259mizd\u0259 geni\u015fmiqyasl\u0131 k\u00f6n\u00fcll\u00fcl\u00fck f\u0259aliyy\u0259tinin \u0259sas\u0131n\u0131 yarad\u0131b.<\/p>\n<p>Sonrak\u0131 ill\u0259rd\u0259 y\u00fczl\u0259rl\u0259 g\u0259nc bu h\u0259r\u0259kat\u0131n mahiyy\u0259tini d\u0259rk ed\u0259r\u0259k, eyni zamanda k\u00f6n\u00fcll\u00fcl\u00fck ideyas\u0131n\u0131n t\u0259\u015fviq v\u0259 t\u0259bli\u011f olunmas\u0131nda i\u015ftirak\u00e7\u0131l\u0131q statusu \u0259ld\u0259 etdi. Heyd\u0259r \u018fliyevin \u0259sas\u0131n\u0131 qoydu\u011fu multikultural d\u0259y\u0259rl\u0259r v\u0259 tolerantl\u0131\u011fa \u0259saslanan k\u00f6n\u00fcll\u00fcl\u00fck f\u0259aliyy\u0259ti bu g\u00fcn Az\u0259rbaycan\u0131n beyn\u0259lxalq arenada t\u0259bli\u011f olunmas\u0131, \u00f6lk\u0259 m\u0259d\u0259niyy\u0259tinin, inc\u0259s\u0259n\u0259tinin b\u00fct\u00fcn d\u00fcnya t\u0259r\u0259find\u0259n q\u0259bul olunmas\u0131, tan\u0131nmas\u0131 istiqam\u0259tind\u0259 u\u011furla h\u0259yata ke\u00e7irilir.<\/p>\n<p>K\u00f6n\u00fcll\u00fcl\u00fcy\u00fcn inki\u015faf\u0131nda t\u0259kanverici faktor 2009-cu ild\u0259 q\u0259bul edilmi\u015f \u201cK\u00f6n\u00fcll\u00fc f\u0259aliyy\u0259t haqq\u0131nda\u201d Qanun olub. Bu qanunun yaratd\u0131\u011f\u0131 h\u00fcquqi \u00e7\u0259r\u00e7iv\u0259 say\u0259sind\u0259 \u00f6z\u00fcn\u00fc s\u00fcbut etmi\u015f onlarla qeyri-h\u00f6kum\u0259t t\u0259\u015fkilat\u0131, institutla\u015fd\u0131r\u0131lm\u0131\u015f k\u00f6n\u00fcll\u00fcl\u00fck modeli yarad\u0131ld\u0131.<\/p>\n<p>Art\u0131q bu g\u00fcn ke\u00e7iril\u0259n \u00e7oxsayl\u0131 beyn\u0259lxalq t\u0259dbirl\u0259rin k\u00f6n\u00fcll\u00fcl\u0259rin i\u015ftirak\u0131 olmadan ba\u015f tutmas\u0131n\u0131 t\u0259s\u0259vv\u00fcr etm\u0259k qeyri-m\u00fcmk\u00fcnd\u00fcr. Bir s\u0131ra m\u00f6t\u0259b\u0259r v\u0259 irimiqyasl\u0131 beyn\u0259lxalq t\u0259dbirl\u0259rin \u00f6lk\u0259mizd\u0259 y\u00fcks\u0259k s\u0259viyy\u0259d\u0259 ke\u00e7irilm\u0259si Birinci vitse-prezident\u00a0<strong>Mehriban \u018fliyeva<\/strong>n\u0131n vur\u011fulad\u0131\u011f\u0131 kimi, k\u00f6n\u00fcll\u00fcl\u0259rin yorulmaz, v\u0259t\u0259np\u0259rv\u0259r, m\u00fcasir \u00e7a\u011f\u0131r\u0131\u015flara cavab ver\u0259n keyfiyy\u0259tl\u0259rinin y\u00fcks\u0259k olmas\u0131 il\u0259 ba\u011fl\u0131 olub v\u0259 bu h\u0259r\u0259kat\u0131 daha da canland\u0131r\u0131b.<\/p>\n<p>\u00d6lk\u0259mizin ev sahibliyi etdiyi \u201cAvroviziya-2012\u201d mahn\u0131 m\u00fcsabiq\u0259si, 2015-ci il Birinci Avropa Oyunlar\u0131, 2017-ci il IV \u0130slam H\u0259mr\u0259yliyi Oyunlar\u0131, \u201cFormula-1\u201d v\u0259 dig\u0259r m\u00f6t\u0259b\u0259r, irimiqyasl\u0131 t\u0259dbirl\u0259r\u0259 onminl\u0259rl\u0259 k\u00f6n\u00fcll\u00fcn\u00fcn c\u0259lb edilm\u0259si, eyni zamanda Prezident\u00a0<strong>\u0130lham \u018fliyev<\/strong>\u00a0v\u0259 Birinci vitse-prezident Mehriban \u018fliyeva t\u0259r\u0259find\u0259n onlar\u0131n f\u0259aliyy\u0259tinin qiym\u0259tl\u0259ndirilm\u0259si Az\u0259rbaycan\u0131n formala\u015fm\u0131\u015f z\u0259ngin, t\u0259cr\u00fcb\u0259li k\u00f6n\u00fcll\u00fcl\u00fck h\u0259r\u0259kat\u0131n\u0131n daha da inki\u015faf etm\u0259sin\u0259 xidm\u0259t etdi.<\/p>\n<p>Az\u0259rbaycan\u0131n k\u00f6n\u00fcll\u00fc g\u0259ncliyi qoyulmu\u015f \u0259n\u0259n\u0259ni davam etdir\u0259r\u0259k bu il d\u0259 BMT-nin g\u0259ncl\u0259r \u00fczr\u0259 x\u00fcsusi el\u00e7isinin t\u0259\u015fkilat\u00e7\u0131l\u0131\u011f\u0131 il\u0259 BMT-nin Ba\u015f Q\u0259rargah\u0131nda ke\u00e7iril\u0259n BMT \u0130qtisadi v\u0259 Sosial \u015euras\u0131n\u0131n (ECOSOC) G\u0259ncl\u0259r Forumunda \u00f6lk\u0259mizi y\u00fcks\u0259k s\u0259viyy\u0259d\u0259 t\u0259msil etdi.<\/p>\n<p>Art\u0131q y\u00fczminl\u0259rl\u0259 g\u0259nci \u0259hat\u0259 ed\u0259n, ulu \u00f6nd\u0259r Heyd\u0259r \u018fliyev t\u0259r\u0259find\u0259n formala\u015fm\u0131\u015f k\u00f6n\u00fcll\u00fc ordusu bu g\u00fcn Prezident \u0130lham \u018fliyevin \u0259traf\u0131nda s\u0131x birl\u0259\u015f\u0259r\u0259k d\u00f6vl\u0259t idar\u0259\u00e7iliyind\u0259, \u00f6lk\u0259mizin inki\u015faf prosesind\u0259 yax\u0131ndan i\u015ftirak edir.<\/p>\n<p>D\u00f6vl\u0259t\u00e7ilik tariximizd\u0259 silinm\u0259z izl\u0259r qoymu\u015f, az\u0259rbaycanl\u0131 olmas\u0131 il\u0259 \u00f6m\u00fcrboyu f\u0259xr etmi\u015f, milli q\u00fcrur v\u0259 iftixar m\u0259nb\u0259yimiz olan Heyd\u0259r \u018fliyev b\u00fct\u00fcn d\u00fcnyada Az\u0259rbaycan\u0131n r\u0259mzi kimi q\u0259bul edilir. Xalq\u0131m\u0131z onun \u0259ziz xatir\u0259sini h\u0259mi\u015f\u0259 uca tutur v\u0259 minn\u0259tdarl\u0131qla an\u0131r.<\/p>\n<p>Az\u0259rbaycan xalq\u0131n\u0131n Heyd\u0259r \u018fliyev\u0259 olan m\u0259h\u0259bb\u0259ti \u0259b\u0259didir. N\u0259 q\u0259d\u0259r Az\u0259rbaycan var, n\u0259 q\u0259d\u0259r bu xalq var, Heyd\u0259r \u018fliyev d\u0259 var olacaq, \u0259ziz xatir\u0259si q\u0259lbimizd\u0259 h\u0259r zaman \u0259b\u0259di ya\u015fayacaq.<\/p>\n<p><strong>M\u0259zahir \u018ff\u0259ndiyev, Az\u0259rbaycan Respublikas\u0131 Milli M\u0259clisinin deputat\u0131<\/strong><\/p>\n","protected":false},"excerpt":{"rendered":"<p>Bu il xalq\u0131m\u0131z \u00fcmummilli lider Heyd\u0259r \u018fliyevin anadan olmas\u0131n\u0131n 100-c\u00fc ild\u00f6n\u00fcm\u00fcn\u00fc \u00f6lk\u0259miz \u00fc\u00e7\u00fcn Z\u0259f\u0259r tarixi kimi yadda\u015flara yaz\u0131lan \u0259lam\u0259tdar d\u00f6vrd\u0259 &#8211; do\u011fma Qaraba\u011f\u0131m\u0131z\u0131n b\u0259rpas\u0131 v\u0259 yenid\u0259n \u00e7i\u00e7\u0259kl\u0259nm\u0259si il\u0259 paralel b\u00f6y\u00fck co\u015fqu v\u0259 t\u0259nt\u0259n\u0259 il\u0259 qeyd edir. Sars\u0131lmaz \u0259qid\u0259y\u0259, m\u00f6hk\u0259m irad\u0259y\u0259 malik bir insan olan Heyd\u0259r \u018fliyevin h\u0259yat\u0131 v\u0259 \u00e7ox\u015fax\u0259li f\u0259aliyy\u0259ti h\u0259r bir az\u0259rbaycanl\u0131 \u00fc\u00e7\u00fcn \u0259sl n\u00fcmun\u0259dir. O, m\u00fcst\u0259qil Az\u0259rbaycan d\u00f6vl\u0259tinin memar\u0131 v\u0259 qurucusudur. XX \u0259srin sonlar\u0131nda Az\u0259rbaycan\u0131n siyasi v\u0259 iqtisadi transformasiya prosesi hakimiyy\u0259tl\u0259 v\u0259t\u0259nda\u015f c\u0259miyy\u0259ti aras\u0131ndak\u0131 m\u00fcnasib\u0259tl\u0259 ba\u011fl\u0131 probleml\u0259rin artmas\u0131na s\u0259b\u0259b olurdu. 1988-90-c\u0131 ill\u0259rd\u0259 SSR\u0130-nin tarixi z\u0259rur\u0259td\u0259n s\u00fcquta u\u011frad\u0131\u011f\u0131 bir&hellip;<\/p>\n","protected":false},"author":2,"featured_media":598801,"comment_status":"closed","ping_status":"closed","sticky":false,"template":"","format":"standard","meta":{"om_disable_all_campaigns":false,"_monsterinsights_skip_tracking":false,"_monsterinsights_sitenote_active":false,"_monsterinsights_sitenote_note":"","_monsterinsights_sitenote_category":0},"categories":[19],"tags":[],"aioseo_notices":[],"gutentor_comment":0,"rttpg_featured_image_url":{"full":["https:\/\/arantv.az\/wp-content\/uploads\/2023\/05\/FotoJet-5-3.jpg",620,413,false],"landscape":["https:\/\/arantv.az\/wp-content\/uploads\/2023\/05\/FotoJet-5-3.jpg",620,413,false],"portraits":["https:\/\/arantv.az\/wp-content\/uploads\/2023\/05\/FotoJet-5-3.jpg",620,413,false],"thumbnail":["https:\/\/arantv.az\/wp-content\/uploads\/2023\/05\/FotoJet-5-3-500x280.jpg",500,280,true],"medium":["https:\/\/arantv.az\/wp-content\/uploads\/2023\/05\/FotoJet-5-3-548x365.jpg",548,365,true],"large":["https:\/\/arantv.az\/wp-content\/uploads\/2023\/05\/FotoJet-5-3.jpg",620,413,false],"1536x1536":["https:\/\/arantv.az\/wp-content\/uploads\/2023\/05\/FotoJet-5-3.jpg",620,413,false],"2048x2048":["https:\/\/arantv.az\/wp-content\/uploads\/2023\/05\/FotoJet-5-3.jpg",620,413,false],"post-thumbnail":["https:\/\/arantv.az\/wp-content\/uploads\/2023\/05\/FotoJet-5-3-240x172.jpg",240,172,true],"advps-thumb-one":["https:\/\/arantv.az\/wp-content\/uploads\/2023\/05\/FotoJet-5-3.jpg",620,413,false]},"rttpg_author":{"display_name":"V\u00fcsal Rafiqo\u011flu","author_link":"https:\/\/arantv.az\/?author=2"},"rttpg_comment":0,"rttpg_category":"<a href=\"https:\/\/arantv.az\/?cat=19\" rel=\"category\">G\u00fcnd\u0259m<\/a>","rttpg_excerpt":"Bu il xalq\u0131m\u0131z \u00fcmummilli lider Heyd\u0259r \u018fliyevin anadan olmas\u0131n\u0131n 100-c\u00fc ild\u00f6n\u00fcm\u00fcn\u00fc \u00f6lk\u0259miz \u00fc\u00e7\u00fcn Z\u0259f\u0259r tarixi kimi yadda\u015flara yaz\u0131lan \u0259lam\u0259tdar d\u00f6vrd\u0259 &#8211; do\u011fma Qaraba\u011f\u0131m\u0131z\u0131n b\u0259rpas\u0131 v\u0259 yenid\u0259n \u00e7i\u00e7\u0259kl\u0259nm\u0259si il\u0259 paralel b\u00f6y\u00fck co\u015fqu v\u0259 t\u0259nt\u0259n\u0259 il\u0259 qeyd edir. Sars\u0131lmaz \u0259qid\u0259y\u0259, m\u00f6hk\u0259m irad\u0259y\u0259 malik bir insan olan Heyd\u0259r \u018fliyevin h\u0259yat\u0131 v\u0259 \u00e7ox\u015fax\u0259li f\u0259aliyy\u0259ti h\u0259r bir az\u0259rbaycanl\u0131 \u00fc\u00e7\u00fcn \u0259sl&hellip;","_links":{"self":[{"href":"https:\/\/arantv.az\/index.php?rest_route=\/wp\/v2\/posts\/598800"}],"collection":[{"href":"https:\/\/arantv.az\/index.php?rest_route=\/wp\/v2\/posts"}],"about":[{"href":"https:\/\/arantv.az\/index.php?rest_route=\/wp\/v2\/types\/post"}],"author":[{"embeddable":true,"href":"https:\/\/arantv.az\/index.php?rest_route=\/wp\/v2\/users\/2"}],"replies":[{"embeddable":true,"href":"https:\/\/arantv.az\/index.php?rest_route=%2Fwp%2Fv2%2Fcomments&post=598800"}],"version-history":[{"count":0,"href":"https:\/\/arantv.az\/index.php?rest_route=\/wp\/v2\/posts\/598800\/revisions"}],"wp:featuredmedia":[{"embeddable":true,"href":"https:\/\/arantv.az\/index.php?rest_route=\/wp\/v2\/media\/598801"}],"wp:attachment":[{"href":"https:\/\/arantv.az\/index.php?rest_route=%2Fwp%2Fv2%2Fmedia&parent=598800"}],"wp:term":[{"taxonomy":"category","embeddable":true,"href":"https:\/\/arantv.az\/index.php?rest_route=%2Fwp%2Fv2%2Fcategories&post=598800"},{"taxonomy":"post_tag","embeddable":true,"href":"https:\/\/arantv.az\/index.php?rest_route=%2Fwp%2Fv2%2Ftags&post=598800"}],"curies":[{"name":"wp","href":"https:\/\/api.w.org\/{rel}","templated":true}]}}