{"id":598814,"date":"2023-05-08T14:12:06","date_gmt":"2023-05-08T10:12:06","guid":{"rendered":"https:\/\/arantv.az\/?p=598814"},"modified":"2023-05-08T14:12:06","modified_gmt":"2023-05-08T10:12:06","slug":"din-in-idar%c9%99-r%c9%99isi-qht-l%c9%99r%c9%99-layih%c9%99l%c9%99rl%c9%99-bagli-iradini-bildirib","status":"publish","type":"post","link":"https:\/\/arantv.az\/?p=598814","title":{"rendered":"D\u0130N-in \u0130dar\u0259 r\u0259isi QHT-l\u0259r\u0259 layih\u0259l\u0259rl\u0259 ba\u011fl\u0131 irad\u0131n\u0131 bildirib"},"content":{"rendered":"<p>G\u0259nc\u0259d\u0259 s\u0131\u011f\u0131nacaq tikilm\u0259si \u00fc\u00e7\u00fcn sah\u0259 ayr\u0131l\u0131b.<\/p>\n<p>APA\u00a0x\u0259b\u0259r verir ki, bunu bu g\u00fcn Milli M\u0259clisin \u0130nsan h\u00fcquqlar\u0131 v\u0259 H\u00fcquq siyas\u0259ti v\u0259 d\u00f6vl\u0259t quruculu\u011fu komit\u0259l\u0259rinin birg\u0259 iclas\u0131nda \u201c\u0130nsan alverin\u0259 qar\u015f\u0131 m\u00fcbariz\u0259 \u00fczr\u0259 Milli Koordinatorun illik m\u0259lumat\u0131\u201dn\u0131n m\u00fczakir\u0259si zaman\u0131 Daxili \u0130\u015fl\u0259r Nazirliyinin \u0130nsan Alverin\u0259 Qar\u015f\u0131 M\u00fcbariz\u0259 Ba\u015f \u0130dar\u0259sinin r\u0259isi H\u0259zi Aslanov bildirib.<\/p>\n<p>H\u0259zi Aslanov deyib ki, son 3 ild\u0259 QHT-l\u0259r\u0259 insan alverin\u0259 qar\u015f\u0131 m\u00fcbariz\u0259 sah\u0259sind\u0259 ayr\u0131lan v\u0259saitin art\u0131r\u0131lmas\u0131na ehtiyac oldu\u011fu bar\u0259d\u0259 fikirl\u0259rl\u0259 raz\u0131d\u0131r:<\/p>\n<p>\u201cAncaq bir irad da var. H\u0259r il h\u0259yata ke\u00e7iril\u0259n layih\u0259l\u0259r dem\u0259k olar ki, t\u0259krarlan\u0131r. T\u0259qdim olunan layih\u0259 tutarl\u0131 olmal\u0131d\u0131r. \u00c7\u00fcnki t\u0259qdim edil\u0259n layih\u0259l\u0259rin maliyy\u0259 tutumu 6-7 min manat olur\u201d.<\/p>\n<p>Parlamentin \u0130nsan h\u00fcquqlar\u0131 komit\u0259sinin s\u0259dri Zahid Oruc insan alveri il\u0259 ba\u011fl\u0131 m\u0259s\u0259l\u0259l\u0259r\u0259 daxili i\u015fl\u0259r nazirinin \u00e7ox h\u0259ssas yana\u015fd\u0131\u011f\u0131n\u0131, bel\u0259 \u015f\u0259xsl\u0259rin \u0259fvin\u0259 m\u00fcsb\u0259t yana\u015fmad\u0131\u011f\u0131n\u0131 n\u0259z\u0259r\u0259 \u00e7atd\u0131r\u0131b. O, bu hal\u0131 t\u0259qdir edib.<\/p>\n","protected":false},"excerpt":{"rendered":"<p>G\u0259nc\u0259d\u0259 s\u0131\u011f\u0131nacaq tikilm\u0259si \u00fc\u00e7\u00fcn sah\u0259 ayr\u0131l\u0131b. APA\u00a0x\u0259b\u0259r verir ki, bunu bu g\u00fcn Milli M\u0259clisin \u0130nsan h\u00fcquqlar\u0131 v\u0259 H\u00fcquq siyas\u0259ti v\u0259 d\u00f6vl\u0259t quruculu\u011fu komit\u0259l\u0259rinin birg\u0259 iclas\u0131nda \u201c\u0130nsan alverin\u0259 qar\u015f\u0131 m\u00fcbariz\u0259 \u00fczr\u0259 Milli Koordinatorun illik m\u0259lumat\u0131\u201dn\u0131n m\u00fczakir\u0259si zaman\u0131 Daxili \u0130\u015fl\u0259r Nazirliyinin \u0130nsan Alverin\u0259 Qar\u015f\u0131 M\u00fcbariz\u0259 Ba\u015f \u0130dar\u0259sinin r\u0259isi H\u0259zi Aslanov bildirib. H\u0259zi Aslanov deyib ki, son 3 ild\u0259 QHT-l\u0259r\u0259 insan alverin\u0259 qar\u015f\u0131 m\u00fcbariz\u0259 sah\u0259sind\u0259 ayr\u0131lan v\u0259saitin art\u0131r\u0131lmas\u0131na ehtiyac oldu\u011fu bar\u0259d\u0259 fikirl\u0259rl\u0259 raz\u0131d\u0131r: \u201cAncaq bir irad da var. H\u0259r il h\u0259yata ke\u00e7iril\u0259n layih\u0259l\u0259r dem\u0259k olar ki, t\u0259krarlan\u0131r. T\u0259qdim olunan layih\u0259 tutarl\u0131 olmal\u0131d\u0131r. \u00c7\u00fcnki&hellip;<\/p>\n","protected":false},"author":2,"featured_media":598815,"comment_status":"closed","ping_status":"closed","sticky":false,"template":"","format":"standard","meta":{"om_disable_all_campaigns":false,"_monsterinsights_skip_tracking":false,"_monsterinsights_sitenote_active":false,"_monsterinsights_sitenote_note":"","_monsterinsights_sitenote_category":0},"categories":[26],"tags":[],"aioseo_notices":[],"gutentor_comment":0,"rttpg_featured_image_url":{"full":["https:\/\/arantv.az\/wp-content\/uploads\/2023\/05\/6458a4c8bd5a16458a4c8bd5a216835309526458a4c8bd59c6458a4c8bd59f.jpg",620,413,false],"landscape":["https:\/\/arantv.az\/wp-content\/uploads\/2023\/05\/6458a4c8bd5a16458a4c8bd5a216835309526458a4c8bd59c6458a4c8bd59f.jpg",620,413,false],"portraits":["https:\/\/arantv.az\/wp-content\/uploads\/2023\/05\/6458a4c8bd5a16458a4c8bd5a216835309526458a4c8bd59c6458a4c8bd59f.jpg",620,413,false],"thumbnail":["https:\/\/arantv.az\/wp-content\/uploads\/2023\/05\/6458a4c8bd5a16458a4c8bd5a216835309526458a4c8bd59c6458a4c8bd59f-500x280.jpg",500,280,true],"medium":["https:\/\/arantv.az\/wp-content\/uploads\/2023\/05\/6458a4c8bd5a16458a4c8bd5a216835309526458a4c8bd59c6458a4c8bd59f-548x365.jpg",548,365,true],"large":["https:\/\/arantv.az\/wp-content\/uploads\/2023\/05\/6458a4c8bd5a16458a4c8bd5a216835309526458a4c8bd59c6458a4c8bd59f.jpg",620,413,false],"1536x1536":["https:\/\/arantv.az\/wp-content\/uploads\/2023\/05\/6458a4c8bd5a16458a4c8bd5a216835309526458a4c8bd59c6458a4c8bd59f.jpg",620,413,false],"2048x2048":["https:\/\/arantv.az\/wp-content\/uploads\/2023\/05\/6458a4c8bd5a16458a4c8bd5a216835309526458a4c8bd59c6458a4c8bd59f.jpg",620,413,false],"post-thumbnail":["https:\/\/arantv.az\/wp-content\/uploads\/2023\/05\/6458a4c8bd5a16458a4c8bd5a216835309526458a4c8bd59c6458a4c8bd59f-240x172.jpg",240,172,true],"advps-thumb-one":["https:\/\/arantv.az\/wp-content\/uploads\/2023\/05\/6458a4c8bd5a16458a4c8bd5a216835309526458a4c8bd59c6458a4c8bd59f.jpg",620,413,false]},"rttpg_author":{"display_name":"V\u00fcsal Rafiqo\u011flu","author_link":"https:\/\/arantv.az\/?author=2"},"rttpg_comment":0,"rttpg_category":"<a href=\"https:\/\/arantv.az\/?cat=26\" rel=\"category\">Sosial<\/a>","rttpg_excerpt":"G\u0259nc\u0259d\u0259 s\u0131\u011f\u0131nacaq tikilm\u0259si \u00fc\u00e7\u00fcn sah\u0259 ayr\u0131l\u0131b. APA\u00a0x\u0259b\u0259r verir ki, bunu bu g\u00fcn Milli M\u0259clisin \u0130nsan h\u00fcquqlar\u0131 v\u0259 H\u00fcquq siyas\u0259ti v\u0259 d\u00f6vl\u0259t quruculu\u011fu komit\u0259l\u0259rinin birg\u0259 iclas\u0131nda \u201c\u0130nsan alverin\u0259 qar\u015f\u0131 m\u00fcbariz\u0259 \u00fczr\u0259 Milli Koordinatorun illik m\u0259lumat\u0131\u201dn\u0131n m\u00fczakir\u0259si zaman\u0131 Daxili \u0130\u015fl\u0259r Nazirliyinin \u0130nsan Alverin\u0259 Qar\u015f\u0131 M\u00fcbariz\u0259 Ba\u015f \u0130dar\u0259sinin r\u0259isi H\u0259zi Aslanov bildirib. H\u0259zi Aslanov deyib ki, son 3&hellip;","_links":{"self":[{"href":"https:\/\/arantv.az\/index.php?rest_route=\/wp\/v2\/posts\/598814"}],"collection":[{"href":"https:\/\/arantv.az\/index.php?rest_route=\/wp\/v2\/posts"}],"about":[{"href":"https:\/\/arantv.az\/index.php?rest_route=\/wp\/v2\/types\/post"}],"author":[{"embeddable":true,"href":"https:\/\/arantv.az\/index.php?rest_route=\/wp\/v2\/users\/2"}],"replies":[{"embeddable":true,"href":"https:\/\/arantv.az\/index.php?rest_route=%2Fwp%2Fv2%2Fcomments&post=598814"}],"version-history":[{"count":0,"href":"https:\/\/arantv.az\/index.php?rest_route=\/wp\/v2\/posts\/598814\/revisions"}],"wp:featuredmedia":[{"embeddable":true,"href":"https:\/\/arantv.az\/index.php?rest_route=\/wp\/v2\/media\/598815"}],"wp:attachment":[{"href":"https:\/\/arantv.az\/index.php?rest_route=%2Fwp%2Fv2%2Fmedia&parent=598814"}],"wp:term":[{"taxonomy":"category","embeddable":true,"href":"https:\/\/arantv.az\/index.php?rest_route=%2Fwp%2Fv2%2Fcategories&post=598814"},{"taxonomy":"post_tag","embeddable":true,"href":"https:\/\/arantv.az\/index.php?rest_route=%2Fwp%2Fv2%2Ftags&post=598814"}],"curies":[{"name":"wp","href":"https:\/\/api.w.org\/{rel}","templated":true}]}}