{"id":598948,"date":"2023-05-08T17:37:04","date_gmt":"2023-05-08T13:37:04","guid":{"rendered":"https:\/\/arantv.az\/?p=598948"},"modified":"2023-05-08T17:37:04","modified_gmt":"2023-05-08T13:37:04","slug":"olk%c9%99-bascisinin-novb%c9%99ti-humanist-addimi","status":"publish","type":"post","link":"https:\/\/arantv.az\/?p=598948","title":{"rendered":"\u00d6lk\u0259 ba\u015f\u00e7\u0131s\u0131n\u0131n n\u00f6vb\u0259ti  humanist add\u0131m\u0131"},"content":{"rendered":"<p>\u0130nsan h\u00fcquqlar\u0131\u00a0 h\u0259r bir demokratik d\u00f6vl\u0259tin prioritet m\u0259s\u0259l\u0259sidir. \u00a0M\u00fcst\u0259qil Az\u0259rbaycanda da insan h\u00fcquq v\u0259 azadl\u0131qlar\u0131n\u0131n t\u0259min edilm\u0259si, onlar\u0131n m\u00fcdafi\u0259si v\u0259 daha da geni\u015fl\u0259ndirilm\u0259si d\u00f6vl\u0259tin\u00a0 ali m\u0259qs\u0259dl\u0259rind\u0259n biridir.<\/p>\n<p>Bu sah\u0259d\u0259 h\u00fcquqi bazan\u0131n yarad\u0131lmas\u0131\u00a0 m\u00fcst\u0259qil d\u00f6vl\u0259timizin qurucusu, \u00dcmummilli Lider Heyd\u0259r \u018fliyevin ad\u0131 il\u0259 ba\u011fl\u0131d\u0131r. \u00a0Ulu \u00d6nd\u0259r 1993-c\u00fc ild\u0259 xalq\u0131n t\u0259kidli t\u0259l\u0259bi il\u0259 Az\u0259rbaycanda hakimiyy\u0259t\u0259 g\u0259ldikd\u0259n sonra \u00f6lk\u0259d\u0259 h\u00fcquqi d\u00f6vl\u0259t quruculu\u011fu sah\u0259sind\u0259 ard\u0131c\u0131l, sistemli v\u0259 g\u0259l\u0259c\u0259y\u0259 hesablanan islahatlara start verildi. \u00d6lk\u0259mizd\u0259 h\u0259min vaxtdan ba\u015flayaraq, ciddi sosial-iqtisadi islahatlarla yana\u015f\u0131, h\u00fcquq islahat\u0131, h\u0259m\u00e7inin onun t\u0259rkib hiss\u0259si olan m\u0259hk\u0259m\u0259-h\u00fcquq islahat\u0131 h\u0259yata ke\u00e7irilm\u0259y\u0259 ba\u015flan\u0131lm\u0131\u015fd\u0131r.\u00a0 X\u00fcsusi il\u0259 qeyd etm\u0259k laz\u0131md\u0131r ki, \u00f6l\u00fcm h\u00f6km\u00fcn\u00fcn l\u0259\u011fvi, \u0259fv institutunun t\u0259tbiqi v\u0259 dig\u0259r m\u00fch\u00fcm add\u0131mlar h\u0259m beyn\u0259lxalq t\u0259\u015fkilatlar, h\u0259m h\u00fcquq m\u00fcdafi\u0259\u00e7il\u0259ri, h\u0259m d\u0259 xalq\u0131m\u0131z t\u0259r\u0259find\u0259n\u00a0 y\u00fcks\u0259k qiym\u0259tl\u0259ndirilir. \u00a0\u018ffv s\u0259r\u0259ncam\u0131 h\u0259r il q\u0259bul olunmaqla, y\u00fczl\u0259rl\u0259, minl\u0259rl\u0259 insan\u0131n\u00a0azadl\u0131\u011fa qovu\u015fmas\u0131na s\u0259b\u0259b olur. \u018fsas\u0131 Ulu \u00d6nd\u0259r Heyd\u0259r \u018fliyev t\u0259r\u0259find\u0259n qoyulan bu humanist hadis\u0259 \u0259n\u0259n\u0259 hal\u0131na \u00e7evrilmi\u015fdir. Qeyd etm\u0259k laz\u0131md\u0131r ki, haz\u0131rk\u0131 d\u00f6vr\u0259 q\u0259d\u0259r 69 \u018ffv s\u0259r\u0259ncam\u0131 v\u0259 12 Amnistiya akt\u0131 imzalanm\u0131\u015fd\u0131r.<\/p>\n<p>\u00d6lk\u0259 ba\u015f\u00e7\u0131s\u0131 \u0130lham \u018fliyevin bud\u0259f\u0259ki \u018ffv S\u0259r\u0259nacm\u0131 dig\u0259rl\u0259rind\u0259n say\u0131na, t\u0259rkibin\u0259 v\u0259\u00a0k\u0259miyy\u0259tin\u0259 g\u00f6r\u0259 daha geni\u015f oldu. Az\u0259rbaycan\u0131n\u00a0tarixind\u0259 ilk d\u0259f\u0259\u00a0801 n\u0259f\u0259r\u00a0\u0259fv siyah\u0131s\u0131na d\u00fc\u015fd\u00fc.\u00a0Bunlardan 463 n\u0259f\u0259ri\u00a0azadl\u0131qdan m\u0259hrum edilmi\u015f \u015f\u0259xsl\u0259rdir. 220 n\u0259f\u0259ri\u00a0\u00e7\u0259kilm\u0259mi\u015f c\u0259zalar\u0131n\u0131n yar\u0131s\u0131ndan azad edildi. Bu g\u00fcn\u00a0801 n\u0259f\u0259r deyil, onlar\u0131n qohumlar\u0131\u00a0v\u0259\u00a0yax\u0131nlar\u0131 daxil olmaqla minl\u0259rl\u0259 insan\u00a0sevindi.<\/p>\n<p>Ulu \u00d6nd\u0259rin 100 illiyi \u0259r\u0259f\u0259sind\u0259\u00a0 bel\u0259 bir q\u0259rar\u0131n q\u0259bul edilm\u0259si\u00a0 M\u00fcasir Az\u0259rbaycan d\u00f6vl\u0259tinin qurucusu, dahi siyas\u0259t\u00e7i, g\u00f6rk\u0259mli \u00a0d\u00f6vl\u0259t xadimi, Az\u0259rbaycan xalq\u0131n\u0131n \u00dcmummilli Lideri Heyd\u0259r \u018fliyevin h\u0259mi\u015f\u0259ya\u015far \u0259ziz xatir\u0259sin\u0259 olan \u00a0d\u0259rin h\u00f6rm\u0259t v\u0259 ehtiramdan ir\u0259li g\u0259lir. Eyni zamanda, Prezident \u0130lham \u018fliyev t\u0259r\u0259find\u0259n Ulu \u00d6nd\u0259rin b\u0259\u015f\u0259ri amallara, qanun\u00e7uluq v\u0259 \u0259dal\u0259t ideallar\u0131na s\u00f6yk\u0259n\u0259n z\u0259ngin m\u0259n\u0259vi irsini, \u00a0humanizm, m\u0259rh\u0259m\u0259t v\u0259 insanp\u0259rv\u0259rlik \u0259n\u0259n\u0259l\u0259rini davam etdirilm\u0259sinin bariz n\u00fcmun\u0259sidir.\u00a0 Bu, humanist add\u0131m, azad olunacaq, \u0259fv\u00a0 edil\u0259c\u0259k \u015f\u0259xsl\u0259r\u0259 yax\u015f\u0131 v\u0259 r\u0259van h\u0259yat qurmaq \u00fc\u00e7\u00fcn, \u00a0bir v\u0259t\u0259nda\u015f kimi \u00f6lk\u0259mizin inki\u015faf\u0131na \u00f6z t\u00f6hf\u0259l\u0259rini verm\u0259k \u00fc\u00e7\u00fcn\u00a0 yeni imkan yarad\u0131r. \u0130nan\u0131r\u0131q ki, onlar bu f\u00fcrs\u0259td\u0259n \u00a0s\u0259m\u0259r\u0259li istifad\u0259 ed\u0259c\u0259kl\u0259r.<\/p>\n<p><strong>Hicran H\u00fcseynova,<\/strong><\/p>\n<p><em>Milli M\u0259clisin Ail\u0259, qad\u0131n v\u0259 u\u015faq m\u0259s\u0259l\u0259l\u0259ri komit\u0259sinin s\u0259dri, professor<\/em><\/p>\n","protected":false},"excerpt":{"rendered":"<p>\u0130nsan h\u00fcquqlar\u0131\u00a0 h\u0259r bir demokratik d\u00f6vl\u0259tin prioritet m\u0259s\u0259l\u0259sidir. \u00a0M\u00fcst\u0259qil Az\u0259rbaycanda da insan h\u00fcquq v\u0259 azadl\u0131qlar\u0131n\u0131n t\u0259min edilm\u0259si, onlar\u0131n m\u00fcdafi\u0259si v\u0259 daha da geni\u015fl\u0259ndirilm\u0259si d\u00f6vl\u0259tin\u00a0 ali m\u0259qs\u0259dl\u0259rind\u0259n biridir. Bu sah\u0259d\u0259 h\u00fcquqi bazan\u0131n yarad\u0131lmas\u0131\u00a0 m\u00fcst\u0259qil d\u00f6vl\u0259timizin qurucusu, \u00dcmummilli Lider Heyd\u0259r \u018fliyevin ad\u0131 il\u0259 ba\u011fl\u0131d\u0131r. \u00a0Ulu \u00d6nd\u0259r 1993-c\u00fc ild\u0259 xalq\u0131n t\u0259kidli t\u0259l\u0259bi il\u0259 Az\u0259rbaycanda hakimiyy\u0259t\u0259 g\u0259ldikd\u0259n sonra \u00f6lk\u0259d\u0259 h\u00fcquqi d\u00f6vl\u0259t quruculu\u011fu sah\u0259sind\u0259 ard\u0131c\u0131l, sistemli v\u0259 g\u0259l\u0259c\u0259y\u0259 hesablanan islahatlara start verildi. \u00d6lk\u0259mizd\u0259 h\u0259min vaxtdan ba\u015flayaraq, ciddi sosial-iqtisadi islahatlarla yana\u015f\u0131, h\u00fcquq islahat\u0131, h\u0259m\u00e7inin onun t\u0259rkib hiss\u0259si olan m\u0259hk\u0259m\u0259-h\u00fcquq islahat\u0131 h\u0259yata ke\u00e7irilm\u0259y\u0259 ba\u015flan\u0131lm\u0131\u015fd\u0131r.\u00a0 X\u00fcsusi il\u0259 qeyd&hellip;<\/p>\n","protected":false},"author":2,"featured_media":598949,"comment_status":"closed","ping_status":"closed","sticky":false,"template":"","format":"standard","meta":{"om_disable_all_campaigns":false,"_monsterinsights_skip_tracking":false,"_monsterinsights_sitenote_active":false,"_monsterinsights_sitenote_note":"","_monsterinsights_sitenote_category":0},"categories":[19],"tags":[],"aioseo_notices":[],"gutentor_comment":0,"rttpg_featured_image_url":{"full":["https:\/\/arantv.az\/wp-content\/uploads\/2023\/05\/e0ae4561164691563596937591610464280.jpg",975,540,false],"landscape":["https:\/\/arantv.az\/wp-content\/uploads\/2023\/05\/e0ae4561164691563596937591610464280.jpg",975,540,false],"portraits":["https:\/\/arantv.az\/wp-content\/uploads\/2023\/05\/e0ae4561164691563596937591610464280.jpg",975,540,false],"thumbnail":["https:\/\/arantv.az\/wp-content\/uploads\/2023\/05\/e0ae4561164691563596937591610464280-500x280.jpg",500,280,true],"medium":["https:\/\/arantv.az\/wp-content\/uploads\/2023\/05\/e0ae4561164691563596937591610464280-660x365.jpg",660,365,true],"large":["https:\/\/arantv.az\/wp-content\/uploads\/2023\/05\/e0ae4561164691563596937591610464280-840x465.jpg",640,354,true],"1536x1536":["https:\/\/arantv.az\/wp-content\/uploads\/2023\/05\/e0ae4561164691563596937591610464280.jpg",975,540,false],"2048x2048":["https:\/\/arantv.az\/wp-content\/uploads\/2023\/05\/e0ae4561164691563596937591610464280.jpg",975,540,false],"post-thumbnail":["https:\/\/arantv.az\/wp-content\/uploads\/2023\/05\/e0ae4561164691563596937591610464280-240x172.jpg",240,172,true],"advps-thumb-one":["https:\/\/arantv.az\/wp-content\/uploads\/2023\/05\/e0ae4561164691563596937591610464280.jpg",975,540,false]},"rttpg_author":{"display_name":"V\u00fcsal Rafiqo\u011flu","author_link":"https:\/\/arantv.az\/?author=2"},"rttpg_comment":0,"rttpg_category":"<a href=\"https:\/\/arantv.az\/?cat=19\" rel=\"category\">G\u00fcnd\u0259m<\/a>","rttpg_excerpt":"\u0130nsan h\u00fcquqlar\u0131\u00a0 h\u0259r bir demokratik d\u00f6vl\u0259tin prioritet m\u0259s\u0259l\u0259sidir. \u00a0M\u00fcst\u0259qil Az\u0259rbaycanda da insan h\u00fcquq v\u0259 azadl\u0131qlar\u0131n\u0131n t\u0259min edilm\u0259si, onlar\u0131n m\u00fcdafi\u0259si v\u0259 daha da geni\u015fl\u0259ndirilm\u0259si d\u00f6vl\u0259tin\u00a0 ali m\u0259qs\u0259dl\u0259rind\u0259n biridir. Bu sah\u0259d\u0259 h\u00fcquqi bazan\u0131n yarad\u0131lmas\u0131\u00a0 m\u00fcst\u0259qil d\u00f6vl\u0259timizin qurucusu, \u00dcmummilli Lider Heyd\u0259r \u018fliyevin ad\u0131 il\u0259 ba\u011fl\u0131d\u0131r. \u00a0Ulu \u00d6nd\u0259r 1993-c\u00fc ild\u0259 xalq\u0131n t\u0259kidli t\u0259l\u0259bi il\u0259 Az\u0259rbaycanda hakimiyy\u0259t\u0259 g\u0259ldikd\u0259n sonra \u00f6lk\u0259d\u0259&hellip;","_links":{"self":[{"href":"https:\/\/arantv.az\/index.php?rest_route=\/wp\/v2\/posts\/598948"}],"collection":[{"href":"https:\/\/arantv.az\/index.php?rest_route=\/wp\/v2\/posts"}],"about":[{"href":"https:\/\/arantv.az\/index.php?rest_route=\/wp\/v2\/types\/post"}],"author":[{"embeddable":true,"href":"https:\/\/arantv.az\/index.php?rest_route=\/wp\/v2\/users\/2"}],"replies":[{"embeddable":true,"href":"https:\/\/arantv.az\/index.php?rest_route=%2Fwp%2Fv2%2Fcomments&post=598948"}],"version-history":[{"count":0,"href":"https:\/\/arantv.az\/index.php?rest_route=\/wp\/v2\/posts\/598948\/revisions"}],"wp:featuredmedia":[{"embeddable":true,"href":"https:\/\/arantv.az\/index.php?rest_route=\/wp\/v2\/media\/598949"}],"wp:attachment":[{"href":"https:\/\/arantv.az\/index.php?rest_route=%2Fwp%2Fv2%2Fmedia&parent=598948"}],"wp:term":[{"taxonomy":"category","embeddable":true,"href":"https:\/\/arantv.az\/index.php?rest_route=%2Fwp%2Fv2%2Fcategories&post=598948"},{"taxonomy":"post_tag","embeddable":true,"href":"https:\/\/arantv.az\/index.php?rest_route=%2Fwp%2Fv2%2Ftags&post=598948"}],"curies":[{"name":"wp","href":"https:\/\/api.w.org\/{rel}","templated":true}]}}