{"id":598961,"date":"2023-05-08T17:42:38","date_gmt":"2023-05-08T13:42:38","guid":{"rendered":"https:\/\/arantv.az\/?p=598961"},"modified":"2023-05-08T17:42:38","modified_gmt":"2023-05-08T13:42:38","slug":"kanadada-mes%c9%99-yanginlari-s%c9%99b%c9%99bind%c9%99n-30-min-insan-t%c9%99xliy%c9%99-edilib","status":"publish","type":"post","link":"https:\/\/arantv.az\/?p=598961","title":{"rendered":"Kanadada me\u015f\u0259 yan\u011f\u0131nlar\u0131 s\u0259b\u0259bind\u0259n 30 min insan t\u0259xliy\u0259 edilib"},"content":{"rendered":"<p><strong>Kanadan\u0131n Alberta \u0259yal\u0259tind\u0259 t\u0259bi\u0259t yan\u011f\u0131nlar\u0131 122 hektar me\u015f\u0259 sah\u0259sini v\u0259 onlarla ya\u015fay\u0131\u015f evini m\u0259hv edib.<\/strong><\/p>\n<p>AZ\u018fRTAC Euronews telekanal\u0131na istinadla x\u0259b\u0259r verir ki, t\u0259bii f\u0259lak\u0259t s\u0259b\u0259bind\u0259n \u015ftat\u0131n 30 min\u0259 yax\u0131n sakini \u00f6z evl\u0259rini t\u0259rk etm\u0259k m\u0259cburiyy\u0259tind\u0259 qal\u0131b. Hakimiyy\u0259t orqanlar\u0131n\u0131n m\u0259lumat\u0131na g\u00f6r\u0259, 110-dan \u00e7ox yan\u011f\u0131n oca\u011f\u0131n\u0131n h\u0259l\u0259lik yaln\u0131z \u00fc\u00e7d\u0259ikisini n\u0259zar\u0259t alt\u0131na almaq m\u00fcmk\u00fcn olub.<\/p>\n<p>Alberta \u0259yal\u0259tind\u0259 me\u015f\u0259 yan\u011f\u0131nlar\u0131 art\u0131q bir ne\u00e7\u0259 g\u00fcnd\u00fcr davam edir. May\u0131n 6-da regionda f\u00f6vq\u0259lad\u0259 v\u0259ziyy\u0259t rejimi elan olunub. \u018fyal\u0259tin Ba\u015f naziri Deniel Smit yan\u011f\u0131ndan z\u0259r\u0259r \u00e7\u0259k\u0259n b\u0259zi rayonlara gedib v\u0259 t\u0259xliy\u0259 olunmu\u015f yerli sakinl\u0259rl\u0259 g\u00f6r\u00fc\u015f\u00fcb.<\/p>\n","protected":false},"excerpt":{"rendered":"<p>Kanadan\u0131n Alberta \u0259yal\u0259tind\u0259 t\u0259bi\u0259t yan\u011f\u0131nlar\u0131 122 hektar me\u015f\u0259 sah\u0259sini v\u0259 onlarla ya\u015fay\u0131\u015f evini m\u0259hv edib. AZ\u018fRTAC Euronews telekanal\u0131na istinadla x\u0259b\u0259r verir ki, t\u0259bii f\u0259lak\u0259t s\u0259b\u0259bind\u0259n \u015ftat\u0131n 30 min\u0259 yax\u0131n sakini \u00f6z evl\u0259rini t\u0259rk etm\u0259k m\u0259cburiyy\u0259tind\u0259 qal\u0131b. Hakimiyy\u0259t orqanlar\u0131n\u0131n m\u0259lumat\u0131na g\u00f6r\u0259, 110-dan \u00e7ox yan\u011f\u0131n oca\u011f\u0131n\u0131n h\u0259l\u0259lik yaln\u0131z \u00fc\u00e7d\u0259ikisini n\u0259zar\u0259t alt\u0131na almaq m\u00fcmk\u00fcn olub. Alberta \u0259yal\u0259tind\u0259 me\u015f\u0259 yan\u011f\u0131nlar\u0131 art\u0131q bir ne\u00e7\u0259 g\u00fcnd\u00fcr davam edir. May\u0131n 6-da regionda f\u00f6vq\u0259lad\u0259 v\u0259ziyy\u0259t rejimi elan olunub. \u018fyal\u0259tin Ba\u015f naziri Deniel Smit yan\u011f\u0131ndan z\u0259r\u0259r \u00e7\u0259k\u0259n b\u0259zi rayonlara gedib v\u0259 t\u0259xliy\u0259 olunmu\u015f yerli sakinl\u0259rl\u0259 g\u00f6r\u00fc\u015f\u00fcb.<\/p>\n","protected":false},"author":2,"featured_media":598962,"comment_status":"closed","ping_status":"closed","sticky":false,"template":"","format":"standard","meta":{"om_disable_all_campaigns":false,"_monsterinsights_skip_tracking":false,"_monsterinsights_sitenote_active":false,"_monsterinsights_sitenote_note":"","_monsterinsights_sitenote_category":0},"categories":[7],"tags":[],"aioseo_notices":[],"gutentor_comment":0,"rttpg_featured_image_url":{"full":["https:\/\/arantv.az\/wp-content\/uploads\/2023\/05\/311c775ca0a8ecffc3d74ee97b63ebe4.jpg",870,500,false],"landscape":["https:\/\/arantv.az\/wp-content\/uploads\/2023\/05\/311c775ca0a8ecffc3d74ee97b63ebe4.jpg",870,500,false],"portraits":["https:\/\/arantv.az\/wp-content\/uploads\/2023\/05\/311c775ca0a8ecffc3d74ee97b63ebe4.jpg",870,500,false],"thumbnail":["https:\/\/arantv.az\/wp-content\/uploads\/2023\/05\/311c775ca0a8ecffc3d74ee97b63ebe4-500x280.jpg",500,280,true],"medium":["https:\/\/arantv.az\/wp-content\/uploads\/2023\/05\/311c775ca0a8ecffc3d74ee97b63ebe4-635x365.jpg",635,365,true],"large":["https:\/\/arantv.az\/wp-content\/uploads\/2023\/05\/311c775ca0a8ecffc3d74ee97b63ebe4-840x483.jpg",640,368,true],"1536x1536":["https:\/\/arantv.az\/wp-content\/uploads\/2023\/05\/311c775ca0a8ecffc3d74ee97b63ebe4.jpg",870,500,false],"2048x2048":["https:\/\/arantv.az\/wp-content\/uploads\/2023\/05\/311c775ca0a8ecffc3d74ee97b63ebe4.jpg",870,500,false],"post-thumbnail":["https:\/\/arantv.az\/wp-content\/uploads\/2023\/05\/311c775ca0a8ecffc3d74ee97b63ebe4-240x172.jpg",240,172,true],"advps-thumb-one":["https:\/\/arantv.az\/wp-content\/uploads\/2023\/05\/311c775ca0a8ecffc3d74ee97b63ebe4.jpg",870,500,false]},"rttpg_author":{"display_name":"V\u00fcsal Rafiqo\u011flu","author_link":"https:\/\/arantv.az\/?author=2"},"rttpg_comment":0,"rttpg_category":"<a href=\"https:\/\/arantv.az\/?cat=7\" rel=\"category\">D\u00fcnya<\/a>","rttpg_excerpt":"Kanadan\u0131n Alberta \u0259yal\u0259tind\u0259 t\u0259bi\u0259t yan\u011f\u0131nlar\u0131 122 hektar me\u015f\u0259 sah\u0259sini v\u0259 onlarla ya\u015fay\u0131\u015f evini m\u0259hv edib. AZ\u018fRTAC Euronews telekanal\u0131na istinadla x\u0259b\u0259r verir ki, t\u0259bii f\u0259lak\u0259t s\u0259b\u0259bind\u0259n \u015ftat\u0131n 30 min\u0259 yax\u0131n sakini \u00f6z evl\u0259rini t\u0259rk etm\u0259k m\u0259cburiyy\u0259tind\u0259 qal\u0131b. Hakimiyy\u0259t orqanlar\u0131n\u0131n m\u0259lumat\u0131na g\u00f6r\u0259, 110-dan \u00e7ox yan\u011f\u0131n oca\u011f\u0131n\u0131n h\u0259l\u0259lik yaln\u0131z \u00fc\u00e7d\u0259ikisini n\u0259zar\u0259t alt\u0131na almaq m\u00fcmk\u00fcn olub. Alberta \u0259yal\u0259tind\u0259 me\u015f\u0259&hellip;","_links":{"self":[{"href":"https:\/\/arantv.az\/index.php?rest_route=\/wp\/v2\/posts\/598961"}],"collection":[{"href":"https:\/\/arantv.az\/index.php?rest_route=\/wp\/v2\/posts"}],"about":[{"href":"https:\/\/arantv.az\/index.php?rest_route=\/wp\/v2\/types\/post"}],"author":[{"embeddable":true,"href":"https:\/\/arantv.az\/index.php?rest_route=\/wp\/v2\/users\/2"}],"replies":[{"embeddable":true,"href":"https:\/\/arantv.az\/index.php?rest_route=%2Fwp%2Fv2%2Fcomments&post=598961"}],"version-history":[{"count":0,"href":"https:\/\/arantv.az\/index.php?rest_route=\/wp\/v2\/posts\/598961\/revisions"}],"wp:featuredmedia":[{"embeddable":true,"href":"https:\/\/arantv.az\/index.php?rest_route=\/wp\/v2\/media\/598962"}],"wp:attachment":[{"href":"https:\/\/arantv.az\/index.php?rest_route=%2Fwp%2Fv2%2Fmedia&parent=598961"}],"wp:term":[{"taxonomy":"category","embeddable":true,"href":"https:\/\/arantv.az\/index.php?rest_route=%2Fwp%2Fv2%2Fcategories&post=598961"},{"taxonomy":"post_tag","embeddable":true,"href":"https:\/\/arantv.az\/index.php?rest_route=%2Fwp%2Fv2%2Ftags&post=598961"}],"curies":[{"name":"wp","href":"https:\/\/api.w.org\/{rel}","templated":true}]}}