{"id":598971,"date":"2023-05-08T17:46:14","date_gmt":"2023-05-08T13:46:14","guid":{"rendered":"https:\/\/arantv.az\/?p=598971"},"modified":"2023-05-08T17:46:14","modified_gmt":"2023-05-08T13:46:14","slug":"etsn-d%c9%99-heyd%c9%99r-%c9%99liyevin-100-illik-yubileyin%c9%99-h%c9%99sr-olunan-konfrans-kecirilib-foto","status":"publish","type":"post","link":"https:\/\/arantv.az\/?p=598971","title":{"rendered":"ETSN-d\u0259 Heyd\u0259r \u018fliyevin 100 illik yubileyin\u0259 h\u0259sr olunan konfrans ke\u00e7irilib &#8211; FOTO"},"content":{"rendered":"<article class=\"news\">\n<div class=\"news-inner\">\n<p>Ekologiya v\u0259 T\u0259bii S\u0259rv\u0259tl\u0259r Nazirliyind\u0259 m\u00fcasir v\u0259 m\u00fcst\u0259qil Az\u0259rbaycan d\u00f6vl\u0259tinin qurucusu, ulu \u00f6nd\u0259r Heyd\u0259r \u018fliyevin 100 illik yubileyin\u0259 h\u0259sr olunmu\u015f konfrans ke\u00e7irilib.<\/p>\n<p>Nazirliyin \u0259m\u0259kda\u015flar\u0131 \u0259vv\u0259lc\u0259 F\u0259xri xiyabanda \u00fcmummilli lider Heyd\u0259r \u018fliyevin m\u0259zar\u0131n\u0131 ziyar\u0259t edib, \u00f6n\u00fcn\u0259 \u0259klil v\u0259 g\u00fcl d\u0259st\u0259l\u0259ri qoyublar. G\u00f6rk\u0259mli oftalmoloq alim, akademik Z\u0259rif\u0259 \u018fliyevan\u0131n xatir\u0259si d\u0259 ehtiramla yad edilib.<\/p>\n<p>Daha sonra nazirliyin inzibati binas\u0131nda yerl\u0259\u015f\u0259n \u201cHeyd\u0259r \u018fliyev gu\u015f\u0259si\u201dnd\u0259 ulu \u00f6nd\u0259r Heyd\u0259r \u018fliyevin b\u00fcst\u00fc \u00f6n\u00fcn\u0259 g\u00fcl d\u0259st\u0259l\u0259ri d\u00fcz\u00fcl\u00fcb, dahi \u015f\u0259xsiyy\u0259tin xatir\u0259si an\u0131l\u0131b.<\/p>\n<p>Konfrans D\u00f6vl\u0259t Himninin s\u0259sl\u0259ndirilm\u0259si, \u00fcmummilli liderin \u0259ziz xatir\u0259sinin v\u0259 V\u0259t\u0259n u\u011frunda can\u0131ndan ke\u00e7mi\u015f \u015f\u0259hidl\u0259rimizin ruhunun bir d\u0259qiq\u0259lik s\u00fckutla yad edilm\u0259si il\u0259 ba\u015flay\u0131b.<\/p>\n<p>Daha sonra \u201cHeyd\u0259r \u018fliyev v\u0259 Az\u0259rbaycan Respublikas\u0131n\u0131n ekoloji siyas\u0259ti\u201d m\u00f6vzusunda q\u0131sametrajl\u0131 film v\u0259 \u00fcmummilli lider Heyd\u0259r \u018fliyevin h\u0259yat v\u0259 f\u0259aliyy\u0259tind\u0259n b\u0259hs ed\u0259n video\u00e7arx n\u00fcmayi\u015f olunub.<\/p>\n<p>Ekologiya v\u0259 t\u0259bii s\u0259rv\u0259tl\u0259r naziri Muxtar Babayev konfrans\u0131 giri\u015f s\u00f6z\u00fc il\u0259 a\u00e7araq m\u00fcst\u0259qil Az\u0259rbaycan d\u00f6vl\u0259tinin memar\u0131 v\u0259 qurucusu Heyd\u0259r \u018fliyevin demokratik, h\u00fcquqi d\u00f6vl\u0259t quruculu\u011funda, \u00f6lk\u0259mizin q\u00fcdr\u0259tl\u0259nm\u0259sind\u0259ki xidm\u0259tl\u0259rind\u0259n, eyni zamanda, \u0259traf m\u00fchitin sa\u011flamla\u015fd\u0131r\u0131lmas\u0131na, ya\u015f\u0131ll\u0131qlar\u0131n art\u0131r\u0131lmas\u0131na verdiyi t\u00f6hf\u0259l\u0259rd\u0259n dan\u0131\u015f\u0131b.<\/p>\n<p>Mill\u0259t v\u0259kili M\u0259lah\u0259t \u0130brahimq\u0131z\u0131 v\u0259 Yeni Az\u0259rbaycan Partiyas\u0131 Yasamal rayon t\u0259\u015fkilat\u0131n\u0131n s\u0259dri B\u0259xtiyar N\u0259biyev xalq\u0131m\u0131z\u0131n milli azadl\u0131q v\u0259 istiqlaliyy\u0259t tarixind\u0259 xilaskar rolunu oynayan d\u00fcnya \u015f\u00f6hr\u0259tli siyas\u0259t\u00e7i Heyd\u0259r \u018fliyevin tarixd\u0259ki rolu, el\u0259c\u0259 d\u0259 V\u0259t\u0259ni v\u0259 xalq\u0131 qar\u015f\u0131s\u0131ndak\u0131 misilsiz xidm\u0259tl\u0259ri bar\u0259d\u0259 \u00e7\u0131x\u0131\u015f edibl\u0259r.<\/p>\n<p>T\u0259dbirin sonunda Heyd\u0259r \u018fliyevin qurucusu oldu\u011fu Yeni Az\u0259rbaycan Partiyas\u0131na daxil olmu\u015f bir qrup nazirlik \u0259m\u0259kda\u015f\u0131na partiya v\u0259siq\u0259l\u0259ri t\u0259qdim olunub v\u0259 partiyan\u0131n f\u0259aliyy\u0259tind\u0259 f\u0259rql\u0259nmi\u015f \u0259m\u0259kda\u015flar m\u00fckafatland\u0131r\u0131l\u0131blar.<\/p>\n<p>&nbsp;<\/p>\n<div class=\"gallery\">\n<div class=\"gallery-i\"><img src=\"https:\/\/cdn.oxu.az\/uploads\/W1siZiIsIjIwMjMvMDUvMDgvMTcvMDkvMzYvZjc5Y2I1NGYtOGZhZS00MzI2LWIzMTQtZjU4YzQ2MTZkZDVhL2VmMDkyOTViLTAzOWYtMzUyOS05MWNmLTllYmFmYmJmMWZmZS5qcGciXSxbInAiLCJlbmNvZGUiLCJqcGciLCItcXVhbGl0eSA4MCJdLFsicCIsInRodW1iIiwiNTkweDU5MFx1MDAzZSJdXQ?sha=328541375b1fd3a0\" alt=\"\" \/><\/p>\n<div class=\"gallery-i-caption\"><\/div>\n<\/div>\n<div class=\"gallery-i\"><img src=\"https:\/\/cdn.oxu.az\/uploads\/W1siZiIsIjIwMjMvMDUvMDgvMTcvMDkvMzYvMzA2MDZiMzEtOTljZC00NWJlLTkxYTQtMzM3ZTIwYTU1YjM4L2IwY2U1ZTk3LTY5NjAtMzFmMi05YTViLTNkNDBhZjY5Y2Q3Ny5qcGciXSxbInAiLCJlbmNvZGUiLCJqcGciLCItcXVhbGl0eSA4MCJdLFsicCIsInRodW1iIiwiNTkweDU5MFx1MDAzZSJdXQ?sha=627e1267d5f02e88\" alt=\"\" \/><\/p>\n<div class=\"gallery-i-caption\"><\/div>\n<\/div>\n<div class=\"gallery-i\"><img src=\"https:\/\/cdn.oxu.az\/uploads\/W1siZiIsIjIwMjMvMDUvMDgvMTcvMDkvMzYvMzI4NjQyODAtOTJjOC00OTkzLWI4NzYtYWJkMWIzYjVhMGJhLzQ1NTQ1MjIwLTQ0YzEtM2NhZC1hNTM3LTFiNTcxMThmYTRjZC5qcGciXSxbInAiLCJlbmNvZGUiLCJqcGciLCItcXVhbGl0eSA4MCJdLFsicCIsInRodW1iIiwiNTkweDU5MFx1MDAzZSJdXQ?sha=76184b7b6f0340ad\" alt=\"\" \/><\/p>\n<div class=\"gallery-i-caption\"><\/div>\n<\/div>\n<\/div>\n<\/div>\n<\/article>\n","protected":false},"excerpt":{"rendered":"<p>Ekologiya v\u0259 T\u0259bii S\u0259rv\u0259tl\u0259r Nazirliyind\u0259 m\u00fcasir v\u0259 m\u00fcst\u0259qil Az\u0259rbaycan d\u00f6vl\u0259tinin qurucusu, ulu \u00f6nd\u0259r Heyd\u0259r \u018fliyevin 100 illik yubileyin\u0259 h\u0259sr olunmu\u015f konfrans ke\u00e7irilib. Nazirliyin \u0259m\u0259kda\u015flar\u0131 \u0259vv\u0259lc\u0259 F\u0259xri xiyabanda \u00fcmummilli lider Heyd\u0259r \u018fliyevin m\u0259zar\u0131n\u0131 ziyar\u0259t edib, \u00f6n\u00fcn\u0259 \u0259klil v\u0259 g\u00fcl d\u0259st\u0259l\u0259ri qoyublar. G\u00f6rk\u0259mli oftalmoloq alim, akademik Z\u0259rif\u0259 \u018fliyevan\u0131n xatir\u0259si d\u0259 ehtiramla yad edilib. Daha sonra nazirliyin inzibati binas\u0131nda yerl\u0259\u015f\u0259n \u201cHeyd\u0259r \u018fliyev gu\u015f\u0259si\u201dnd\u0259 ulu \u00f6nd\u0259r Heyd\u0259r \u018fliyevin b\u00fcst\u00fc \u00f6n\u00fcn\u0259 g\u00fcl d\u0259st\u0259l\u0259ri d\u00fcz\u00fcl\u00fcb, dahi \u015f\u0259xsiyy\u0259tin xatir\u0259si an\u0131l\u0131b. Konfrans D\u00f6vl\u0259t Himninin s\u0259sl\u0259ndirilm\u0259si, \u00fcmummilli liderin \u0259ziz xatir\u0259sinin v\u0259 V\u0259t\u0259n u\u011frunda can\u0131ndan ke\u00e7mi\u015f \u015f\u0259hidl\u0259rimizin ruhunun bir d\u0259qiq\u0259lik&hellip;<\/p>\n","protected":false},"author":2,"featured_media":598972,"comment_status":"closed","ping_status":"closed","sticky":false,"template":"","format":"standard","meta":{"om_disable_all_campaigns":false,"_monsterinsights_skip_tracking":false,"_monsterinsights_sitenote_active":false,"_monsterinsights_sitenote_note":"","_monsterinsights_sitenote_category":0},"categories":[1],"tags":[],"aioseo_notices":[],"gutentor_comment":0,"rttpg_featured_image_url":{"full":["https:\/\/arantv.az\/wp-content\/uploads\/2023\/05\/a1147bfb-d81c-3098-9be5-00f561caea96_850.jpg",620,413,false],"landscape":["https:\/\/arantv.az\/wp-content\/uploads\/2023\/05\/a1147bfb-d81c-3098-9be5-00f561caea96_850.jpg",620,413,false],"portraits":["https:\/\/arantv.az\/wp-content\/uploads\/2023\/05\/a1147bfb-d81c-3098-9be5-00f561caea96_850.jpg",620,413,false],"thumbnail":["https:\/\/arantv.az\/wp-content\/uploads\/2023\/05\/a1147bfb-d81c-3098-9be5-00f561caea96_850-500x280.jpg",500,280,true],"medium":["https:\/\/arantv.az\/wp-content\/uploads\/2023\/05\/a1147bfb-d81c-3098-9be5-00f561caea96_850-548x365.jpg",548,365,true],"large":["https:\/\/arantv.az\/wp-content\/uploads\/2023\/05\/a1147bfb-d81c-3098-9be5-00f561caea96_850.jpg",620,413,false],"1536x1536":["https:\/\/arantv.az\/wp-content\/uploads\/2023\/05\/a1147bfb-d81c-3098-9be5-00f561caea96_850.jpg",620,413,false],"2048x2048":["https:\/\/arantv.az\/wp-content\/uploads\/2023\/05\/a1147bfb-d81c-3098-9be5-00f561caea96_850.jpg",620,413,false],"post-thumbnail":["https:\/\/arantv.az\/wp-content\/uploads\/2023\/05\/a1147bfb-d81c-3098-9be5-00f561caea96_850-240x172.jpg",240,172,true],"advps-thumb-one":["https:\/\/arantv.az\/wp-content\/uploads\/2023\/05\/a1147bfb-d81c-3098-9be5-00f561caea96_850.jpg",620,413,false]},"rttpg_author":{"display_name":"V\u00fcsal Rafiqo\u011flu","author_link":"https:\/\/arantv.az\/?author=2"},"rttpg_comment":0,"rttpg_category":"<a href=\"https:\/\/arantv.az\/?cat=1\" rel=\"category\">C\u0259miyy\u0259t<\/a>","rttpg_excerpt":"Ekologiya v\u0259 T\u0259bii S\u0259rv\u0259tl\u0259r Nazirliyind\u0259 m\u00fcasir v\u0259 m\u00fcst\u0259qil Az\u0259rbaycan d\u00f6vl\u0259tinin qurucusu, ulu \u00f6nd\u0259r Heyd\u0259r \u018fliyevin 100 illik yubileyin\u0259 h\u0259sr olunmu\u015f konfrans ke\u00e7irilib. Nazirliyin \u0259m\u0259kda\u015flar\u0131 \u0259vv\u0259lc\u0259 F\u0259xri xiyabanda \u00fcmummilli lider Heyd\u0259r \u018fliyevin m\u0259zar\u0131n\u0131 ziyar\u0259t edib, \u00f6n\u00fcn\u0259 \u0259klil v\u0259 g\u00fcl d\u0259st\u0259l\u0259ri qoyublar. G\u00f6rk\u0259mli oftalmoloq alim, akademik Z\u0259rif\u0259 \u018fliyevan\u0131n xatir\u0259si d\u0259 ehtiramla yad edilib. Daha sonra nazirliyin inzibati&hellip;","_links":{"self":[{"href":"https:\/\/arantv.az\/index.php?rest_route=\/wp\/v2\/posts\/598971"}],"collection":[{"href":"https:\/\/arantv.az\/index.php?rest_route=\/wp\/v2\/posts"}],"about":[{"href":"https:\/\/arantv.az\/index.php?rest_route=\/wp\/v2\/types\/post"}],"author":[{"embeddable":true,"href":"https:\/\/arantv.az\/index.php?rest_route=\/wp\/v2\/users\/2"}],"replies":[{"embeddable":true,"href":"https:\/\/arantv.az\/index.php?rest_route=%2Fwp%2Fv2%2Fcomments&post=598971"}],"version-history":[{"count":0,"href":"https:\/\/arantv.az\/index.php?rest_route=\/wp\/v2\/posts\/598971\/revisions"}],"wp:featuredmedia":[{"embeddable":true,"href":"https:\/\/arantv.az\/index.php?rest_route=\/wp\/v2\/media\/598972"}],"wp:attachment":[{"href":"https:\/\/arantv.az\/index.php?rest_route=%2Fwp%2Fv2%2Fmedia&parent=598971"}],"wp:term":[{"taxonomy":"category","embeddable":true,"href":"https:\/\/arantv.az\/index.php?rest_route=%2Fwp%2Fv2%2Fcategories&post=598971"},{"taxonomy":"post_tag","embeddable":true,"href":"https:\/\/arantv.az\/index.php?rest_route=%2Fwp%2Fv2%2Ftags&post=598971"}],"curies":[{"name":"wp","href":"https:\/\/api.w.org\/{rel}","templated":true}]}}