{"id":599012,"date":"2023-05-09T08:26:43","date_gmt":"2023-05-09T04:26:43","guid":{"rendered":"https:\/\/arantv.az\/?p=599012"},"modified":"2023-05-09T08:26:43","modified_gmt":"2023-05-09T04:26:43","slug":"bin%c9%99q%c9%99did%c9%99-45-yasli-kisi-q%c9%99tl%c9%99-yetirildi-ogey-oglu-saxlanildi","status":"publish","type":"post","link":"https:\/\/arantv.az\/?p=599012","title":{"rendered":"Bin\u0259q\u0259did\u0259 45 ya\u015fl\u0131 ki\u015fi q\u0259tl\u0259 yetirildi, \u00f6gey o\u011flu saxlan\u0131ld\u0131"},"content":{"rendered":"<p>Bin\u0259q\u0259did\u0259 45 ya\u015fl\u0131 ki\u015fi q\u0259tl\u0259 yetirilib.<\/p>\n<p>Bu bar\u0259d\u0259 Daxili \u0130\u015fl\u0259r Nazirliyi (D\u0130N) m\u0259lumat yay\u0131b.<\/p>\n<p>Bildirilib ki, may\u0131n 8-d\u0259 saat 22 rad\u0259l\u0259rind\u0259 paytaxt\u0131n Bin\u0259q\u0259di rayonu R\u0259sulzad\u0259 q\u0259s\u0259b\u0259sind\u0259 evl\u0259rin birind\u0259 1978-ci il t\u0259v\u0259ll\u00fcdl\u00fc Rahib Telman o\u011flu Mehdiyevin k\u0259silmi\u015f-de\u015filmi\u015f x\u0259sar\u0259tl\u0259rd\u0259n \u00f6lm\u0259si bar\u0259d\u0259 polis\u0259 m\u0259lumat daxil olub.<\/p>\n<div id=\"22881913269\"><\/div>\n<p>Qeyd edilib ki, cinay\u0259t \u0259m\u0259lini t\u00f6r\u0259tm\u0259kd\u0259 \u015f\u00fcbh\u0259li bilin\u0259n, R.Mehdiyevin \u00f6gey o\u011flu, 2002-ci il t\u0259v\u0259lldl\u00fc Elg\u00fcn N\u0259bi o\u011flu Abbasov polis \u0259m\u0259kda\u015flar\u0131 t\u0259r\u0259find\u0259n saxlan\u0131l\u0131b.<\/p>\n<p>Faktla ba\u011fl\u0131 ara\u015fd\u0131rma apar\u0131l\u0131r.<\/p>\n","protected":false},"excerpt":{"rendered":"<p>Bin\u0259q\u0259did\u0259 45 ya\u015fl\u0131 ki\u015fi q\u0259tl\u0259 yetirilib. Bu bar\u0259d\u0259 Daxili \u0130\u015fl\u0259r Nazirliyi (D\u0130N) m\u0259lumat yay\u0131b. Bildirilib ki, may\u0131n 8-d\u0259 saat 22 rad\u0259l\u0259rind\u0259 paytaxt\u0131n Bin\u0259q\u0259di rayonu R\u0259sulzad\u0259 q\u0259s\u0259b\u0259sind\u0259 evl\u0259rin birind\u0259 1978-ci il t\u0259v\u0259ll\u00fcdl\u00fc Rahib Telman o\u011flu Mehdiyevin k\u0259silmi\u015f-de\u015filmi\u015f x\u0259sar\u0259tl\u0259rd\u0259n \u00f6lm\u0259si bar\u0259d\u0259 polis\u0259 m\u0259lumat daxil olub. Qeyd edilib ki, cinay\u0259t \u0259m\u0259lini t\u00f6r\u0259tm\u0259kd\u0259 \u015f\u00fcbh\u0259li bilin\u0259n, R.Mehdiyevin \u00f6gey o\u011flu, 2002-ci il t\u0259v\u0259lldl\u00fc Elg\u00fcn N\u0259bi o\u011flu Abbasov polis \u0259m\u0259kda\u015flar\u0131 t\u0259r\u0259find\u0259n saxlan\u0131l\u0131b. Faktla ba\u011fl\u0131 ara\u015fd\u0131rma apar\u0131l\u0131r.<\/p>\n","protected":false},"author":2,"featured_media":599013,"comment_status":"closed","ping_status":"closed","sticky":false,"template":"","format":"standard","meta":{"om_disable_all_campaigns":false,"_monsterinsights_skip_tracking":false,"_monsterinsights_sitenote_active":false,"_monsterinsights_sitenote_note":"","_monsterinsights_sitenote_category":0},"categories":[3],"tags":[],"aioseo_notices":[],"gutentor_comment":0,"rttpg_featured_image_url":{"full":["https:\/\/arantv.az\/wp-content\/uploads\/2023\/05\/FotoJet-2023-02-01T124620.692.jpg",620,413,false],"landscape":["https:\/\/arantv.az\/wp-content\/uploads\/2023\/05\/FotoJet-2023-02-01T124620.692.jpg",620,413,false],"portraits":["https:\/\/arantv.az\/wp-content\/uploads\/2023\/05\/FotoJet-2023-02-01T124620.692.jpg",620,413,false],"thumbnail":["https:\/\/arantv.az\/wp-content\/uploads\/2023\/05\/FotoJet-2023-02-01T124620.692-500x280.jpg",500,280,true],"medium":["https:\/\/arantv.az\/wp-content\/uploads\/2023\/05\/FotoJet-2023-02-01T124620.692-548x365.jpg",548,365,true],"large":["https:\/\/arantv.az\/wp-content\/uploads\/2023\/05\/FotoJet-2023-02-01T124620.692.jpg",620,413,false],"1536x1536":["https:\/\/arantv.az\/wp-content\/uploads\/2023\/05\/FotoJet-2023-02-01T124620.692.jpg",620,413,false],"2048x2048":["https:\/\/arantv.az\/wp-content\/uploads\/2023\/05\/FotoJet-2023-02-01T124620.692.jpg",620,413,false],"post-thumbnail":["https:\/\/arantv.az\/wp-content\/uploads\/2023\/05\/FotoJet-2023-02-01T124620.692-240x172.jpg",240,172,true],"advps-thumb-one":["https:\/\/arantv.az\/wp-content\/uploads\/2023\/05\/FotoJet-2023-02-01T124620.692.jpg",620,413,false]},"rttpg_author":{"display_name":"V\u00fcsal Rafiqo\u011flu","author_link":"https:\/\/arantv.az\/?author=2"},"rttpg_comment":0,"rttpg_category":"<a href=\"https:\/\/arantv.az\/?cat=3\" rel=\"category\">Kriminal<\/a>","rttpg_excerpt":"Bin\u0259q\u0259did\u0259 45 ya\u015fl\u0131 ki\u015fi q\u0259tl\u0259 yetirilib. Bu bar\u0259d\u0259 Daxili \u0130\u015fl\u0259r Nazirliyi (D\u0130N) m\u0259lumat yay\u0131b. Bildirilib ki, may\u0131n 8-d\u0259 saat 22 rad\u0259l\u0259rind\u0259 paytaxt\u0131n Bin\u0259q\u0259di rayonu R\u0259sulzad\u0259 q\u0259s\u0259b\u0259sind\u0259 evl\u0259rin birind\u0259 1978-ci il t\u0259v\u0259ll\u00fcdl\u00fc Rahib Telman o\u011flu Mehdiyevin k\u0259silmi\u015f-de\u015filmi\u015f x\u0259sar\u0259tl\u0259rd\u0259n \u00f6lm\u0259si bar\u0259d\u0259 polis\u0259 m\u0259lumat daxil olub. Qeyd edilib ki, cinay\u0259t \u0259m\u0259lini t\u00f6r\u0259tm\u0259kd\u0259 \u015f\u00fcbh\u0259li bilin\u0259n, R.Mehdiyevin \u00f6gey o\u011flu, 2002-ci&hellip;","_links":{"self":[{"href":"https:\/\/arantv.az\/index.php?rest_route=\/wp\/v2\/posts\/599012"}],"collection":[{"href":"https:\/\/arantv.az\/index.php?rest_route=\/wp\/v2\/posts"}],"about":[{"href":"https:\/\/arantv.az\/index.php?rest_route=\/wp\/v2\/types\/post"}],"author":[{"embeddable":true,"href":"https:\/\/arantv.az\/index.php?rest_route=\/wp\/v2\/users\/2"}],"replies":[{"embeddable":true,"href":"https:\/\/arantv.az\/index.php?rest_route=%2Fwp%2Fv2%2Fcomments&post=599012"}],"version-history":[{"count":0,"href":"https:\/\/arantv.az\/index.php?rest_route=\/wp\/v2\/posts\/599012\/revisions"}],"wp:featuredmedia":[{"embeddable":true,"href":"https:\/\/arantv.az\/index.php?rest_route=\/wp\/v2\/media\/599013"}],"wp:attachment":[{"href":"https:\/\/arantv.az\/index.php?rest_route=%2Fwp%2Fv2%2Fmedia&parent=599012"}],"wp:term":[{"taxonomy":"category","embeddable":true,"href":"https:\/\/arantv.az\/index.php?rest_route=%2Fwp%2Fv2%2Fcategories&post=599012"},{"taxonomy":"post_tag","embeddable":true,"href":"https:\/\/arantv.az\/index.php?rest_route=%2Fwp%2Fv2%2Ftags&post=599012"}],"curies":[{"name":"wp","href":"https:\/\/api.w.org\/{rel}","templated":true}]}}