{"id":599015,"date":"2023-05-09T08:28:45","date_gmt":"2023-05-09T04:28:45","guid":{"rendered":"https:\/\/arantv.az\/?p=599015"},"modified":"2023-05-09T08:28:45","modified_gmt":"2023-05-09T04:28:45","slug":"prezidentd%c9%99n-9-may-q%c9%99l%c9%99b%c9%99-gunu-il%c9%99-bagli-paylasim","status":"publish","type":"post","link":"https:\/\/arantv.az\/?p=599015","title":{"rendered":"Prezidentd\u0259n 9 May Q\u0259l\u0259b\u0259 g\u00fcn\u00fc il\u0259 ba\u011fl\u0131 PAYLA\u015eIM"},"content":{"rendered":"<p>Az\u0259rbaycan Respublikas\u0131n\u0131n Prezidenti \u0130lham \u018fliyev tviter hesab\u0131nda 9 May Q\u0259l\u0259b\u0259 g\u00fcn\u00fc il\u0259 ba\u011fl\u0131 payla\u015f\u0131m edib.<\/p>\n<p><strong>ARANTV.AZ<\/strong> x\u0259b\u0259r verir ki, payla\u015f\u0131mda qeyd olunub: \u201c9 may \u2012 II D\u00fcnya m\u00fcharib\u0259sind\u0259 fa\u015fizm \u00fcz\u0259rind\u0259 q\u0259l\u0259b\u0259 m\u00fcnasib\u0259til\u0259 Az\u0259rbaycan veteranlar\u0131n\u0131 t\u0259brik edir\u0259m!<\/p>\n","protected":false},"excerpt":{"rendered":"<p>Az\u0259rbaycan Respublikas\u0131n\u0131n Prezidenti \u0130lham \u018fliyev tviter hesab\u0131nda 9 May Q\u0259l\u0259b\u0259 g\u00fcn\u00fc il\u0259 ba\u011fl\u0131 payla\u015f\u0131m edib. ARANTV.AZ x\u0259b\u0259r verir ki, payla\u015f\u0131mda qeyd olunub: \u201c9 may \u2012 II D\u00fcnya m\u00fcharib\u0259sind\u0259 fa\u015fizm \u00fcz\u0259rind\u0259 q\u0259l\u0259b\u0259 m\u00fcnasib\u0259til\u0259 Az\u0259rbaycan veteranlar\u0131n\u0131 t\u0259brik edir\u0259m!<\/p>\n","protected":false},"author":2,"featured_media":599016,"comment_status":"closed","ping_status":"closed","sticky":false,"template":"","format":"standard","meta":{"om_disable_all_campaigns":false,"_monsterinsights_skip_tracking":false,"_monsterinsights_sitenote_active":false,"_monsterinsights_sitenote_note":"","_monsterinsights_sitenote_category":0},"categories":[19],"tags":[],"aioseo_notices":[],"gutentor_comment":0,"rttpg_featured_image_url":{"full":["https:\/\/arantv.az\/wp-content\/uploads\/2023\/05\/6459c9daa682a6459c9daa682c1683605978d07a3809b54c654a2da4a59883010d96.jpg",740,493,false],"landscape":["https:\/\/arantv.az\/wp-content\/uploads\/2023\/05\/6459c9daa682a6459c9daa682c1683605978d07a3809b54c654a2da4a59883010d96.jpg",740,493,false],"portraits":["https:\/\/arantv.az\/wp-content\/uploads\/2023\/05\/6459c9daa682a6459c9daa682c1683605978d07a3809b54c654a2da4a59883010d96.jpg",740,493,false],"thumbnail":["https:\/\/arantv.az\/wp-content\/uploads\/2023\/05\/6459c9daa682a6459c9daa682c1683605978d07a3809b54c654a2da4a59883010d96-500x280.jpg",500,280,true],"medium":["https:\/\/arantv.az\/wp-content\/uploads\/2023\/05\/6459c9daa682a6459c9daa682c1683605978d07a3809b54c654a2da4a59883010d96-548x365.jpg",548,365,true],"large":["https:\/\/arantv.az\/wp-content\/uploads\/2023\/05\/6459c9daa682a6459c9daa682c1683605978d07a3809b54c654a2da4a59883010d96.jpg",640,426,false],"1536x1536":["https:\/\/arantv.az\/wp-content\/uploads\/2023\/05\/6459c9daa682a6459c9daa682c1683605978d07a3809b54c654a2da4a59883010d96.jpg",740,493,false],"2048x2048":["https:\/\/arantv.az\/wp-content\/uploads\/2023\/05\/6459c9daa682a6459c9daa682c1683605978d07a3809b54c654a2da4a59883010d96.jpg",740,493,false],"post-thumbnail":["https:\/\/arantv.az\/wp-content\/uploads\/2023\/05\/6459c9daa682a6459c9daa682c1683605978d07a3809b54c654a2da4a59883010d96-240x172.jpg",240,172,true],"advps-thumb-one":["https:\/\/arantv.az\/wp-content\/uploads\/2023\/05\/6459c9daa682a6459c9daa682c1683605978d07a3809b54c654a2da4a59883010d96.jpg",740,493,false]},"rttpg_author":{"display_name":"V\u00fcsal Rafiqo\u011flu","author_link":"https:\/\/arantv.az\/?author=2"},"rttpg_comment":0,"rttpg_category":"<a href=\"https:\/\/arantv.az\/?cat=19\" rel=\"category\">G\u00fcnd\u0259m<\/a>","rttpg_excerpt":"Az\u0259rbaycan Respublikas\u0131n\u0131n Prezidenti \u0130lham \u018fliyev tviter hesab\u0131nda 9 May Q\u0259l\u0259b\u0259 g\u00fcn\u00fc il\u0259 ba\u011fl\u0131 payla\u015f\u0131m edib. ARANTV.AZ x\u0259b\u0259r verir ki, payla\u015f\u0131mda qeyd olunub: \u201c9 may \u2012 II D\u00fcnya m\u00fcharib\u0259sind\u0259 fa\u015fizm \u00fcz\u0259rind\u0259 q\u0259l\u0259b\u0259 m\u00fcnasib\u0259til\u0259 Az\u0259rbaycan veteranlar\u0131n\u0131 t\u0259brik edir\u0259m!","_links":{"self":[{"href":"https:\/\/arantv.az\/index.php?rest_route=\/wp\/v2\/posts\/599015"}],"collection":[{"href":"https:\/\/arantv.az\/index.php?rest_route=\/wp\/v2\/posts"}],"about":[{"href":"https:\/\/arantv.az\/index.php?rest_route=\/wp\/v2\/types\/post"}],"author":[{"embeddable":true,"href":"https:\/\/arantv.az\/index.php?rest_route=\/wp\/v2\/users\/2"}],"replies":[{"embeddable":true,"href":"https:\/\/arantv.az\/index.php?rest_route=%2Fwp%2Fv2%2Fcomments&post=599015"}],"version-history":[{"count":0,"href":"https:\/\/arantv.az\/index.php?rest_route=\/wp\/v2\/posts\/599015\/revisions"}],"wp:featuredmedia":[{"embeddable":true,"href":"https:\/\/arantv.az\/index.php?rest_route=\/wp\/v2\/media\/599016"}],"wp:attachment":[{"href":"https:\/\/arantv.az\/index.php?rest_route=%2Fwp%2Fv2%2Fmedia&parent=599015"}],"wp:term":[{"taxonomy":"category","embeddable":true,"href":"https:\/\/arantv.az\/index.php?rest_route=%2Fwp%2Fv2%2Fcategories&post=599015"},{"taxonomy":"post_tag","embeddable":true,"href":"https:\/\/arantv.az\/index.php?rest_route=%2Fwp%2Fv2%2Ftags&post=599015"}],"curies":[{"name":"wp","href":"https:\/\/api.w.org\/{rel}","templated":true}]}}