{"id":599018,"date":"2023-05-09T08:38:06","date_gmt":"2023-05-09T04:38:06","guid":{"rendered":"https:\/\/arantv.az\/?p=599018"},"modified":"2023-05-09T08:38:06","modified_gmt":"2023-05-09T04:38:06","slug":"mehriban-%c9%99liyeva-fasizm-uz%c9%99rind%c9%99-q%c9%99l%c9%99b%c9%99-gunu-il%c9%99-bagli-paylasim-edib","status":"publish","type":"post","link":"https:\/\/arantv.az\/?p=599018","title":{"rendered":"Mehriban \u018fliyeva fa\u015fizm \u00fcz\u0259rind\u0259 Q\u0259l\u0259b\u0259 G\u00fcn\u00fc il\u0259 ba\u011fl\u0131 payla\u015f\u0131m edib"},"content":{"rendered":"<p>Az\u0259rbaycan\u0131n Birinci Vitse-prezidenti Mehriban \u018fliyeva sosial \u015f\u0259b\u0259k\u0259 hesablar\u0131nda 9 May fa\u015fizm \u00fcz\u0259rind\u0259 Q\u0259l\u0259b\u0259 g\u00fcn\u00fc il\u0259 ba\u011fl\u0131 payla\u015f\u0131m edib.<\/p>\n<p>Arantv.az x\u0259b\u0259r verir ki, payla\u015f\u0131mda deyilir:<\/p>\n<p>&#8220;Fa\u015fizm \u00fcz\u0259rind\u0259 Q\u0259l\u0259b\u0259 g\u00fcn\u00fc m\u00fcnasib\u0259til\u0259 b\u00fct\u00fcn veteranlar\u0131m\u0131z\u0131 t\u0259brik edir, h\u0259r bir v\u0259t\u0259nda\u015f\u0131m\u0131za m\u00f6hk\u0259m cansa\u011fl\u0131\u011f\u0131, \u00f6lk\u0259miz\u0259 s\u00fclh v\u0259 t\u0259r\u0259qqi arzulay\u0131ram&#8221;.<\/p>\n<div class=\"twitter-tweet twitter-tweet-rendered\"><iframe id=\"twitter-widget-0\" class=\"\" title=\"Twitter Tweet\" src=\"https:\/\/platform.twitter.com\/embed\/Tweet.html?dnt=false&amp;embedId=twitter-widget-0&amp;features=eyJ0ZndfdGltZWxpbmVfbGlzdCI6eyJidWNrZXQiOltdLCJ2ZXJzaW9uIjpudWxsfSwidGZ3X2ZvbGxvd2VyX2NvdW50X3N1bnNldCI6eyJidWNrZXQiOnRydWUsInZlcnNpb24iOm51bGx9LCJ0ZndfdHdlZXRfZWRpdF9iYWNrZW5kIjp7ImJ1Y2tldCI6Im9uIiwidmVyc2lvbiI6bnVsbH0sInRmd19yZWZzcmNfc2Vzc2lvbiI6eyJidWNrZXQiOiJvbiIsInZlcnNpb24iOm51bGx9LCJ0ZndfZm9zbnJfc29mdF9pbnRlcnZlbnRpb25zX2VuYWJsZWQiOnsiYnVja2V0Ijoib24iLCJ2ZXJzaW9uIjpudWxsfSwidGZ3X21peGVkX21lZGlhXzE1ODk3Ijp7ImJ1Y2tldCI6InRyZWF0bWVudCIsInZlcnNpb24iOm51bGx9LCJ0ZndfZXhwZXJpbWVudHNfY29va2llX2V4cGlyYXRpb24iOnsiYnVja2V0IjoxMjA5NjAwLCJ2ZXJzaW9uIjpudWxsfSwidGZ3X3Nob3dfYmlyZHdhdGNoX3Bpdm90c19lbmFibGVkIjp7ImJ1Y2tldCI6Im9uIiwidmVyc2lvbiI6bnVsbH0sInRmd19kdXBsaWNhdGVfc2NyaWJlc190b19zZXR0aW5ncyI6eyJidWNrZXQiOiJvbiIsInZlcnNpb24iOm51bGx9LCJ0ZndfdXNlX3Byb2ZpbGVfaW1hZ2Vfc2hhcGVfZW5hYmxlZCI6eyJidWNrZXQiOiJvbiIsInZlcnNpb24iOm51bGx9LCJ0ZndfdmlkZW9faGxzX2R5bmFtaWNfbWFuaWZlc3RzXzE1MDgyIjp7ImJ1Y2tldCI6InRydWVfYml0cmF0ZSIsInZlcnNpb24iOm51bGx9LCJ0ZndfbGVnYWN5X3RpbWVsaW5lX3N1bnNldCI6eyJidWNrZXQiOnRydWUsInZlcnNpb24iOm51bGx9LCJ0ZndfdHdlZXRfZWRpdF9mcm9udGVuZCI6eyJidWNrZXQiOiJvbiIsInZlcnNpb24iOm51bGx9fQ%3D%3D&amp;frame=false&amp;hideCard=false&amp;hideThread=false&amp;id=1655785275501445121&amp;lang=en&amp;origin=https%3A%2F%2Freport.az%2Fdaxili-siyaset%2Fbirinci-vitse-prezident-9-may-qelebe-gunu-ile-bagli-paylasim-edib%2F&amp;sessionId=af48040610fe6bcddbc648cca36fdfe43338d42b&amp;theme=light&amp;widgetsVersion=aaf4084522e3a%3A1674595607486&amp;width=550px\" frameborder=\"0\" scrolling=\"no\" allowfullscreen=\"allowfullscreen\" data-tweet-id=\"1655785275501445121\" data-mce-fragment=\"1\"><\/iframe><\/div>\n","protected":false},"excerpt":{"rendered":"<p>Az\u0259rbaycan\u0131n Birinci Vitse-prezidenti Mehriban \u018fliyeva sosial \u015f\u0259b\u0259k\u0259 hesablar\u0131nda 9 May fa\u015fizm \u00fcz\u0259rind\u0259 Q\u0259l\u0259b\u0259 g\u00fcn\u00fc il\u0259 ba\u011fl\u0131 payla\u015f\u0131m edib. Arantv.az x\u0259b\u0259r verir ki, payla\u015f\u0131mda deyilir: &#8220;Fa\u015fizm \u00fcz\u0259rind\u0259 Q\u0259l\u0259b\u0259 g\u00fcn\u00fc m\u00fcnasib\u0259til\u0259 b\u00fct\u00fcn veteranlar\u0131m\u0131z\u0131 t\u0259brik edir, h\u0259r bir v\u0259t\u0259nda\u015f\u0131m\u0131za m\u00f6hk\u0259m cansa\u011fl\u0131\u011f\u0131, \u00f6lk\u0259miz\u0259 s\u00fclh v\u0259 t\u0259r\u0259qqi arzulay\u0131ram&#8221;.<\/p>\n","protected":false},"author":2,"featured_media":599019,"comment_status":"closed","ping_status":"closed","sticky":false,"template":"","format":"standard","meta":{"om_disable_all_campaigns":false,"_monsterinsights_skip_tracking":false,"_monsterinsights_sitenote_active":false,"_monsterinsights_sitenote_note":"","_monsterinsights_sitenote_category":0},"categories":[19],"tags":[],"aioseo_notices":[],"gutentor_comment":0,"rttpg_featured_image_url":{"full":["https:\/\/arantv.az\/wp-content\/uploads\/2023\/05\/fbfdc797-b640-4284-802a-891f8e5e2de7_850.jpg",850,530,false],"landscape":["https:\/\/arantv.az\/wp-content\/uploads\/2023\/05\/fbfdc797-b640-4284-802a-891f8e5e2de7_850.jpg",850,530,false],"portraits":["https:\/\/arantv.az\/wp-content\/uploads\/2023\/05\/fbfdc797-b640-4284-802a-891f8e5e2de7_850.jpg",850,530,false],"thumbnail":["https:\/\/arantv.az\/wp-content\/uploads\/2023\/05\/fbfdc797-b640-4284-802a-891f8e5e2de7_850-500x280.jpg",500,280,true],"medium":["https:\/\/arantv.az\/wp-content\/uploads\/2023\/05\/fbfdc797-b640-4284-802a-891f8e5e2de7_850-585x365.jpg",585,365,true],"large":["https:\/\/arantv.az\/wp-content\/uploads\/2023\/05\/fbfdc797-b640-4284-802a-891f8e5e2de7_850-840x524.jpg",640,399,true],"1536x1536":["https:\/\/arantv.az\/wp-content\/uploads\/2023\/05\/fbfdc797-b640-4284-802a-891f8e5e2de7_850.jpg",850,530,false],"2048x2048":["https:\/\/arantv.az\/wp-content\/uploads\/2023\/05\/fbfdc797-b640-4284-802a-891f8e5e2de7_850.jpg",850,530,false],"post-thumbnail":["https:\/\/arantv.az\/wp-content\/uploads\/2023\/05\/fbfdc797-b640-4284-802a-891f8e5e2de7_850-240x172.jpg",240,172,true],"advps-thumb-one":["https:\/\/arantv.az\/wp-content\/uploads\/2023\/05\/fbfdc797-b640-4284-802a-891f8e5e2de7_850.jpg",850,530,false]},"rttpg_author":{"display_name":"V\u00fcsal Rafiqo\u011flu","author_link":"https:\/\/arantv.az\/?author=2"},"rttpg_comment":0,"rttpg_category":"<a href=\"https:\/\/arantv.az\/?cat=19\" rel=\"category\">G\u00fcnd\u0259m<\/a>","rttpg_excerpt":"Az\u0259rbaycan\u0131n Birinci Vitse-prezidenti Mehriban \u018fliyeva sosial \u015f\u0259b\u0259k\u0259 hesablar\u0131nda 9 May fa\u015fizm \u00fcz\u0259rind\u0259 Q\u0259l\u0259b\u0259 g\u00fcn\u00fc il\u0259 ba\u011fl\u0131 payla\u015f\u0131m edib. Arantv.az x\u0259b\u0259r verir ki, payla\u015f\u0131mda deyilir: &#8220;Fa\u015fizm \u00fcz\u0259rind\u0259 Q\u0259l\u0259b\u0259 g\u00fcn\u00fc m\u00fcnasib\u0259til\u0259 b\u00fct\u00fcn veteranlar\u0131m\u0131z\u0131 t\u0259brik edir, h\u0259r bir v\u0259t\u0259nda\u015f\u0131m\u0131za m\u00f6hk\u0259m cansa\u011fl\u0131\u011f\u0131, \u00f6lk\u0259miz\u0259 s\u00fclh v\u0259 t\u0259r\u0259qqi arzulay\u0131ram&#8221;.","_links":{"self":[{"href":"https:\/\/arantv.az\/index.php?rest_route=\/wp\/v2\/posts\/599018"}],"collection":[{"href":"https:\/\/arantv.az\/index.php?rest_route=\/wp\/v2\/posts"}],"about":[{"href":"https:\/\/arantv.az\/index.php?rest_route=\/wp\/v2\/types\/post"}],"author":[{"embeddable":true,"href":"https:\/\/arantv.az\/index.php?rest_route=\/wp\/v2\/users\/2"}],"replies":[{"embeddable":true,"href":"https:\/\/arantv.az\/index.php?rest_route=%2Fwp%2Fv2%2Fcomments&post=599018"}],"version-history":[{"count":0,"href":"https:\/\/arantv.az\/index.php?rest_route=\/wp\/v2\/posts\/599018\/revisions"}],"wp:featuredmedia":[{"embeddable":true,"href":"https:\/\/arantv.az\/index.php?rest_route=\/wp\/v2\/media\/599019"}],"wp:attachment":[{"href":"https:\/\/arantv.az\/index.php?rest_route=%2Fwp%2Fv2%2Fmedia&parent=599018"}],"wp:term":[{"taxonomy":"category","embeddable":true,"href":"https:\/\/arantv.az\/index.php?rest_route=%2Fwp%2Fv2%2Fcategories&post=599018"},{"taxonomy":"post_tag","embeddable":true,"href":"https:\/\/arantv.az\/index.php?rest_route=%2Fwp%2Fv2%2Ftags&post=599018"}],"curies":[{"name":"wp","href":"https:\/\/api.w.org\/{rel}","templated":true}]}}