{"id":599043,"date":"2023-05-09T10:37:01","date_gmt":"2023-05-09T06:37:01","guid":{"rendered":"https:\/\/arantv.az\/?p=599043"},"modified":"2023-05-09T10:37:01","modified_gmt":"2023-05-09T06:37:01","slug":"regionda-bas-ver%c9%99n-prosesl%c9%99r%c9%99-goz-yuma-bilm%c9%99rik","status":"publish","type":"post","link":"https:\/\/arantv.az\/?p=599043","title":{"rendered":"Regionda ba\u015f ver\u0259n prosesl\u0259r\u0259 g\u00f6z yuma bilm\u0259rik!"},"content":{"rendered":"<p>Biz regionda ba\u015f ver\u0259n prosesl\u0259r\u0259 g\u00f6z yuma bilm\u0259rik \u00d6lk\u0259 Prezidenti c\u0259nab \u0130lham \u018fliyevin cari ilin 3 may tarixind\u0259 \u015eu\u015fada \u00dcmummilli Lider Heyd\u0259r \u018fliyevin 100 illik yubileyin\u0259 h\u0259sr olunmu\u015f \u201cB\u00f6y\u00fck Avrasiya geosiyas\u0259tinin formala\u015fmas\u0131: ke\u00e7mi\u015fd\u0259n bu g\u00fcn\u0259 v\u0259 g\u0259l\u0259c\u0259y\u0259\u201d m\u00f6vzusunda d\u00f6rd\u00fcnc\u00fc beyn\u0259lxalq konfransdak\u0131 \u00e7\u0131x\u0131\u015f\u0131nda h\u0259r zaman oldu\u011fu kimi, \u00f6n\u0259mli a\u00e7\u0131qlamalar, \u0259sasl\u0131 t\u0259hlill\u0259r yer alm\u0131\u015fd\u0131r. \u0130lk n\u00f6vb\u0259d\u0259 m\u00f6ht\u0259r\u0259m d\u00f6vl\u0259t ba\u015f\u00e7\u0131m\u0131z bu beyn\u0259lxalq t\u0259dbirin Az\u0259rbaycanda elan olunmu\u015f Heyd\u0259r \u018fliyev \u0130lind\u0259 ke\u00e7irilm\u0259kl\u0259 x\u00fcsusi \u0259h\u0259miyy\u0259t k\u0259sb etmi\u015f oldu\u011funu vur\u011fulam\u0131\u015fd\u0131r. Qeyd olunmal\u0131d\u0131r ki, bu il \u0259rzind\u0259 h\u0259m \u00f6lk\u0259mizd\u0259, h\u0259m d\u0259 xaricd\u0259 m\u00fcasir m\u00fcst\u0259qil Az\u0259rbaycan\u0131n qurucusu, Ulu \u00d6nd\u0259r Heyd\u0259r \u018fliyevin \u0259ziz xatir\u0259sin\u0259 ehtiram \u0259lam\u0259ti olaraq v\u0259 eyni zamanda, daxili siyas\u0259t, regional inki\u015faf prosesl\u0259ri, beyn\u0259lxalq \u0259laq\u0259l\u0259r v\u0259 dig\u0259r m\u00f6vzulara h\u0259sr olunmu\u015f \u00e7oxsayl\u0131 t\u0259dbirl\u0259r, konfranslar t\u0259\u015fkil olunur. M\u00fcasir m\u00fcst\u0259qil d\u00f6vl\u0259timizin qurucusu, d\u00fcnya az\u0259rbaycanl\u0131lar\u0131n\u0131n \u00dcmummilli Lideri Heyd\u0259r \u018fliyevin \u00f6lk\u0259miz\u0259, xalq\u0131m\u0131za, d\u00f6vl\u0259t m\u00fcst\u0259qilliyimizin m\u00f6hk\u0259ml\u0259nm\u0259sin\u0259, insanlar\u0131m\u0131z\u0131n rifah hal\u0131n\u0131n y\u00fcks\u0259li\u015fin\u0259, g\u00fccl\u00fc d\u00fcny\u0259vi d\u00f6vl\u0259t quruculu\u011funa xidm\u0259td\u0259 ke\u00e7\u0259n \u015f\u0259r\u0259fli \u00f6m\u00fcr yolu, bu dahi \u015f\u0259xsiyy\u0259tin \u00f6lk\u0259mizin d\u00f6vl\u0259t\u00e7ilik tarixind\u0259 g\u00f6st\u0259rdiyi \u0259v\u0259zsiz xidm\u0259tl\u0259ri bu g\u00fcn art\u0131q sad\u0259c\u0259 C\u0259nubi Qafqaz regionunun deyil, b\u00fct\u00fcn Avrasiya m\u0259kan\u0131n\u0131n apar\u0131c\u0131 aktorlar\u0131ndan birin\u0259 \u00e7evrilm\u0259kd\u0259 olan Az\u0259rbaycan\u0131n sars\u0131lmaz b\u00fcn\u00f6vr\u0259sini t\u0259\u015fkil edir. M\u0259hz Ulu \u00d6nd\u0259rin g\u0259rgin \u0259m\u0259yi v\u0259 q\u0259tiyy\u0259ti say\u0259sind\u0259 yeni, m\u00fcasir Az\u0259rbaycan d\u00f6vl\u0259ti qurulmu\u015f, \u00f6lk\u0259miz d\u00fcnya m\u0259kan\u0131nda \u00f6z layiqli yerini tutmu\u015fdur. D\u00fcnyan\u0131n \u0259n g\u00f6rk\u0259mli siyasi v\u0259 d\u00f6vl\u0259t xadiml\u0259ri s\u0131ras\u0131nda \u00f6z yeri olan bu dahi \u015f\u0259xsiyy\u0259tin Az\u0259rbaycana r\u0259hb\u0259rlik etdiyi d\u00f6vr \u00e7ox\u0259srlik d\u00f6vl\u0259t\u00e7ilik tariximizin \u015fanl\u0131 salnam\u0259sin\u0259 \u0259n \u015f\u0259r\u0259fli s\u0259hif\u0259l\u0259r kimi yaz\u0131l\u0131b. Heyd\u0259r \u018fliyev m\u00fcasir d\u00f6vl\u0259t\u00e7iliyimizin siyasi, ideoloji v\u0259 iqtisadi \u0259saslar\u0131n\u0131 yaratmaqla, Az\u0259rbaycan xalq\u0131n\u0131n \u0259srl\u0259rd\u0259n b\u0259ri b\u0259sl\u0259diyi m\u00fcst\u0259qil, g\u00fccl\u00fc d\u00f6vl\u0259t\u0259 sahib olmaq arzusunu ger\u00e7\u0259kliy\u0259 \u00e7evirmi\u015f v\u0259 m\u0259hz bu xidm\u0259tl\u0259ri il\u0259 \u00dcmummilli Lider s\u0259viyy\u0259sin\u0259 y\u00fcks\u0259lmi\u015fdir. Ulu \u00d6nd\u0259r Heyd\u0259r \u018fliyevin \u0259n b\u00f6y\u00fck arzusu \u015eu\u015fan\u0131 azad g\u00f6rm\u0259k idi v\u0259 Az\u0259rbaycan xalq\u0131 \u00d6lk\u0259 Prezidenti, Ali Ba\u015f Komandan c\u0259nab \u0130lham \u018fliyevin \u0259traf\u0131nda s\u0131x birl\u0259\u015f\u0259r\u0259k 2020-ci ild\u0259 bu arzunu ger\u00e7\u0259kl\u0259\u015fdirdi. \u018flb\u0259tt\u0259 ki, konfrans i\u015ftirak\u00e7\u0131lar\u0131n\u0131 maraqland\u0131ran \u0259sas m\u00f6vzulardan biri d\u0259 Az\u0259rbaycan il\u0259 Erm\u0259nistan aras\u0131nda s\u00fclh sazi\u015finin imzalanmas\u0131 il\u0259 ba\u011fl\u0131 idi. Bu m\u0259s\u0259l\u0259y\u0259 dair verdiyi a\u00e7\u0131qlamalar\u0131nda c\u0259nab Prezident \u0130lham \u018fliyev bir daha h\u0259r k\u0259sin diqq\u0259tin\u0259 \u00e7atd\u0131rd\u0131 ki, \u00f6lk\u0259miz Erm\u0259nistanla s\u00fclh ba\u011flanmas\u0131 \u00fc\u00e7\u00fcn v\u0259 \u00fcmumiyy\u0259tl\u0259 C\u0259nubi Qafqazda dayan\u0131ql\u0131 s\u00fclh\u00fcn v\u0259 inki\u015faf\u0131n b\u0259rq\u0259rar olunmas\u0131 \u00fc\u00e7\u00fcn \u0259lind\u0259n g\u0259l\u0259ni edir. Verilmi\u015f b\u0259yanatlara v\u0259 hadis\u0259l\u0259rin xronologiyas\u0131na n\u0259z\u0259r sal\u0131nsa a\u00e7\u0131q \u015f\u0259kild\u0259 g\u00f6r\u00fcn\u00fcr ki, s\u00fclh sazi\u015fi haqq\u0131nda dan\u0131\u015f\u0131qlar\u0131n ba\u015flan\u0131lmas\u0131n\u0131 t\u0259klif ed\u0259n d\u0259 m\u0259hz Az\u0259rbaycan olmu\u015fdur. M\u0259s\u0259l\u0259 bundad\u0131r ki, 2020-ci ilin noyabr ay\u0131nda imzalanm\u0131\u015f \u00dc\u00e7t\u0259r\u0259fli B\u0259yanat n\u0259 at\u0259\u015fk\u0259s raz\u0131la\u015fmas\u0131 deyil, n\u0259 d\u0259 s\u00fclh sazi\u015fi deyil. Buna g\u00f6r\u0259 d\u0259 Az\u0259rbaycan inteqrasiya olunmu\u015f C\u0259nub Qafqaz, regional \u0259m\u0259kda\u015fl\u0131q, m\u00fcnasib\u0259tl\u0259rin normalla\u015fmas\u0131 namin\u0259 g\u0259l\u0259c\u0259y\u0259 bax\u0131\u015f konsepsiyas\u0131n\u0131 v\u0259 s\u00fclh dan\u0131\u015f\u0131qlar\u0131na ba\u015flamaq t\u0259\u015f\u0259bb\u00fcs\u00fcn\u00fc ir\u0259li s\u00fcrd\u00fc. Az\u0259rbaycan tamamil\u0259 beyn\u0259lxalq h\u00fcququn norma v\u0259 prinsipl\u0259rin\u0259 uy\u011fun g\u0259l\u0259n be\u015f prinsip \u0259sas\u0131nda dan\u0131\u015f\u0131qlara ba\u015flama\u011f\u0131, s\u00fclh sazi\u015finin haz\u0131rlanmas\u0131n\u0131 v\u0259 imzalanmas\u0131n\u0131 t\u0259klif etdi. Erm\u0259nistan bu prinsipl\u0259ri q\u0259bul etm\u0259y\u0259 bilm\u0259zdi. \u00c7\u00fcnki bu, beyn\u0259lxalq h\u00fcquqa a\u00e7\u0131q-a\u015fkar zidd add\u0131m olard\u0131. Bununla bel\u0259 be\u015f \u0259sas prinsipi q\u0259bul etdikd\u0259n sonra da r\u0259smi \u0130r\u0259van prosesl\u0259ri s\u00fcni \u015f\u0259kild\u0259 l\u0259ngidir v\u0259 vaxt\u0131 uzad\u0131r. Bu, tamamil\u0259 qeyri-konstruktiv m\u00f6vqedir. \u018flb\u0259tt\u0259 ki, Az\u0259rbaycan \u00f6z\u00fcn\u00fcn \u0259razi b\u00fct\u00f6vl\u00fcy\u00fcn\u00fc t\u0259min etm\u0259kl\u0259 \u0259sas m\u0259qs\u0259din\u0259 nail olub. Haz\u0131rda azad edilmi\u015f \u0259razil\u0259rd\u0259 s\u00fcr\u0259tli b\u0259rpa-yenid\u0259nqurma i\u015fl\u0259ri apar\u0131l\u0131r. Dig\u0259r t\u0259r\u0259fd\u0259n d\u0259 Az\u0259rbaycan m\u00fch\u00fcm beyn\u0259lxalq layih\u0259l\u0259rin \u0259sas i\u015ftirak\u00e7\u0131lar\u0131ndan biri olaraq yeni geosiyasi konfiqurasiyada \u00f6z m\u00f6vqel\u0259rini getdikc\u0259 m\u00f6hk\u0259ml\u0259ndirir. Y\u0259ni, Erm\u0259nistanla s\u00fclh m\u00fcqavil\u0259sinin imzalanmamas\u0131 Az\u0259rbaycan\u0131n inki\u015faf\u0131n\u0131 v\u0259 g\u00fccl\u0259nm\u0259sini l\u0259ngid\u0259 bil\u0259c\u0259k amil deyil. \u018fg\u0259r Erm\u0259nistan s\u00fclh ist\u0259mirs\u0259 s\u00fclh olmayacaq. Lakin bu, \u00fcmumiyy\u0259tl\u0259 arzuolunmaz hald\u0131r. \u0130lk n\u00f6vb\u0259d\u0259 Erm\u0259nistan\u0131n \u00f6z\u00fc \u00fc\u00e7\u00fcn v\u0259 \u0259lb\u0259tt\u0259 ki, b\u00fct\u00fcn region \u00fc\u00e7\u00fcn. Halbuki, s\u00fclh sazi\u015finin imzalanmas\u0131, kommunikasiyalar\u0131n a\u00e7\u0131lmas\u0131 Erm\u0259nistan\u0131n maraqlar\u0131na \u00e7ox xidm\u0259t edir. Bu yolla erm\u0259nil\u0259r m\u00fcxt\u0259lif bazarlara \u00e7\u0131x\u0131\u015f \u0259ld\u0259 ed\u0259 bil\u0259c\u0259kl\u0259r. Az\u0259rbaycan is\u0259, sad\u0259c\u0259 bu s\u0259hif\u0259nin ba\u011flanmas\u0131n\u0131 ist\u0259yir. Bunun \u00fc\u00e7\u00fcn d\u0259 m\u0259s\u0259l\u0259nin h\u0259llin\u0259, m\u00f6ht\u0259r\u0259m c\u0259nab Prezidentimizin d\u0259f\u0259l\u0259rl\u0259 b\u0259yan etdiyi kimi, ikiistiqam\u0259tli yana\u015fma olmal\u0131d\u0131r. Birincisi, Erm\u0259nistan-Az\u0259rbaycan m\u00fcnasib\u0259tl\u0259rinin normalla\u015fd\u0131r\u0131lmas\u0131, ikincisi, Az\u0259rbaycan h\u00f6kum\u0259ti v\u0259 Qaraba\u011f\u0131n erm\u0259ni icmas\u0131 il\u0259 dan\u0131\u015f\u0131qlar. Buna g\u00f6r\u0259 d\u0259 s\u00fclh sazi\u015finin m\u0259tnin\u0259 m\u00f6vcud olmayan qondarma \u201cDa\u011fl\u0131q Qaraba\u011f Respublikas\u0131\u201dn\u0131 salmaq \u00fc\u00e7\u00fcn ist\u0259nil\u0259n c\u0259hd qeyri-m\u0259hsuldard\u0131r v\u0259 he\u00e7 bir halda h\u0259yata ke\u00e7\u0259 bilm\u0259z. B\u00fct\u00fcn bunlarla yana\u015f\u0131 c\u0259nab Prezident \u0130lham \u018fliyev bir daha humanistlik m\u00f6vqel\u0259rind\u0259n \u00e7\u0131x\u0131\u015f ed\u0259r\u0259k bildirdi ki, \u0259g\u0259r r\u0259smi \u0130r\u0259van konstruktiv olmasa bel\u0259, Az\u0259rbaycan diplomatik t\u0259dbirl\u0259rd\u0259n ba\u015fqa h\u0259r hans\u0131 bir dig\u0259r t\u0259dbirl\u0259r\u0259 \u0259l atma\u011f\u0131 planla\u015fd\u0131rm\u0131r. Az\u0259rbaycan\u0131n apard\u0131\u011f\u0131 m\u00fcbariz\u0259 h\u0259mi\u015f\u0259 m\u0259hz \u00f6z torpaqlar\u0131n\u0131n m\u00fcdafi\u0259si v\u0259 azad olunmas\u0131 \u00fc\u00e7\u00fcn edilib. Art\u0131q biz torpaqlar\u0131m\u0131z\u0131 azad etmi\u015fik. Haz\u0131rda da m\u00fcharib\u0259 etm\u0259k fikrimiz yoxdur. Bunu bir daha Az\u0259rbaycan \u0259n y\u00fcks\u0259k s\u0259viyy\u0259d\u0259 b\u0259yan etdi. Bu, h\u0259m d\u0259 Erm\u0259nistan\u0131n b\u00fct\u00fcn d\u00fcnyaya haray sald\u0131\u011f\u0131 &#8220;Az\u0259rbaycan Erm\u0259nistan\u0131 i\u015f\u011fal etm\u0259k ist\u0259yir&#8221; t\u0259bli\u011fat\u0131na cavabd\u0131r.<\/p>\n","protected":false},"excerpt":{"rendered":"<p>Biz regionda ba\u015f ver\u0259n prosesl\u0259r\u0259 g\u00f6z yuma bilm\u0259rik \u00d6lk\u0259 Prezidenti c\u0259nab \u0130lham \u018fliyevin cari ilin 3 may tarixind\u0259 \u015eu\u015fada \u00dcmummilli Lider Heyd\u0259r \u018fliyevin 100 illik yubileyin\u0259 h\u0259sr olunmu\u015f \u201cB\u00f6y\u00fck Avrasiya geosiyas\u0259tinin formala\u015fmas\u0131: ke\u00e7mi\u015fd\u0259n bu g\u00fcn\u0259 v\u0259 g\u0259l\u0259c\u0259y\u0259\u201d m\u00f6vzusunda d\u00f6rd\u00fcnc\u00fc beyn\u0259lxalq konfransdak\u0131 \u00e7\u0131x\u0131\u015f\u0131nda h\u0259r zaman oldu\u011fu kimi, \u00f6n\u0259mli a\u00e7\u0131qlamalar, \u0259sasl\u0131 t\u0259hlill\u0259r yer alm\u0131\u015fd\u0131r. \u0130lk n\u00f6vb\u0259d\u0259 m\u00f6ht\u0259r\u0259m d\u00f6vl\u0259t ba\u015f\u00e7\u0131m\u0131z bu beyn\u0259lxalq t\u0259dbirin Az\u0259rbaycanda elan olunmu\u015f Heyd\u0259r \u018fliyev \u0130lind\u0259 ke\u00e7irilm\u0259kl\u0259 x\u00fcsusi \u0259h\u0259miyy\u0259t k\u0259sb etmi\u015f oldu\u011funu vur\u011fulam\u0131\u015fd\u0131r. Qeyd olunmal\u0131d\u0131r ki, bu il \u0259rzind\u0259 h\u0259m \u00f6lk\u0259mizd\u0259, h\u0259m d\u0259 xaricd\u0259 m\u00fcasir m\u00fcst\u0259qil Az\u0259rbaycan\u0131n qurucusu, Ulu \u00d6nd\u0259r&hellip;<\/p>\n","protected":false},"author":2,"featured_media":599044,"comment_status":"closed","ping_status":"closed","sticky":false,"template":"","format":"standard","meta":{"om_disable_all_campaigns":false,"_monsterinsights_skip_tracking":false,"_monsterinsights_sitenote_active":false,"_monsterinsights_sitenote_note":"","_monsterinsights_sitenote_category":0},"categories":[19],"tags":[],"aioseo_notices":[],"gutentor_comment":0,"rttpg_featured_image_url":{"full":["https:\/\/arantv.az\/wp-content\/uploads\/2023\/05\/343603035_181117641546678_2138381200651593247_n.jpg",313,206,false],"landscape":["https:\/\/arantv.az\/wp-content\/uploads\/2023\/05\/343603035_181117641546678_2138381200651593247_n.jpg",313,206,false],"portraits":["https:\/\/arantv.az\/wp-content\/uploads\/2023\/05\/343603035_181117641546678_2138381200651593247_n.jpg",313,206,false],"thumbnail":["https:\/\/arantv.az\/wp-content\/uploads\/2023\/05\/343603035_181117641546678_2138381200651593247_n.jpg",313,206,false],"medium":["https:\/\/arantv.az\/wp-content\/uploads\/2023\/05\/343603035_181117641546678_2138381200651593247_n.jpg",313,206,false],"large":["https:\/\/arantv.az\/wp-content\/uploads\/2023\/05\/343603035_181117641546678_2138381200651593247_n.jpg",313,206,false],"1536x1536":["https:\/\/arantv.az\/wp-content\/uploads\/2023\/05\/343603035_181117641546678_2138381200651593247_n.jpg",313,206,false],"2048x2048":["https:\/\/arantv.az\/wp-content\/uploads\/2023\/05\/343603035_181117641546678_2138381200651593247_n.jpg",313,206,false],"post-thumbnail":["https:\/\/arantv.az\/wp-content\/uploads\/2023\/05\/343603035_181117641546678_2138381200651593247_n-240x172.jpg",240,172,true],"advps-thumb-one":["https:\/\/arantv.az\/wp-content\/uploads\/2023\/05\/343603035_181117641546678_2138381200651593247_n.jpg",313,206,false]},"rttpg_author":{"display_name":"V\u00fcsal Rafiqo\u011flu","author_link":"https:\/\/arantv.az\/?author=2"},"rttpg_comment":0,"rttpg_category":"<a href=\"https:\/\/arantv.az\/?cat=19\" rel=\"category\">G\u00fcnd\u0259m<\/a>","rttpg_excerpt":"Biz regionda ba\u015f ver\u0259n prosesl\u0259r\u0259 g\u00f6z yuma bilm\u0259rik \u00d6lk\u0259 Prezidenti c\u0259nab \u0130lham \u018fliyevin cari ilin 3 may tarixind\u0259 \u015eu\u015fada \u00dcmummilli Lider Heyd\u0259r \u018fliyevin 100 illik yubileyin\u0259 h\u0259sr olunmu\u015f \u201cB\u00f6y\u00fck Avrasiya geosiyas\u0259tinin formala\u015fmas\u0131: ke\u00e7mi\u015fd\u0259n bu g\u00fcn\u0259 v\u0259 g\u0259l\u0259c\u0259y\u0259\u201d m\u00f6vzusunda d\u00f6rd\u00fcnc\u00fc beyn\u0259lxalq konfransdak\u0131 \u00e7\u0131x\u0131\u015f\u0131nda h\u0259r zaman oldu\u011fu kimi, \u00f6n\u0259mli a\u00e7\u0131qlamalar, \u0259sasl\u0131 t\u0259hlill\u0259r yer alm\u0131\u015fd\u0131r. \u0130lk n\u00f6vb\u0259d\u0259 m\u00f6ht\u0259r\u0259m&hellip;","_links":{"self":[{"href":"https:\/\/arantv.az\/index.php?rest_route=\/wp\/v2\/posts\/599043"}],"collection":[{"href":"https:\/\/arantv.az\/index.php?rest_route=\/wp\/v2\/posts"}],"about":[{"href":"https:\/\/arantv.az\/index.php?rest_route=\/wp\/v2\/types\/post"}],"author":[{"embeddable":true,"href":"https:\/\/arantv.az\/index.php?rest_route=\/wp\/v2\/users\/2"}],"replies":[{"embeddable":true,"href":"https:\/\/arantv.az\/index.php?rest_route=%2Fwp%2Fv2%2Fcomments&post=599043"}],"version-history":[{"count":0,"href":"https:\/\/arantv.az\/index.php?rest_route=\/wp\/v2\/posts\/599043\/revisions"}],"wp:featuredmedia":[{"embeddable":true,"href":"https:\/\/arantv.az\/index.php?rest_route=\/wp\/v2\/media\/599044"}],"wp:attachment":[{"href":"https:\/\/arantv.az\/index.php?rest_route=%2Fwp%2Fv2%2Fmedia&parent=599043"}],"wp:term":[{"taxonomy":"category","embeddable":true,"href":"https:\/\/arantv.az\/index.php?rest_route=%2Fwp%2Fv2%2Fcategories&post=599043"},{"taxonomy":"post_tag","embeddable":true,"href":"https:\/\/arantv.az\/index.php?rest_route=%2Fwp%2Fv2%2Ftags&post=599043"}],"curies":[{"name":"wp","href":"https:\/\/api.w.org\/{rel}","templated":true}]}}