{"id":599336,"date":"2023-05-11T12:34:21","date_gmt":"2023-05-11T08:34:21","guid":{"rendered":"https:\/\/arantv.az\/?p=599336"},"modified":"2023-05-11T12:34:21","modified_gmt":"2023-05-11T08:34:21","slug":"dun%c9%99nd%c9%99n-bu-gun%c9%99-v%c9%99-g%c9%99l%c9%99c%c9%99y%c9%99-baxis","status":"publish","type":"post","link":"https:\/\/arantv.az\/?p=599336","title":{"rendered":"D\u00fcn\u0259nd\u0259n bu g\u00fcn\u0259 v\u0259 g\u0259l\u0259c\u0259y\u0259 bax\u0131\u015f"},"content":{"rendered":"<p>Tarixi Z\u0259f\u0259rimizin m\u00fch\u00fcm, q\u00fcrurverici reall\u0131qlar\u0131ndan biri i\u015f\u011faldan azad edilmi\u015f \u0259razil\u0259rimizd\u0259 geni\u015fmiqyasl\u0131 b\u0259rpa-quruculuq i\u015fl\u0259rinin h\u0259yata ke\u00e7irilm\u0259si, d\u00f6vl\u0259t ba\u015f\u00e7\u0131s\u0131, M\u00fcz\u0259ff\u0259r Ali Ba\u015f Komandan \u0130lham \u018fliyevin v\u0259 birinci xan\u0131m Mehriban \u018fliyevan\u0131n bu torpaqlara davaml\u0131 s\u0259f\u0259rl\u0259ri, \u00f6lk\u0259 Prezidentinin bu m\u0259kanlardan b\u0259yanatlar s\u0259sl\u0259ndirm\u0259si, Qaraba\u011f\u0131n d\u00f6y\u00fcn\u0259n \u00fcr\u0259yi, t\u00fcrk d\u00fcnyas\u0131n\u0131n m\u0259d\u0259niyy\u0259t paytaxt\u0131 \u015eu\u015fan\u0131n iqtisadi, siyasi, diplomatik m\u0259rk\u0259z\u0259 \u00e7evrilm\u0259sidir. May\u0131n 3-d\u0259 ADA Universitetinin t\u0259\u015fkilat\u00e7\u0131l\u0131\u011f\u0131 il\u0259 \u015eu\u015fada \u00dcmummilli Lider Heyd\u0259r \u018fliyevin 100 illik yubileyin\u0259 h\u0259sr olunmu\u015f \u201cB\u00f6y\u00fck Avrasiya geosiyas\u0259tinin formala\u015fmas\u0131: ke\u00e7mi\u015fd\u0259n bu g\u00fcn\u0259 v\u0259 g\u0259l\u0259c\u0259y\u0259\u201d m\u00f6vzusunda d\u00f6rd\u00fcnc\u00fc beyn\u0259lxalq konfransda m\u00fczakir\u0259 edil\u0259n m\u0259s\u0259l\u0259l\u0259r bu g\u00fcn d\u0259 diqq\u0259td\u0259dir. Az\u0259rbaycan daim beyn\u0259lxalq t\u0259dbirl\u0259rin ke\u00e7irilm\u0259si \u00fc\u00e7\u00fcn ideal m\u0259kan kimi q\u0259bul olunur. \u00d6lk\u0259mizin t\u0259kmil inki\u015faf modeli, ayr\u0131-ayr\u0131 sah\u0259l\u0259rd\u0259 malik oldu\u011fu t\u0259cr\u00fcb\u0259, h\u0259m\u00e7inin sabitlik, t\u0259hl\u00fck\u0259sizlik m\u0259kan\u0131 kimi n\u00fcfuz qazanmas\u0131 beyn\u0259lxalq t\u0259dbirl\u0259r\u0259 ev sahibliyind\u0259 \u0259h\u0259miyy\u0259tli rol oynay\u0131r. Son iki ild\u0259n art\u0131q d\u00f6vrd\u0259 \u015eu\u015fan\u0131n bel\u0259 konfranslar \u00fc\u00e7\u00fcn m\u0259kan se\u00e7ilm\u0259sinin \u0259h\u0259miyy\u0259ti daha b\u00f6y\u00fckd\u00fcr. \u00c7\u00fcnki bu m\u0259kanda ke\u00e7iril\u0259n t\u0259dbirl\u0259r erm\u0259ni vandalizminin izl\u0259rinin v\u0259 Az\u0259rbaycan\u0131n i\u015f\u011faldan azad olunmu\u015f \u0259razil\u0259rd\u0259 h\u0259yata ke\u00e7irdiyi b\u0259rpa v\u0259 yenid\u0259nqurma i\u015fl\u0259rinin beyn\u0259lxalq ictimaiyy\u0259tin diqq\u0259tin\u0259 \u00e7atd\u0131r\u0131lmas\u0131 bax\u0131m\u0131ndan \u0259h\u0259miyy\u0259tlidir. S\u00f6z\u00fcged\u0259n konfrans, eyni zamanda, postm\u00fcnaqi\u015f\u0259 d\u00f6vr\u00fcnd\u0259 C\u0259nubi Qafqaz \u00f6lk\u0259l\u0259ri aras\u0131nda \u0259laq\u0259l\u0259rin inki\u015faf\u0131, kommunikasiyalar\u0131n a\u00e7\u0131lmas\u0131 imkanlar\u0131 il\u0259 ba\u011fl\u0131 m\u00fczakir\u0259l\u0259rin apar\u0131lmas\u0131, b\u00f6lg\u0259nin t\u0259r\u0259qqisinin, t\u0259hl\u00fck\u0259sizliyinin v\u0259 rifah\u0131n\u0131n t\u0259m\u0259li kimi Az\u0259rbaycan\u0131n Erm\u0259nistanla m\u00fcnasib\u0259tl\u0259rin normalla\u015fd\u0131r\u0131lmas\u0131 \u00fc\u00e7\u00fcn formala\u015fd\u0131rd\u0131\u011f\u0131 s\u00fclh g\u00fcnd\u0259liyinin n\u0259z\u0259rd\u0259n ke\u00e7irilm\u0259si bax\u0131m\u0131ndan \u0259h\u0259miyy\u0259tli platforma olaraq qiym\u0259tl\u0259ndirildi.<\/p>\n<p>Az\u0259rbaycan Prezidenti \u0130lham \u018fliyev \u015eu\u015fada ke\u00e7iril\u0259n beyn\u0259lxalq konfransda \u00e7\u0131x\u0131\u015f\u0131 zaman\u0131 \u00f6lk\u0259mizin haql\u0131 m\u00f6vqeyini bir daha d\u00fcnya ictimaiyy\u0259tin\u0259 \u00e7atd\u0131rd\u0131, Erm\u0259nistana v\u0259 havadarlar\u0131na mesajlar\u0131n\u0131 \u00fcnvanlad\u0131. Erm\u0259nistanla Az\u0259rbaycan aras\u0131nda apar\u0131lan s\u00fclh dan\u0131\u015f\u0131qlar\u0131 prosesin\u0259 diqq\u0259ti y\u00f6n\u0259ld\u0259n c\u0259nab \u0130lham \u018fliyev bir daha bu reall\u0131\u011f\u0131 \u00e7atd\u0131rd\u0131 ki, Erm\u0259nistan h\u0259l\u0259 d\u0259 dan\u0131\u015f\u0131qlar masas\u0131nda qeyri-konstruktiv m\u00f6vqe n\u00fcmayi\u015f etdirir, Az\u0259rbaycanla s\u00fclh m\u00fcqavil\u0259si imzalamaqdan boyun qa\u00e7\u0131r\u0131r. \u201cBel\u0259likl\u0259, indi n\u0259 ba\u015f ver\u0259 bil\u0259r. Eyni hadis\u0259 ba\u015f ver\u0259 bil\u0259r. Onlar prosesi l\u0259ngid\u0259, art\u0131q m\u00fc\u0259yy\u0259n olunmu\u015f dan\u0131\u015f\u0131qlar format\u0131n\u0131 raz\u0131l\u0131\u011fa g\u0259lm\u0259k \u00fc\u00e7\u00fcn yox, prosesi sonsuz etm\u0259k \u00fc\u00e7\u00fcn istifad\u0259 ed\u0259 v\u0259 n\u0259yi is\u0259 g\u00f6zl\u0259y\u0259 bil\u0259rl\u0259r\u201d s\u00f6yl\u0259y\u0259n c\u0259nab \u0130lham \u018fliyev bildirmi\u015fdir ki, m\u00f6c\u00fcz\u0259ni, d\u0259yi\u015fiklikl\u0259ri g\u00f6zl\u0259yirl\u0259r. Onlar imkanlar\u0131 \u0259ld\u0259n ver\u0259c\u0259kl\u0259r. \u00c7\u00fcnki otuzillik i\u015f\u011fal onlara he\u00e7 bir \u00fcst\u00fcnl\u00fck verm\u0259di. \u018fksin\u0259, onlar regional inki\u015faf prosesl\u0259rind\u0259n t\u0259crid edildil\u0259r. Onlar r\u0259sm\u0259n, lakin faktiki sur\u0259td\u0259 h\u0259qiq\u0259t\u0259n d\u0259 m\u00fcst\u0259qil \u00f6lk\u0259 olmaq \u015fans\u0131n\u0131 itirdil\u0259r: \u201cOnlar indi \u00f6zl\u0259rin\u0259 yeni a\u011fa v\u0259 ya a\u011falar axtar\u0131rlar. Lakin tarix onlara d\u0259rs verm\u0259lidir. \u00dcmid edirik ki, onlar bunu ba\u015fa d\u00fc\u015f\u0259c\u0259kl\u0259r. M\u0259n erm\u0259ni h\u0259mkar\u0131mla dan\u0131\u015f\u0131qlar\u0131mda \u00e7al\u0131\u015f\u0131ram ona izah edim ki, ilk n\u00f6vb\u0259d\u0259 s\u00fclh sazi\u015fi onlar\u0131n mara\u011f\u0131na xidm\u0259t edir. Kommunikasiyalar\u0131n a\u00e7\u0131lmas\u0131 onlar\u0131n mara\u011f\u0131na xidm\u0259t edir. Onlar m\u00fcxt\u0259lif bazarlara \u00e7\u0131x\u0131\u015f \u0259ld\u0259 ed\u0259 bil\u0259c\u0259kl\u0259r. \u018flb\u0259tt\u0259 ki, bu, bizim \u00fc\u00e7\u00fcn faydal\u0131 olacaq, \u00e7\u00fcnki biz bu s\u0259hif\u0259nin ba\u011flanmas\u0131n\u0131 ist\u0259yirik.\u201d<\/p>\n<p>Beyn\u0259lxalq dair\u0259l\u0259r, s\u00fclh prosesin\u0259 t\u00f6hf\u0259 verm\u0259y\u0259 \u00e7al\u0131\u015fan \u00f6lk\u0259l\u0259r Erm\u0259nistana ciddi t\u0259zyiql\u0259r g\u00f6st\u0259rm\u0259lidir. \u00c7\u00fcnki \u0259g\u0259r vasit\u0259\u00e7ilik missiyas\u0131 il\u0259 \u00e7\u0131x\u0131\u015f ed\u0259n t\u0259r\u0259fl\u0259r C\u0259nubi Qafqazda s\u00fclh v\u0259 t\u0259hl\u00fck\u0259sizliyin t\u0259min edilm\u0259sind\u0259 h\u0259qiq\u0259t\u0259n d\u0259 maraql\u0131d\u0131rlarsa, bu zaman Erm\u0259nistan\u0131 s\u00fclh\u0259 m\u0259cbur etm\u0259lidirl\u0259r. Erm\u0259nistan r\u0259hb\u0259rliyi s\u00fclh\u0259 g\u0259lm\u0259zs\u0259, b\u00f6lg\u0259d\u0259 g\u0259rginlik davam ed\u0259c\u0259k. Az\u0259rbaycan\u0131n yaratd\u0131\u011f\u0131 yeni reall\u0131qlar d\u00fcnyan\u0131n \u0259ks\u0259r g\u00fccl\u0259ri t\u0259r\u0259find\u0259n q\u0259bul olunur. Erm\u0259nistan is\u0259 h\u0259r v\u0259chl\u0259 s\u00fclh m\u00fcqavil\u0259sinin imzalanmas\u0131 prosesini uzatma\u011fa \u00e7al\u0131\u015f\u0131r. \u00d6lk\u0259mizin beyn\u0259lxalq al\u0259md\u0259 artan m\u00f6vqeyi g\u00f6z qaba\u011f\u0131ndad\u0131r. D\u00f6vl\u0259t ba\u015f\u00e7\u0131s\u0131 \u0130lham \u018fliyevin \u015eu\u015fadan \u00dcmummilli Liderin anadan olmas\u0131n\u0131n 100 illiyi il\u0259 ba\u011fl\u0131 m\u00fcraci\u0259ti d\u0259 b\u00fct\u00fcn m\u0259qamlara i\u015f\u0131q sal\u0131r. Reall\u0131q budur ki, Az\u0259rbaycan tarixi Z\u0259f\u0259rimizin reall\u0131qlar\u0131 fonunda sabaha daha b\u00f6y\u00fck inamla baxaraq yeni-yeni h\u0259d\u0259fl\u0259r\u0259 do\u011fru add\u0131mlay\u0131r. Prezident \u0130lham \u018fliyevin m\u00fcraci\u0259td\u0259 s\u0259sl\u0259ndirdiyi \u201cBu g\u00fcn Qaraba\u011f dir\u00e7\u0259lir, Z\u0259ng\u0259zur dir\u00e7\u0259lir, biz \u00f6z do\u011fma torpaqlar\u0131m\u0131zda qururuq, yarad\u0131r\u0131q. Qaraba\u011f\u0131n v\u0259 Z\u0259ng\u0259zurun b\u0259rpas\u0131 missiyas\u0131n\u0131 da u\u011furla icra ed\u0259c\u0259yik. Nec\u0259 ki, Ulu \u00d6nd\u0259rin v\u0259siyy\u0259tini yerin\u0259 yetir\u0259r\u0259k \u00f6z do\u011fma torpaqlar\u0131m\u0131z\u0131 azad etdik, \u0259razi b\u00fct\u00f6vl\u00fcy\u00fcm\u00fcz\u00fc b\u0259rpa etdik, aprelin 23-d\u0259 Az\u0259rbaycan-Erm\u0259nistan s\u0259rh\u0259dind\u0259 s\u0259rh\u0259d-burax\u0131l\u0131\u015f m\u0259nt\u0259q\u0259sini qurduq, orada Az\u0259rbaycan Bayra\u011f\u0131n\u0131 qald\u0131rd\u0131q, \u0259razi b\u00fct\u00f6vl\u00fcy\u00fcm\u00fcz\u00fc tam b\u0259rpa etdik, el\u0259c\u0259 d\u0259 m\u00fclki missiyam\u0131z\u0131 &#8211; bu g\u00f6z\u0259l diyar\u0131n b\u0259rpas\u0131 missiyas\u0131n\u0131 da \u015f\u0259r\u0259fl\u0259 yerin\u0259 yetir\u0259c\u0259yik\u201d fikirl\u0259ri ke\u00e7mi\u015fd\u0259n bu g\u00fcn\u0259 v\u0259 g\u0259l\u0259c\u0259y\u0259 ged\u0259n yolun \u00fcmumi m\u0259nz\u0259r\u0259sinin t\u0259qdimat\u0131d\u0131r.<\/p>\n<p><strong>F\u0259q\u0259t \u015eadlinskaya<\/strong><\/p>\n<p><strong>YAP B\u0259rd\u0259 rayon t\u0259\u015fkilat\u0131n\u0131n s\u0259dri<\/strong><\/p>\n","protected":false},"excerpt":{"rendered":"<p>Tarixi Z\u0259f\u0259rimizin m\u00fch\u00fcm, q\u00fcrurverici reall\u0131qlar\u0131ndan biri i\u015f\u011faldan azad edilmi\u015f \u0259razil\u0259rimizd\u0259 geni\u015fmiqyasl\u0131 b\u0259rpa-quruculuq i\u015fl\u0259rinin h\u0259yata ke\u00e7irilm\u0259si, d\u00f6vl\u0259t ba\u015f\u00e7\u0131s\u0131, M\u00fcz\u0259ff\u0259r Ali Ba\u015f Komandan \u0130lham \u018fliyevin v\u0259 birinci xan\u0131m Mehriban \u018fliyevan\u0131n bu torpaqlara davaml\u0131 s\u0259f\u0259rl\u0259ri, \u00f6lk\u0259 Prezidentinin bu m\u0259kanlardan b\u0259yanatlar s\u0259sl\u0259ndirm\u0259si, Qaraba\u011f\u0131n d\u00f6y\u00fcn\u0259n \u00fcr\u0259yi, t\u00fcrk d\u00fcnyas\u0131n\u0131n m\u0259d\u0259niyy\u0259t paytaxt\u0131 \u015eu\u015fan\u0131n iqtisadi, siyasi, diplomatik m\u0259rk\u0259z\u0259 \u00e7evrilm\u0259sidir. May\u0131n 3-d\u0259 ADA Universitetinin t\u0259\u015fkilat\u00e7\u0131l\u0131\u011f\u0131 il\u0259 \u015eu\u015fada \u00dcmummilli Lider Heyd\u0259r \u018fliyevin 100 illik yubileyin\u0259 h\u0259sr olunmu\u015f \u201cB\u00f6y\u00fck Avrasiya geosiyas\u0259tinin formala\u015fmas\u0131: ke\u00e7mi\u015fd\u0259n bu g\u00fcn\u0259 v\u0259 g\u0259l\u0259c\u0259y\u0259\u201d m\u00f6vzusunda d\u00f6rd\u00fcnc\u00fc beyn\u0259lxalq konfransda m\u00fczakir\u0259 edil\u0259n m\u0259s\u0259l\u0259l\u0259r bu g\u00fcn d\u0259 diqq\u0259td\u0259dir. Az\u0259rbaycan daim beyn\u0259lxalq&hellip;<\/p>\n","protected":false},"author":2,"featured_media":599337,"comment_status":"closed","ping_status":"closed","sticky":false,"template":"","format":"standard","meta":{"om_disable_all_campaigns":false,"_monsterinsights_skip_tracking":false,"_monsterinsights_sitenote_active":false,"_monsterinsights_sitenote_note":"","_monsterinsights_sitenote_category":0},"categories":[19],"tags":[],"aioseo_notices":[],"gutentor_comment":0,"rttpg_featured_image_url":{"full":["https:\/\/arantv.az\/wp-content\/uploads\/2023\/05\/thumb-1.jpg",360,238,false],"landscape":["https:\/\/arantv.az\/wp-content\/uploads\/2023\/05\/thumb-1.jpg",360,238,false],"portraits":["https:\/\/arantv.az\/wp-content\/uploads\/2023\/05\/thumb-1.jpg",360,238,false],"thumbnail":["https:\/\/arantv.az\/wp-content\/uploads\/2023\/05\/thumb-1.jpg",360,238,false],"medium":["https:\/\/arantv.az\/wp-content\/uploads\/2023\/05\/thumb-1.jpg",360,238,false],"large":["https:\/\/arantv.az\/wp-content\/uploads\/2023\/05\/thumb-1.jpg",360,238,false],"1536x1536":["https:\/\/arantv.az\/wp-content\/uploads\/2023\/05\/thumb-1.jpg",360,238,false],"2048x2048":["https:\/\/arantv.az\/wp-content\/uploads\/2023\/05\/thumb-1.jpg",360,238,false],"post-thumbnail":["https:\/\/arantv.az\/wp-content\/uploads\/2023\/05\/thumb-1-240x172.jpg",240,172,true],"advps-thumb-one":["https:\/\/arantv.az\/wp-content\/uploads\/2023\/05\/thumb-1.jpg",360,238,false]},"rttpg_author":{"display_name":"V\u00fcsal Rafiqo\u011flu","author_link":"https:\/\/arantv.az\/?author=2"},"rttpg_comment":0,"rttpg_category":"<a href=\"https:\/\/arantv.az\/?cat=19\" rel=\"category\">G\u00fcnd\u0259m<\/a>","rttpg_excerpt":"Tarixi Z\u0259f\u0259rimizin m\u00fch\u00fcm, q\u00fcrurverici reall\u0131qlar\u0131ndan biri i\u015f\u011faldan azad edilmi\u015f \u0259razil\u0259rimizd\u0259 geni\u015fmiqyasl\u0131 b\u0259rpa-quruculuq i\u015fl\u0259rinin h\u0259yata ke\u00e7irilm\u0259si, d\u00f6vl\u0259t ba\u015f\u00e7\u0131s\u0131, M\u00fcz\u0259ff\u0259r Ali Ba\u015f Komandan \u0130lham \u018fliyevin v\u0259 birinci xan\u0131m Mehriban \u018fliyevan\u0131n bu torpaqlara davaml\u0131 s\u0259f\u0259rl\u0259ri, \u00f6lk\u0259 Prezidentinin bu m\u0259kanlardan b\u0259yanatlar s\u0259sl\u0259ndirm\u0259si, Qaraba\u011f\u0131n d\u00f6y\u00fcn\u0259n \u00fcr\u0259yi, t\u00fcrk d\u00fcnyas\u0131n\u0131n m\u0259d\u0259niyy\u0259t paytaxt\u0131 \u015eu\u015fan\u0131n iqtisadi, siyasi, diplomatik m\u0259rk\u0259z\u0259 \u00e7evrilm\u0259sidir. May\u0131n 3-d\u0259 ADA Universitetinin&hellip;","_links":{"self":[{"href":"https:\/\/arantv.az\/index.php?rest_route=\/wp\/v2\/posts\/599336"}],"collection":[{"href":"https:\/\/arantv.az\/index.php?rest_route=\/wp\/v2\/posts"}],"about":[{"href":"https:\/\/arantv.az\/index.php?rest_route=\/wp\/v2\/types\/post"}],"author":[{"embeddable":true,"href":"https:\/\/arantv.az\/index.php?rest_route=\/wp\/v2\/users\/2"}],"replies":[{"embeddable":true,"href":"https:\/\/arantv.az\/index.php?rest_route=%2Fwp%2Fv2%2Fcomments&post=599336"}],"version-history":[{"count":0,"href":"https:\/\/arantv.az\/index.php?rest_route=\/wp\/v2\/posts\/599336\/revisions"}],"wp:featuredmedia":[{"embeddable":true,"href":"https:\/\/arantv.az\/index.php?rest_route=\/wp\/v2\/media\/599337"}],"wp:attachment":[{"href":"https:\/\/arantv.az\/index.php?rest_route=%2Fwp%2Fv2%2Fmedia&parent=599336"}],"wp:term":[{"taxonomy":"category","embeddable":true,"href":"https:\/\/arantv.az\/index.php?rest_route=%2Fwp%2Fv2%2Fcategories&post=599336"},{"taxonomy":"post_tag","embeddable":true,"href":"https:\/\/arantv.az\/index.php?rest_route=%2Fwp%2Fv2%2Ftags&post=599336"}],"curies":[{"name":"wp","href":"https:\/\/api.w.org\/{rel}","templated":true}]}}