{"id":599342,"date":"2023-05-11T12:40:44","date_gmt":"2023-05-11T08:40:44","guid":{"rendered":"https:\/\/arantv.az\/?p=599342"},"modified":"2023-05-11T12:40:44","modified_gmt":"2023-05-11T08:40:44","slug":"prezident-ilham-%c9%99liyev-total-energies-sirk%c9%99tinin-k%c9%99sfiyyat-v%c9%99-hasilat-uzr%c9%99-prezidentini-q%c9%99bul-edib","status":"publish","type":"post","link":"https:\/\/arantv.az\/?p=599342","title":{"rendered":"Prezident \u0130lham \u018fliyev \u201cTotal Energies\u201d \u015firk\u0259tinin k\u0259\u015ffiyyat v\u0259 hasilat \u00fczr\u0259 prezidentini q\u0259bul edib"},"content":{"rendered":"<p>Az\u0259rbaycan Respublikas\u0131n\u0131n Prezidenti\u00a0<strong>\u0130lham \u018fliyev<\/strong>\u00a0may\u0131n 11-d\u0259 \u201cTotal Energies\u201d \u015firk\u0259tinin k\u0259\u015ffiyyat v\u0259 hasilat \u00fczr\u0259 prezidenti Nikolas Terraz\u0131 q\u0259bul edib.<\/p>\n<p><a href=\"https:\/\/azertag.az\/xeber\/Prezident_Ilham_Aliyev_Total_Energies_sirketinin_kesfiyyat_ve_hasilat_uzre_prezidentini_qebul_edib-2610683\" target=\"_blank\" rel=\"noopener\">AZ\u018fRTAC<\/a>\u00a0x\u0259b\u0259r verir ki, g\u00f6r\u00fc\u015fd\u0259 SOCAR il\u0259 \u201cTotal Energies\u201d aras\u0131nda uzun ill\u0259r \u0259rzind\u0259 u\u011furlu \u0259m\u0259kda\u015fl\u0131\u011f\u0131n h\u0259yata ke\u00e7irildiyi bildirilib. \u201cAb\u015feron\u201d qaz yata\u011f\u0131nda yax\u0131n aylarda n\u0259z\u0259rd\u0259 tutulan hasilat\u0131n ba\u015flan\u0131lmas\u0131 m\u0259s\u0259l\u0259si m\u00fczakir\u0259 olunub.<\/p>\n<p>Nikolas Terraz \u201cTotal Energies\u201d \u015firk\u0259tinin Az\u0259rbaycanla \u0259m\u0259kda\u015fl\u0131\u011fa sadiqliyini v\u0259 davaml\u0131 mara\u011f\u0131n\u0131 vur\u011fulayaraq, \u00f6lk\u0259mizd\u0259ki f\u0259aliyy\u0259tl\u0259rini geni\u015fl\u0259ndirm\u0259k niyy\u0259tind\u0259 olduqlar\u0131n\u0131 bildirib.<\/p>\n<p>S\u00f6hb\u0259t zaman\u0131 \u0259n\u0259n\u0259vi neft v\u0259 qaz sah\u0259sind\u0259 \u0259m\u0259kda\u015fl\u0131qdan \u0259lav\u0259 b\u0259rpa olunan enerji istehsal\u0131 sah\u0259sind\u0259 d\u0259 m\u00fcmk\u00fcn layih\u0259l\u0259r bar\u0259d\u0259 fikir m\u00fcbadil\u0259si apar\u0131l\u0131b.<\/p>\n","protected":false},"excerpt":{"rendered":"<p>Az\u0259rbaycan Respublikas\u0131n\u0131n Prezidenti\u00a0\u0130lham \u018fliyev\u00a0may\u0131n 11-d\u0259 \u201cTotal Energies\u201d \u015firk\u0259tinin k\u0259\u015ffiyyat v\u0259 hasilat \u00fczr\u0259 prezidenti Nikolas Terraz\u0131 q\u0259bul edib. AZ\u018fRTAC\u00a0x\u0259b\u0259r verir ki, g\u00f6r\u00fc\u015fd\u0259 SOCAR il\u0259 \u201cTotal Energies\u201d aras\u0131nda uzun ill\u0259r \u0259rzind\u0259 u\u011furlu \u0259m\u0259kda\u015fl\u0131\u011f\u0131n h\u0259yata ke\u00e7irildiyi bildirilib. \u201cAb\u015feron\u201d qaz yata\u011f\u0131nda yax\u0131n aylarda n\u0259z\u0259rd\u0259 tutulan hasilat\u0131n ba\u015flan\u0131lmas\u0131 m\u0259s\u0259l\u0259si m\u00fczakir\u0259 olunub. Nikolas Terraz \u201cTotal Energies\u201d \u015firk\u0259tinin Az\u0259rbaycanla \u0259m\u0259kda\u015fl\u0131\u011fa sadiqliyini v\u0259 davaml\u0131 mara\u011f\u0131n\u0131 vur\u011fulayaraq, \u00f6lk\u0259mizd\u0259ki f\u0259aliyy\u0259tl\u0259rini geni\u015fl\u0259ndirm\u0259k niyy\u0259tind\u0259 olduqlar\u0131n\u0131 bildirib. S\u00f6hb\u0259t zaman\u0131 \u0259n\u0259n\u0259vi neft v\u0259 qaz sah\u0259sind\u0259 \u0259m\u0259kda\u015fl\u0131qdan \u0259lav\u0259 b\u0259rpa olunan enerji istehsal\u0131 sah\u0259sind\u0259 d\u0259 m\u00fcmk\u00fcn layih\u0259l\u0259r bar\u0259d\u0259 fikir m\u00fcbadil\u0259si apar\u0131l\u0131b.<\/p>\n","protected":false},"author":2,"featured_media":599343,"comment_status":"closed","ping_status":"closed","sticky":false,"template":"","format":"standard","meta":{"om_disable_all_campaigns":false,"_monsterinsights_skip_tracking":false,"_monsterinsights_sitenote_active":false,"_monsterinsights_sitenote_note":"","_monsterinsights_sitenote_category":0},"categories":[19],"tags":[],"aioseo_notices":[],"gutentor_comment":0,"rttpg_featured_image_url":{"full":["https:\/\/arantv.az\/wp-content\/uploads\/2023\/05\/FotoJet-14.jpg",620,413,false],"landscape":["https:\/\/arantv.az\/wp-content\/uploads\/2023\/05\/FotoJet-14.jpg",620,413,false],"portraits":["https:\/\/arantv.az\/wp-content\/uploads\/2023\/05\/FotoJet-14.jpg",620,413,false],"thumbnail":["https:\/\/arantv.az\/wp-content\/uploads\/2023\/05\/FotoJet-14-500x280.jpg",500,280,true],"medium":["https:\/\/arantv.az\/wp-content\/uploads\/2023\/05\/FotoJet-14-548x365.jpg",548,365,true],"large":["https:\/\/arantv.az\/wp-content\/uploads\/2023\/05\/FotoJet-14.jpg",620,413,false],"1536x1536":["https:\/\/arantv.az\/wp-content\/uploads\/2023\/05\/FotoJet-14.jpg",620,413,false],"2048x2048":["https:\/\/arantv.az\/wp-content\/uploads\/2023\/05\/FotoJet-14.jpg",620,413,false],"post-thumbnail":["https:\/\/arantv.az\/wp-content\/uploads\/2023\/05\/FotoJet-14-240x172.jpg",240,172,true],"advps-thumb-one":["https:\/\/arantv.az\/wp-content\/uploads\/2023\/05\/FotoJet-14.jpg",620,413,false]},"rttpg_author":{"display_name":"V\u00fcsal Rafiqo\u011flu","author_link":"https:\/\/arantv.az\/?author=2"},"rttpg_comment":0,"rttpg_category":"<a href=\"https:\/\/arantv.az\/?cat=19\" rel=\"category\">G\u00fcnd\u0259m<\/a>","rttpg_excerpt":"Az\u0259rbaycan Respublikas\u0131n\u0131n Prezidenti\u00a0\u0130lham \u018fliyev\u00a0may\u0131n 11-d\u0259 \u201cTotal Energies\u201d \u015firk\u0259tinin k\u0259\u015ffiyyat v\u0259 hasilat \u00fczr\u0259 prezidenti Nikolas Terraz\u0131 q\u0259bul edib. AZ\u018fRTAC\u00a0x\u0259b\u0259r verir ki, g\u00f6r\u00fc\u015fd\u0259 SOCAR il\u0259 \u201cTotal Energies\u201d aras\u0131nda uzun ill\u0259r \u0259rzind\u0259 u\u011furlu \u0259m\u0259kda\u015fl\u0131\u011f\u0131n h\u0259yata ke\u00e7irildiyi bildirilib. \u201cAb\u015feron\u201d qaz yata\u011f\u0131nda yax\u0131n aylarda n\u0259z\u0259rd\u0259 tutulan hasilat\u0131n ba\u015flan\u0131lmas\u0131 m\u0259s\u0259l\u0259si m\u00fczakir\u0259 olunub. Nikolas Terraz \u201cTotal Energies\u201d \u015firk\u0259tinin Az\u0259rbaycanla \u0259m\u0259kda\u015fl\u0131\u011fa sadiqliyini v\u0259&hellip;","_links":{"self":[{"href":"https:\/\/arantv.az\/index.php?rest_route=\/wp\/v2\/posts\/599342"}],"collection":[{"href":"https:\/\/arantv.az\/index.php?rest_route=\/wp\/v2\/posts"}],"about":[{"href":"https:\/\/arantv.az\/index.php?rest_route=\/wp\/v2\/types\/post"}],"author":[{"embeddable":true,"href":"https:\/\/arantv.az\/index.php?rest_route=\/wp\/v2\/users\/2"}],"replies":[{"embeddable":true,"href":"https:\/\/arantv.az\/index.php?rest_route=%2Fwp%2Fv2%2Fcomments&post=599342"}],"version-history":[{"count":0,"href":"https:\/\/arantv.az\/index.php?rest_route=\/wp\/v2\/posts\/599342\/revisions"}],"wp:featuredmedia":[{"embeddable":true,"href":"https:\/\/arantv.az\/index.php?rest_route=\/wp\/v2\/media\/599343"}],"wp:attachment":[{"href":"https:\/\/arantv.az\/index.php?rest_route=%2Fwp%2Fv2%2Fmedia&parent=599342"}],"wp:term":[{"taxonomy":"category","embeddable":true,"href":"https:\/\/arantv.az\/index.php?rest_route=%2Fwp%2Fv2%2Fcategories&post=599342"},{"taxonomy":"post_tag","embeddable":true,"href":"https:\/\/arantv.az\/index.php?rest_route=%2Fwp%2Fv2%2Ftags&post=599342"}],"curies":[{"name":"wp","href":"https:\/\/api.w.org\/{rel}","templated":true}]}}