{"id":599364,"date":"2023-05-11T12:51:18","date_gmt":"2023-05-11T08:51:18","guid":{"rendered":"https:\/\/arantv.az\/?p=599364"},"modified":"2023-05-11T12:51:18","modified_gmt":"2023-05-11T08:51:18","slug":"putinin-s%c9%99hvi-o-idi-ki-isgala-basladi-tramp","status":"publish","type":"post","link":"https:\/\/arantv.az\/?p=599364","title":{"rendered":"\u201cPutinin s\u0259hvi o idi ki, i\u015f\u011fala ba\u015flad\u0131\u201d \u2013 Tramp"},"content":{"rendered":"<p><strong>AB\u015e-\u0131n ke\u00e7mi\u015f prezidenti Donald Tramp Ukraynadak\u0131 m\u00fcnaqi\u015f\u0259y\u0259 son qoymaq \u00fc\u00e7\u00fcn Rusiya prezidenti Vladimir Putin v\u0259 Ukrayna Prezidenti Vladimir Zelenski il\u0259 g\u00f6r\u00fc\u015f\u0259c\u0259yini bildirib.<\/strong><\/p>\n<p>Bu bar\u0259d\u0259 o, \u00e7\u0259r\u015f\u0259nb\u0259 g\u00fcn\u00fc CNN telekanal\u0131n\u0131n Town Hall proqram\u0131nda Ukraynadak\u0131 m\u00fcnaqi\u015f\u0259 il\u0259 ba\u011fl\u0131 m\u00f6vqeyini ifad\u0259 ed\u0259rk\u0259n deyib.<\/p>\n<p>Tramp bildirib ki, prezident olarsa, m\u00fcnaqi\u015f\u0259ni 24 saat \u0259rzind\u0259 h\u0259ll ed\u0259c\u0259k. Bunu nec\u0259 ed\u0259c\u0259yini soru\u015fduqda o, bel\u0259 cavab verib: \u201cPutinl\u0259 g\u00f6r\u00fc\u015f\u0259c\u0259y\u0259m, Zelenski il\u0259 g\u00f6r\u00fc\u015f\u0259c\u0259y\u0259m. Onlar\u0131n h\u0259r birinin \u00f6z z\u0259if v\u0259 g\u00fccl\u00fc t\u0259r\u0259fl\u0259ri var v\u0259 24 saat \u0259rzind\u0259 h\u0259ll olunacaq, bit\u0259c\u0259k\u201d.<\/p>\n<p>Donald Tramp \u0259lav\u0259 edib ki, o, Putinin \u00e7ox a\u011f\u0131ll\u0131 oldu\u011funu d\u00fc\u015f\u00fcn\u00fcr: \u201cO, \u00e7ox a\u011f\u0131ll\u0131d\u0131r, amma m\u0259nim fikrimc\u0259, ciddi s\u0259hv etdi. Onun s\u0259hvi o idi ki, i\u015f\u011fala ba\u015flad\u0131. M\u0259n Prezident olsayd\u0131m, bunu etm\u0259zdim\u201d.<\/p>\n","protected":false},"excerpt":{"rendered":"<p>AB\u015e-\u0131n ke\u00e7mi\u015f prezidenti Donald Tramp Ukraynadak\u0131 m\u00fcnaqi\u015f\u0259y\u0259 son qoymaq \u00fc\u00e7\u00fcn Rusiya prezidenti Vladimir Putin v\u0259 Ukrayna Prezidenti Vladimir Zelenski il\u0259 g\u00f6r\u00fc\u015f\u0259c\u0259yini bildirib. Bu bar\u0259d\u0259 o, \u00e7\u0259r\u015f\u0259nb\u0259 g\u00fcn\u00fc CNN telekanal\u0131n\u0131n Town Hall proqram\u0131nda Ukraynadak\u0131 m\u00fcnaqi\u015f\u0259 il\u0259 ba\u011fl\u0131 m\u00f6vqeyini ifad\u0259 ed\u0259rk\u0259n deyib. Tramp bildirib ki, prezident olarsa, m\u00fcnaqi\u015f\u0259ni 24 saat \u0259rzind\u0259 h\u0259ll ed\u0259c\u0259k. Bunu nec\u0259 ed\u0259c\u0259yini soru\u015fduqda o, bel\u0259 cavab verib: \u201cPutinl\u0259 g\u00f6r\u00fc\u015f\u0259c\u0259y\u0259m, Zelenski il\u0259 g\u00f6r\u00fc\u015f\u0259c\u0259y\u0259m. Onlar\u0131n h\u0259r birinin \u00f6z z\u0259if v\u0259 g\u00fccl\u00fc t\u0259r\u0259fl\u0259ri var v\u0259 24 saat \u0259rzind\u0259 h\u0259ll olunacaq, bit\u0259c\u0259k\u201d. Donald Tramp \u0259lav\u0259 edib ki, o, Putinin \u00e7ox a\u011f\u0131ll\u0131 oldu\u011funu&hellip;<\/p>\n","protected":false},"author":2,"featured_media":599365,"comment_status":"closed","ping_status":"closed","sticky":false,"template":"","format":"standard","meta":{"om_disable_all_campaigns":false,"_monsterinsights_skip_tracking":false,"_monsterinsights_sitenote_active":false,"_monsterinsights_sitenote_note":"","_monsterinsights_sitenote_category":0},"categories":[7],"tags":[],"aioseo_notices":[],"gutentor_comment":0,"rttpg_featured_image_url":{"full":["https:\/\/arantv.az\/wp-content\/uploads\/2023\/05\/2d8f9c527a54fe8551417c7f13fb846e.jpg",700,393,false],"landscape":["https:\/\/arantv.az\/wp-content\/uploads\/2023\/05\/2d8f9c527a54fe8551417c7f13fb846e.jpg",700,393,false],"portraits":["https:\/\/arantv.az\/wp-content\/uploads\/2023\/05\/2d8f9c527a54fe8551417c7f13fb846e.jpg",700,393,false],"thumbnail":["https:\/\/arantv.az\/wp-content\/uploads\/2023\/05\/2d8f9c527a54fe8551417c7f13fb846e-500x280.jpg",500,280,true],"medium":["https:\/\/arantv.az\/wp-content\/uploads\/2023\/05\/2d8f9c527a54fe8551417c7f13fb846e-650x365.jpg",650,365,true],"large":["https:\/\/arantv.az\/wp-content\/uploads\/2023\/05\/2d8f9c527a54fe8551417c7f13fb846e.jpg",640,359,false],"1536x1536":["https:\/\/arantv.az\/wp-content\/uploads\/2023\/05\/2d8f9c527a54fe8551417c7f13fb846e.jpg",700,393,false],"2048x2048":["https:\/\/arantv.az\/wp-content\/uploads\/2023\/05\/2d8f9c527a54fe8551417c7f13fb846e.jpg",700,393,false],"post-thumbnail":["https:\/\/arantv.az\/wp-content\/uploads\/2023\/05\/2d8f9c527a54fe8551417c7f13fb846e-240x172.jpg",240,172,true],"advps-thumb-one":["https:\/\/arantv.az\/wp-content\/uploads\/2023\/05\/2d8f9c527a54fe8551417c7f13fb846e.jpg",700,393,false]},"rttpg_author":{"display_name":"V\u00fcsal Rafiqo\u011flu","author_link":"https:\/\/arantv.az\/?author=2"},"rttpg_comment":0,"rttpg_category":"<a href=\"https:\/\/arantv.az\/?cat=7\" rel=\"category\">D\u00fcnya<\/a>","rttpg_excerpt":"AB\u015e-\u0131n ke\u00e7mi\u015f prezidenti Donald Tramp Ukraynadak\u0131 m\u00fcnaqi\u015f\u0259y\u0259 son qoymaq \u00fc\u00e7\u00fcn Rusiya prezidenti Vladimir Putin v\u0259 Ukrayna Prezidenti Vladimir Zelenski il\u0259 g\u00f6r\u00fc\u015f\u0259c\u0259yini bildirib. Bu bar\u0259d\u0259 o, \u00e7\u0259r\u015f\u0259nb\u0259 g\u00fcn\u00fc CNN telekanal\u0131n\u0131n Town Hall proqram\u0131nda Ukraynadak\u0131 m\u00fcnaqi\u015f\u0259 il\u0259 ba\u011fl\u0131 m\u00f6vqeyini ifad\u0259 ed\u0259rk\u0259n deyib. Tramp bildirib ki, prezident olarsa, m\u00fcnaqi\u015f\u0259ni 24 saat \u0259rzind\u0259 h\u0259ll ed\u0259c\u0259k. Bunu nec\u0259 ed\u0259c\u0259yini soru\u015fduqda&hellip;","_links":{"self":[{"href":"https:\/\/arantv.az\/index.php?rest_route=\/wp\/v2\/posts\/599364"}],"collection":[{"href":"https:\/\/arantv.az\/index.php?rest_route=\/wp\/v2\/posts"}],"about":[{"href":"https:\/\/arantv.az\/index.php?rest_route=\/wp\/v2\/types\/post"}],"author":[{"embeddable":true,"href":"https:\/\/arantv.az\/index.php?rest_route=\/wp\/v2\/users\/2"}],"replies":[{"embeddable":true,"href":"https:\/\/arantv.az\/index.php?rest_route=%2Fwp%2Fv2%2Fcomments&post=599364"}],"version-history":[{"count":0,"href":"https:\/\/arantv.az\/index.php?rest_route=\/wp\/v2\/posts\/599364\/revisions"}],"wp:featuredmedia":[{"embeddable":true,"href":"https:\/\/arantv.az\/index.php?rest_route=\/wp\/v2\/media\/599365"}],"wp:attachment":[{"href":"https:\/\/arantv.az\/index.php?rest_route=%2Fwp%2Fv2%2Fmedia&parent=599364"}],"wp:term":[{"taxonomy":"category","embeddable":true,"href":"https:\/\/arantv.az\/index.php?rest_route=%2Fwp%2Fv2%2Fcategories&post=599364"},{"taxonomy":"post_tag","embeddable":true,"href":"https:\/\/arantv.az\/index.php?rest_route=%2Fwp%2Fv2%2Ftags&post=599364"}],"curies":[{"name":"wp","href":"https:\/\/api.w.org\/{rel}","templated":true}]}}