{"id":599456,"date":"2023-05-11T13:39:49","date_gmt":"2023-05-11T09:39:49","guid":{"rendered":"https:\/\/arantv.az\/?p=599456"},"modified":"2023-05-11T13:39:49","modified_gmt":"2023-05-11T09:39:49","slug":"ceyhun-bayramov-slovakiyaya-s%c9%99f%c9%99r-ed%c9%99c%c9%99k","status":"publish","type":"post","link":"https:\/\/arantv.az\/?p=599456","title":{"rendered":"Ceyhun Bayramov Slovakiyaya s\u0259f\u0259r ed\u0259c\u0259k"},"content":{"rendered":"<p>Az\u0259rbaycan\u0131n xarici i\u015fl\u0259r naziri Ceyhun Bayramov Slovakiyaya s\u0259f\u0259r ed\u0259c\u0259k.<\/p>\n<p><strong>ARANTV.AZ x\u0259b\u0259r verir ki,<\/strong>\u00a0\u00a0bu bar\u0259d\u0259 Slovakiyan\u0131n Az\u0259rbaycanda f\u00f6vq\u0259lad\u0259 v\u0259 s\u0259lahiyy\u0259tli s\u0259firi Milan Lay\u00e7ak\u00a0APA-ya m\u00fcsahib\u0259si zaman\u0131 m\u0259lumat verib.<\/p>\n<p>S\u0259firin s\u00f6zl\u0259rin\u0259 g\u00f6r\u0259, r\u0259smi s\u0259f\u0259r bu ilin iyununda ba\u015f tutacaq: \u201cSlovakiya 2019-cu ilin noyabr ay\u0131nda Bak\u0131da \u00f6z s\u0259firliyini a\u00e7\u0131b v\u0259 \u00f6lk\u0259l\u0259rimiz aras\u0131nda biznesin t\u0259\u015fviqi istiqam\u0259tind\u0259 f\u0259aliyy\u0259timiz kifay\u0259t q\u0259d\u0259r intensivdir.<\/p>\n<p>Bratislavada Az\u0259rbaycan\u0131n diplomatik n\u00fcmay\u0259nd\u0259liyinin a\u00e7\u0131lmas\u0131n\u0131 g\u00f6zl\u0259yirik. \u0130nan\u0131r\u0131q ki, bu, iyun ay\u0131nda Az\u0259rbaycan xarici i\u015fl\u0259r nazirinizin Slovakiyaya r\u0259smi s\u0259f\u0259ri zaman\u0131 h\u0259yata ke\u00e7iril\u0259c\u0259k\u201d.<\/p>\n","protected":false},"excerpt":{"rendered":"<p>Az\u0259rbaycan\u0131n xarici i\u015fl\u0259r naziri Ceyhun Bayramov Slovakiyaya s\u0259f\u0259r ed\u0259c\u0259k. ARANTV.AZ x\u0259b\u0259r verir ki,\u00a0\u00a0bu bar\u0259d\u0259 Slovakiyan\u0131n Az\u0259rbaycanda f\u00f6vq\u0259lad\u0259 v\u0259 s\u0259lahiyy\u0259tli s\u0259firi Milan Lay\u00e7ak\u00a0APA-ya m\u00fcsahib\u0259si zaman\u0131 m\u0259lumat verib. S\u0259firin s\u00f6zl\u0259rin\u0259 g\u00f6r\u0259, r\u0259smi s\u0259f\u0259r bu ilin iyununda ba\u015f tutacaq: \u201cSlovakiya 2019-cu ilin noyabr ay\u0131nda Bak\u0131da \u00f6z s\u0259firliyini a\u00e7\u0131b v\u0259 \u00f6lk\u0259l\u0259rimiz aras\u0131nda biznesin t\u0259\u015fviqi istiqam\u0259tind\u0259 f\u0259aliyy\u0259timiz kifay\u0259t q\u0259d\u0259r intensivdir. Bratislavada Az\u0259rbaycan\u0131n diplomatik n\u00fcmay\u0259nd\u0259liyinin a\u00e7\u0131lmas\u0131n\u0131 g\u00f6zl\u0259yirik. \u0130nan\u0131r\u0131q ki, bu, iyun ay\u0131nda Az\u0259rbaycan xarici i\u015fl\u0259r nazirinizin Slovakiyaya r\u0259smi s\u0259f\u0259ri zaman\u0131 h\u0259yata ke\u00e7iril\u0259c\u0259k\u201d.<\/p>\n","protected":false},"author":2,"featured_media":599457,"comment_status":"closed","ping_status":"closed","sticky":false,"template":"","format":"standard","meta":{"om_disable_all_campaigns":false,"_monsterinsights_skip_tracking":false,"_monsterinsights_sitenote_active":false,"_monsterinsights_sitenote_note":"","_monsterinsights_sitenote_category":0},"categories":[1],"tags":[],"aioseo_notices":[],"gutentor_comment":0,"rttpg_featured_image_url":{"full":["https:\/\/arantv.az\/wp-content\/uploads\/2023\/05\/801a0897168129183384522976010207867.jpg",975,540,false],"landscape":["https:\/\/arantv.az\/wp-content\/uploads\/2023\/05\/801a0897168129183384522976010207867.jpg",975,540,false],"portraits":["https:\/\/arantv.az\/wp-content\/uploads\/2023\/05\/801a0897168129183384522976010207867.jpg",975,540,false],"thumbnail":["https:\/\/arantv.az\/wp-content\/uploads\/2023\/05\/801a0897168129183384522976010207867-500x280.jpg",500,280,true],"medium":["https:\/\/arantv.az\/wp-content\/uploads\/2023\/05\/801a0897168129183384522976010207867-660x365.jpg",660,365,true],"large":["https:\/\/arantv.az\/wp-content\/uploads\/2023\/05\/801a0897168129183384522976010207867-840x465.jpg",640,354,true],"1536x1536":["https:\/\/arantv.az\/wp-content\/uploads\/2023\/05\/801a0897168129183384522976010207867.jpg",975,540,false],"2048x2048":["https:\/\/arantv.az\/wp-content\/uploads\/2023\/05\/801a0897168129183384522976010207867.jpg",975,540,false],"post-thumbnail":["https:\/\/arantv.az\/wp-content\/uploads\/2023\/05\/801a0897168129183384522976010207867-240x172.jpg",240,172,true],"advps-thumb-one":["https:\/\/arantv.az\/wp-content\/uploads\/2023\/05\/801a0897168129183384522976010207867.jpg",975,540,false]},"rttpg_author":{"display_name":"V\u00fcsal Rafiqo\u011flu","author_link":"https:\/\/arantv.az\/?author=2"},"rttpg_comment":0,"rttpg_category":"<a href=\"https:\/\/arantv.az\/?cat=1\" rel=\"category\">C\u0259miyy\u0259t<\/a>","rttpg_excerpt":"Az\u0259rbaycan\u0131n xarici i\u015fl\u0259r naziri Ceyhun Bayramov Slovakiyaya s\u0259f\u0259r ed\u0259c\u0259k. ARANTV.AZ x\u0259b\u0259r verir ki,\u00a0\u00a0bu bar\u0259d\u0259 Slovakiyan\u0131n Az\u0259rbaycanda f\u00f6vq\u0259lad\u0259 v\u0259 s\u0259lahiyy\u0259tli s\u0259firi Milan Lay\u00e7ak\u00a0APA-ya m\u00fcsahib\u0259si zaman\u0131 m\u0259lumat verib. S\u0259firin s\u00f6zl\u0259rin\u0259 g\u00f6r\u0259, r\u0259smi s\u0259f\u0259r bu ilin iyununda ba\u015f tutacaq: \u201cSlovakiya 2019-cu ilin noyabr ay\u0131nda Bak\u0131da \u00f6z s\u0259firliyini a\u00e7\u0131b v\u0259 \u00f6lk\u0259l\u0259rimiz aras\u0131nda biznesin t\u0259\u015fviqi istiqam\u0259tind\u0259 f\u0259aliyy\u0259timiz kifay\u0259t q\u0259d\u0259r intensivdir.&hellip;","_links":{"self":[{"href":"https:\/\/arantv.az\/index.php?rest_route=\/wp\/v2\/posts\/599456"}],"collection":[{"href":"https:\/\/arantv.az\/index.php?rest_route=\/wp\/v2\/posts"}],"about":[{"href":"https:\/\/arantv.az\/index.php?rest_route=\/wp\/v2\/types\/post"}],"author":[{"embeddable":true,"href":"https:\/\/arantv.az\/index.php?rest_route=\/wp\/v2\/users\/2"}],"replies":[{"embeddable":true,"href":"https:\/\/arantv.az\/index.php?rest_route=%2Fwp%2Fv2%2Fcomments&post=599456"}],"version-history":[{"count":0,"href":"https:\/\/arantv.az\/index.php?rest_route=\/wp\/v2\/posts\/599456\/revisions"}],"wp:featuredmedia":[{"embeddable":true,"href":"https:\/\/arantv.az\/index.php?rest_route=\/wp\/v2\/media\/599457"}],"wp:attachment":[{"href":"https:\/\/arantv.az\/index.php?rest_route=%2Fwp%2Fv2%2Fmedia&parent=599456"}],"wp:term":[{"taxonomy":"category","embeddable":true,"href":"https:\/\/arantv.az\/index.php?rest_route=%2Fwp%2Fv2%2Fcategories&post=599456"},{"taxonomy":"post_tag","embeddable":true,"href":"https:\/\/arantv.az\/index.php?rest_route=%2Fwp%2Fv2%2Ftags&post=599456"}],"curies":[{"name":"wp","href":"https:\/\/api.w.org\/{rel}","templated":true}]}}