{"id":600475,"date":"2023-05-17T09:28:09","date_gmt":"2023-05-17T05:28:09","guid":{"rendered":"https:\/\/arantv.az\/?p=600475"},"modified":"2023-05-17T09:28:09","modified_gmt":"2023-05-17T05:28:09","slug":"ozb%c9%99kistanda-umummilli-lider-heyd%c9%99r-%c9%99liyevin-100-illik-yubileyi-munasib%c9%99til%c9%99-xatir%c9%99-poct-markasi-buraxilib","status":"publish","type":"post","link":"https:\/\/arantv.az\/?p=600475","title":{"rendered":"\u00d6zb\u0259kistanda \u00dcmummilli lider Heyd\u0259r \u018fliyevin 100 illik yubileyi m\u00fcnasib\u0259til\u0259 xatir\u0259 po\u00e7t markas\u0131 burax\u0131l\u0131b"},"content":{"rendered":"<p>\u00d6zb\u0259kistandak\u0131 Heyd\u0259r \u018fliyev ad\u0131na Az\u0259rbaycan M\u0259d\u0259niyy\u0259t M\u0259rk\u0259zinin layih\u0259si v\u0259 sifari\u015fi il\u0259 \u00d6zb\u0259kistan Respublikas\u0131n\u0131n D\u00f6vl\u0259t Po\u00e7t \u0130dar\u0259si M\u0259hdud M\u0259suliyy\u0259tli C\u0259miyy\u0259ti t\u0259r\u0259find\u0259n Az\u0259rbaycan xalq\u0131n\u0131n \u00dcmummilli Lideri Heyd\u0259r \u018fliyevin 100 illik yubileyin\u0259 h\u0259sr olunmu\u015f \u201cOzarbayjon xalqining Umummilliy Lideri Haydar Aliyevning 100 yilligi\u201d adlanan po\u00e7t markas\u0131 burax\u0131l\u0131b.<\/p>\n<p>\u00dcz\u0259rind\u0259 Ulu \u00d6nd\u0259rin portreti \u0259ks olunan po\u00e7t markas\u0131 2023-c\u00fc ilin Az\u0259rbaycan Respublikas\u0131n\u0131n Prezidenti t\u0259r\u0259find\u0259n \u201cHeyd\u0259r \u018fliyev ili\u201d elan edilm\u0259si il\u0259 \u0259laq\u0259dar olaraq haz\u0131rlan\u0131b.<\/p>\n<p>\u201cOzarbayjon xalqining Umummilliy Lideri Haydar Aliyevning 100 yilligi\u201d adlanan po\u00e7t markas\u0131 xatir\u0259 \u00fc\u00e7\u00fcn Az\u0259rbaycan v\u0259 \u00d6zb\u0259kistan\u0131n muzeyl\u0259rin\u0259, h\u0259r iki \u00f6lk\u0259nin d\u00f6vl\u0259t v\u0259 h\u00f6kum\u0259t n\u00fcmay\u0259nd\u0259l\u0259rin\u0259 g\u00f6nd\u0259rilm\u0259kl\u0259 yana\u015f\u0131, \u00d6zb\u0259kistanda daxili v\u0259 beyn\u0259lxalq d\u00f6vriyy\u0259y\u0259 burax\u0131lacaqd\u0131r.<\/p>\n<p>\u00d6zb\u0259kistandak\u0131 Heyd\u0259r \u018fliyev ad\u0131na Az\u0259rbaycan M\u0259d\u0259niyy\u0259t M\u0259rk\u0259zind\u0259n m\u0259tbuata bildirilib ki, \u00dcmummilli Lider Heyd\u0259r \u018fliyevin 100 illik yubileyin\u0259 h\u0259sr olunmu\u015f \u00d6zb\u0259kistanda silsil\u0259 t\u0259dbirl\u0259r davam edir v\u0259 M\u0259rk\u0259z Ulu \u00f6nd\u0259rin z\u0259ngin irsinin t\u0259bli\u011fi m\u0259qs\u0259di il\u0259 bir s\u0131ra layih\u0259l\u0259r h\u0259yata ke\u00e7irir.<\/p>\n<p>Qeyd olunub ki, yax\u0131n g\u00fcnl\u0259rd\u0259 Ulu \u00d6nd\u0259r Heyd\u0259r \u018fliyev\u0259 h\u0259sr olunmu\u015f \u00d6zb\u0259k dilind\u0259 n\u0259\u015fr i\u015f\u0131q \u00fcz\u00fc g\u00f6r\u0259c\u0259k, \u00d6zb\u0259kistan\u0131n apar\u0131c\u0131 Universitetind\u0259 Heyd\u0259r \u018fliyev auditoriyas\u0131n\u0131n a\u00e7\u0131l\u0131\u015f\u0131 n\u0259z\u0259rd\u0259 tutulub.<\/p>\n","protected":false},"excerpt":{"rendered":"<p>\u00d6zb\u0259kistandak\u0131 Heyd\u0259r \u018fliyev ad\u0131na Az\u0259rbaycan M\u0259d\u0259niyy\u0259t M\u0259rk\u0259zinin layih\u0259si v\u0259 sifari\u015fi il\u0259 \u00d6zb\u0259kistan Respublikas\u0131n\u0131n D\u00f6vl\u0259t Po\u00e7t \u0130dar\u0259si M\u0259hdud M\u0259suliyy\u0259tli C\u0259miyy\u0259ti t\u0259r\u0259find\u0259n Az\u0259rbaycan xalq\u0131n\u0131n \u00dcmummilli Lideri Heyd\u0259r \u018fliyevin 100 illik yubileyin\u0259 h\u0259sr olunmu\u015f \u201cOzarbayjon xalqining Umummilliy Lideri Haydar Aliyevning 100 yilligi\u201d adlanan po\u00e7t markas\u0131 burax\u0131l\u0131b. \u00dcz\u0259rind\u0259 Ulu \u00d6nd\u0259rin portreti \u0259ks olunan po\u00e7t markas\u0131 2023-c\u00fc ilin Az\u0259rbaycan Respublikas\u0131n\u0131n Prezidenti t\u0259r\u0259find\u0259n \u201cHeyd\u0259r \u018fliyev ili\u201d elan edilm\u0259si il\u0259 \u0259laq\u0259dar olaraq haz\u0131rlan\u0131b. \u201cOzarbayjon xalqining Umummilliy Lideri Haydar Aliyevning 100 yilligi\u201d adlanan po\u00e7t markas\u0131 xatir\u0259 \u00fc\u00e7\u00fcn Az\u0259rbaycan v\u0259 \u00d6zb\u0259kistan\u0131n muzeyl\u0259rin\u0259, h\u0259r iki \u00f6lk\u0259nin d\u00f6vl\u0259t v\u0259 h\u00f6kum\u0259t n\u00fcmay\u0259nd\u0259l\u0259rin\u0259&hellip;<\/p>\n","protected":false},"author":2,"featured_media":600476,"comment_status":"closed","ping_status":"closed","sticky":false,"template":"","format":"standard","meta":{"om_disable_all_campaigns":false,"_monsterinsights_skip_tracking":false,"_monsterinsights_sitenote_active":false,"_monsterinsights_sitenote_note":"","_monsterinsights_sitenote_category":0},"categories":[19],"tags":[],"aioseo_notices":[],"gutentor_comment":0,"rttpg_featured_image_url":{"full":["https:\/\/arantv.az\/wp-content\/uploads\/2023\/05\/8c4e90ecd86ab2375370dedc1dc74708.jpg",870,500,false],"landscape":["https:\/\/arantv.az\/wp-content\/uploads\/2023\/05\/8c4e90ecd86ab2375370dedc1dc74708.jpg",870,500,false],"portraits":["https:\/\/arantv.az\/wp-content\/uploads\/2023\/05\/8c4e90ecd86ab2375370dedc1dc74708.jpg",870,500,false],"thumbnail":["https:\/\/arantv.az\/wp-content\/uploads\/2023\/05\/8c4e90ecd86ab2375370dedc1dc74708-500x280.jpg",500,280,true],"medium":["https:\/\/arantv.az\/wp-content\/uploads\/2023\/05\/8c4e90ecd86ab2375370dedc1dc74708-635x365.jpg",635,365,true],"large":["https:\/\/arantv.az\/wp-content\/uploads\/2023\/05\/8c4e90ecd86ab2375370dedc1dc74708-840x483.jpg",640,368,true],"1536x1536":["https:\/\/arantv.az\/wp-content\/uploads\/2023\/05\/8c4e90ecd86ab2375370dedc1dc74708.jpg",870,500,false],"2048x2048":["https:\/\/arantv.az\/wp-content\/uploads\/2023\/05\/8c4e90ecd86ab2375370dedc1dc74708.jpg",870,500,false],"post-thumbnail":["https:\/\/arantv.az\/wp-content\/uploads\/2023\/05\/8c4e90ecd86ab2375370dedc1dc74708-240x172.jpg",240,172,true],"advps-thumb-one":["https:\/\/arantv.az\/wp-content\/uploads\/2023\/05\/8c4e90ecd86ab2375370dedc1dc74708.jpg",870,500,false]},"rttpg_author":{"display_name":"V\u00fcsal Rafiqo\u011flu","author_link":"https:\/\/arantv.az\/?author=2"},"rttpg_comment":0,"rttpg_category":"<a href=\"https:\/\/arantv.az\/?cat=19\" rel=\"category\">G\u00fcnd\u0259m<\/a>","rttpg_excerpt":"\u00d6zb\u0259kistandak\u0131 Heyd\u0259r \u018fliyev ad\u0131na Az\u0259rbaycan M\u0259d\u0259niyy\u0259t M\u0259rk\u0259zinin layih\u0259si v\u0259 sifari\u015fi il\u0259 \u00d6zb\u0259kistan Respublikas\u0131n\u0131n D\u00f6vl\u0259t Po\u00e7t \u0130dar\u0259si M\u0259hdud M\u0259suliyy\u0259tli C\u0259miyy\u0259ti t\u0259r\u0259find\u0259n Az\u0259rbaycan xalq\u0131n\u0131n \u00dcmummilli Lideri Heyd\u0259r \u018fliyevin 100 illik yubileyin\u0259 h\u0259sr olunmu\u015f \u201cOzarbayjon xalqining Umummilliy Lideri Haydar Aliyevning 100 yilligi\u201d adlanan po\u00e7t markas\u0131 burax\u0131l\u0131b. \u00dcz\u0259rind\u0259 Ulu \u00d6nd\u0259rin portreti \u0259ks olunan po\u00e7t markas\u0131 2023-c\u00fc ilin Az\u0259rbaycan Respublikas\u0131n\u0131n&hellip;","_links":{"self":[{"href":"https:\/\/arantv.az\/index.php?rest_route=\/wp\/v2\/posts\/600475"}],"collection":[{"href":"https:\/\/arantv.az\/index.php?rest_route=\/wp\/v2\/posts"}],"about":[{"href":"https:\/\/arantv.az\/index.php?rest_route=\/wp\/v2\/types\/post"}],"author":[{"embeddable":true,"href":"https:\/\/arantv.az\/index.php?rest_route=\/wp\/v2\/users\/2"}],"replies":[{"embeddable":true,"href":"https:\/\/arantv.az\/index.php?rest_route=%2Fwp%2Fv2%2Fcomments&post=600475"}],"version-history":[{"count":0,"href":"https:\/\/arantv.az\/index.php?rest_route=\/wp\/v2\/posts\/600475\/revisions"}],"wp:featuredmedia":[{"embeddable":true,"href":"https:\/\/arantv.az\/index.php?rest_route=\/wp\/v2\/media\/600476"}],"wp:attachment":[{"href":"https:\/\/arantv.az\/index.php?rest_route=%2Fwp%2Fv2%2Fmedia&parent=600475"}],"wp:term":[{"taxonomy":"category","embeddable":true,"href":"https:\/\/arantv.az\/index.php?rest_route=%2Fwp%2Fv2%2Fcategories&post=600475"},{"taxonomy":"post_tag","embeddable":true,"href":"https:\/\/arantv.az\/index.php?rest_route=%2Fwp%2Fv2%2Ftags&post=600475"}],"curies":[{"name":"wp","href":"https:\/\/api.w.org\/{rel}","templated":true}]}}