{"id":600521,"date":"2023-05-17T13:15:28","date_gmt":"2023-05-17T09:15:28","guid":{"rendered":"https:\/\/arantv.az\/?p=600521"},"modified":"2023-05-17T13:15:28","modified_gmt":"2023-05-17T09:15:28","slug":"turkiy%c9%99-prezidentliyin%c9%99-namiz%c9%99dl%c9%99rin-ikinci-turda-yol-x%c9%99rit%c9%99si-b%c9%99lli-olub","status":"publish","type":"post","link":"https:\/\/arantv.az\/?p=600521","title":{"rendered":"T\u00fcrkiy\u0259 prezidentliyin\u0259 namiz\u0259dl\u0259rin ikinci turda yol x\u0259rit\u0259si b\u0259lli olub"},"content":{"rendered":"<p>T\u00fcrkiy\u0259 prezidentliyin\u0259 namiz\u0259dl\u0259r &#8211; \u00f6lk\u0259nin haz\u0131rk\u0131 Prezidenti R\u0259c\u0259b Tayyib \u018frdo\u011fan v\u0259 CHP lideri Kemal K\u0131l\u0131\u00e7daro\u011flunun may\u0131n 28-d\u0259 ke\u00e7iril\u0259c\u0259k prezident se\u00e7kisi \u00f6nc\u0259si se\u00e7ki strategiyalar\u0131 b\u0259lli olub.<\/p>\n<p>R.T.\u018frdo\u011fan ikinci tura haz\u0131rl\u0131q zaman\u0131 diqq\u0259ti televiziya proqramlar\u0131na v\u0259 b\u00f6lg\u0259l\u0259r\u0259 s\u0259f\u0259rl\u0259r\u0259 y\u00f6n\u0259ld\u0259c\u0259k, Kemal K\u0131l\u0131\u00e7daro\u011flu is\u0259 terrorizm\u0259 qar\u015f\u0131 q\u0259tiyy\u0259tl\u0259 m\u00fcbariz\u0259 aparmaq ist\u0259yini vur\u011fulamaqla meydana \u00e7\u0131xmaq niyy\u0259tind\u0259dir.<\/p>\n<p>\u018frdo\u011fan\u0131n se\u00e7kil\u0259rin ikinci turunda 10 g\u00fcnl\u00fck se\u00e7ki kampaniyas\u0131nda televiziya proqramlar\u0131na diqq\u0259t yetirm\u0259sil\u0259 yana\u015f\u0131, fevral ay\u0131nda da\u011f\u0131d\u0131c\u0131 z\u0259lz\u0259l\u0259l\u0259rin oldu\u011fu b\u00f6lg\u0259l\u0259r\u0259 s\u0259f\u0259ri d\u0259 planla\u015fd\u0131r\u0131l\u0131r. O, daha \u00e7ox s\u0259s y\u0131\u011fd\u0131\u011f\u0131 b\u00f6lg\u0259l\u0259r\u0259 t\u0259krar s\u0259f\u0259r ed\u0259r\u0259k mitinql\u0259r ke\u00e7ir\u0259c\u0259k. O da m\u0259lum olub ki, \u018frdo\u011fan hakim \u018fdal\u0259t v\u0259 \u0130nki\u015faf Partiyas\u0131n\u0131n b\u00fct\u00fcn t\u0259\u015fkilatlar\u0131na bu prosesd\u0259 yerind\u0259 olma\u011f\u0131 tap\u015f\u0131r\u0131b v\u0259 \u0259m\u0259kda\u015flar\u0131na arxay\u0131nla\u015fmamaqla ba\u011fl\u0131 x\u0259b\u0259rdarl\u0131q edib.<\/p>\n<p>Kemal K\u0131l\u0131\u00e7daro\u011flu da z\u0259lz\u0259l\u0259 b\u00f6lg\u0259l\u0259rini ziyar\u0259t etm\u0259yi planla\u015fd\u0131r\u0131r.<\/p>\n<p>\u0130stanbul v\u0259 Ankaran\u0131n haz\u0131rk\u0131 b\u0259l\u0259diyy\u0259 s\u0259drl\u0259ri Ekrem \u0130mamo\u011flu v\u0259 Mansur Yava\u015f kampaniyada f\u0259al i\u015ftirak ed\u0259c\u0259kl\u0259r.<\/p>\n<p>Qeyd ed\u0259k ki, may\u0131n 14-d\u0259 T\u00fcrkiy\u0259d\u0259 parlament v\u0259 prezident se\u00e7kil\u0259ri ke\u00e7irilib. Bazar ert\u0259si T\u00fcrkiy\u0259nin M\u0259rk\u0259zi Se\u00e7ki Komissiyas\u0131 (MSK) prezident se\u00e7kisinin ikinci turunun may\u0131n 28-d\u0259 ke\u00e7iril\u0259c\u0259yini r\u0259sm\u0259n elan edib. MSK-n\u0131n m\u0259lumat\u0131na g\u00f6r\u0259, \u018frdo\u011fan 49,51%, r\u0259qibi K\u0131l\u0131\u00e7daro\u011flu is\u0259 44,88% s\u0259s toplay\u0131b.<\/p>\n<p>M\u0259nb\u0259: H\u00fcrriyet<\/p>\n","protected":false},"excerpt":{"rendered":"<p>T\u00fcrkiy\u0259 prezidentliyin\u0259 namiz\u0259dl\u0259r &#8211; \u00f6lk\u0259nin haz\u0131rk\u0131 Prezidenti R\u0259c\u0259b Tayyib \u018frdo\u011fan v\u0259 CHP lideri Kemal K\u0131l\u0131\u00e7daro\u011flunun may\u0131n 28-d\u0259 ke\u00e7iril\u0259c\u0259k prezident se\u00e7kisi \u00f6nc\u0259si se\u00e7ki strategiyalar\u0131 b\u0259lli olub. R.T.\u018frdo\u011fan ikinci tura haz\u0131rl\u0131q zaman\u0131 diqq\u0259ti televiziya proqramlar\u0131na v\u0259 b\u00f6lg\u0259l\u0259r\u0259 s\u0259f\u0259rl\u0259r\u0259 y\u00f6n\u0259ld\u0259c\u0259k, Kemal K\u0131l\u0131\u00e7daro\u011flu is\u0259 terrorizm\u0259 qar\u015f\u0131 q\u0259tiyy\u0259tl\u0259 m\u00fcbariz\u0259 aparmaq ist\u0259yini vur\u011fulamaqla meydana \u00e7\u0131xmaq niyy\u0259tind\u0259dir. \u018frdo\u011fan\u0131n se\u00e7kil\u0259rin ikinci turunda 10 g\u00fcnl\u00fck se\u00e7ki kampaniyas\u0131nda televiziya proqramlar\u0131na diqq\u0259t yetirm\u0259sil\u0259 yana\u015f\u0131, fevral ay\u0131nda da\u011f\u0131d\u0131c\u0131 z\u0259lz\u0259l\u0259l\u0259rin oldu\u011fu b\u00f6lg\u0259l\u0259r\u0259 s\u0259f\u0259ri d\u0259 planla\u015fd\u0131r\u0131l\u0131r. O, daha \u00e7ox s\u0259s y\u0131\u011fd\u0131\u011f\u0131 b\u00f6lg\u0259l\u0259r\u0259 t\u0259krar s\u0259f\u0259r ed\u0259r\u0259k mitinql\u0259r ke\u00e7ir\u0259c\u0259k. O da m\u0259lum olub ki, \u018frdo\u011fan hakim&hellip;<\/p>\n","protected":false},"author":2,"featured_media":600522,"comment_status":"closed","ping_status":"closed","sticky":false,"template":"","format":"standard","meta":{"om_disable_all_campaigns":false,"_monsterinsights_skip_tracking":false,"_monsterinsights_sitenote_active":false,"_monsterinsights_sitenote_note":"","_monsterinsights_sitenote_category":0},"categories":[7],"tags":[],"aioseo_notices":[],"gutentor_comment":0,"rttpg_featured_image_url":{"full":["https:\/\/arantv.az\/wp-content\/uploads\/2023\/05\/FotoJet-2023-05-17T113857.689.jpg",620,413,false],"landscape":["https:\/\/arantv.az\/wp-content\/uploads\/2023\/05\/FotoJet-2023-05-17T113857.689.jpg",620,413,false],"portraits":["https:\/\/arantv.az\/wp-content\/uploads\/2023\/05\/FotoJet-2023-05-17T113857.689.jpg",620,413,false],"thumbnail":["https:\/\/arantv.az\/wp-content\/uploads\/2023\/05\/FotoJet-2023-05-17T113857.689-500x280.jpg",500,280,true],"medium":["https:\/\/arantv.az\/wp-content\/uploads\/2023\/05\/FotoJet-2023-05-17T113857.689-548x365.jpg",548,365,true],"large":["https:\/\/arantv.az\/wp-content\/uploads\/2023\/05\/FotoJet-2023-05-17T113857.689.jpg",620,413,false],"1536x1536":["https:\/\/arantv.az\/wp-content\/uploads\/2023\/05\/FotoJet-2023-05-17T113857.689.jpg",620,413,false],"2048x2048":["https:\/\/arantv.az\/wp-content\/uploads\/2023\/05\/FotoJet-2023-05-17T113857.689.jpg",620,413,false],"post-thumbnail":["https:\/\/arantv.az\/wp-content\/uploads\/2023\/05\/FotoJet-2023-05-17T113857.689-240x172.jpg",240,172,true],"advps-thumb-one":["https:\/\/arantv.az\/wp-content\/uploads\/2023\/05\/FotoJet-2023-05-17T113857.689.jpg",620,413,false]},"rttpg_author":{"display_name":"V\u00fcsal Rafiqo\u011flu","author_link":"https:\/\/arantv.az\/?author=2"},"rttpg_comment":0,"rttpg_category":"<a href=\"https:\/\/arantv.az\/?cat=7\" rel=\"category\">D\u00fcnya<\/a>","rttpg_excerpt":"T\u00fcrkiy\u0259 prezidentliyin\u0259 namiz\u0259dl\u0259r &#8211; \u00f6lk\u0259nin haz\u0131rk\u0131 Prezidenti R\u0259c\u0259b Tayyib \u018frdo\u011fan v\u0259 CHP lideri Kemal K\u0131l\u0131\u00e7daro\u011flunun may\u0131n 28-d\u0259 ke\u00e7iril\u0259c\u0259k prezident se\u00e7kisi \u00f6nc\u0259si se\u00e7ki strategiyalar\u0131 b\u0259lli olub. R.T.\u018frdo\u011fan ikinci tura haz\u0131rl\u0131q zaman\u0131 diqq\u0259ti televiziya proqramlar\u0131na v\u0259 b\u00f6lg\u0259l\u0259r\u0259 s\u0259f\u0259rl\u0259r\u0259 y\u00f6n\u0259ld\u0259c\u0259k, Kemal K\u0131l\u0131\u00e7daro\u011flu is\u0259 terrorizm\u0259 qar\u015f\u0131 q\u0259tiyy\u0259tl\u0259 m\u00fcbariz\u0259 aparmaq ist\u0259yini vur\u011fulamaqla meydana \u00e7\u0131xmaq niyy\u0259tind\u0259dir. \u018frdo\u011fan\u0131n se\u00e7kil\u0259rin ikinci turunda 10&hellip;","_links":{"self":[{"href":"https:\/\/arantv.az\/index.php?rest_route=\/wp\/v2\/posts\/600521"}],"collection":[{"href":"https:\/\/arantv.az\/index.php?rest_route=\/wp\/v2\/posts"}],"about":[{"href":"https:\/\/arantv.az\/index.php?rest_route=\/wp\/v2\/types\/post"}],"author":[{"embeddable":true,"href":"https:\/\/arantv.az\/index.php?rest_route=\/wp\/v2\/users\/2"}],"replies":[{"embeddable":true,"href":"https:\/\/arantv.az\/index.php?rest_route=%2Fwp%2Fv2%2Fcomments&post=600521"}],"version-history":[{"count":0,"href":"https:\/\/arantv.az\/index.php?rest_route=\/wp\/v2\/posts\/600521\/revisions"}],"wp:featuredmedia":[{"embeddable":true,"href":"https:\/\/arantv.az\/index.php?rest_route=\/wp\/v2\/media\/600522"}],"wp:attachment":[{"href":"https:\/\/arantv.az\/index.php?rest_route=%2Fwp%2Fv2%2Fmedia&parent=600521"}],"wp:term":[{"taxonomy":"category","embeddable":true,"href":"https:\/\/arantv.az\/index.php?rest_route=%2Fwp%2Fv2%2Fcategories&post=600521"},{"taxonomy":"post_tag","embeddable":true,"href":"https:\/\/arantv.az\/index.php?rest_route=%2Fwp%2Fv2%2Ftags&post=600521"}],"curies":[{"name":"wp","href":"https:\/\/api.w.org\/{rel}","templated":true}]}}