{"id":600524,"date":"2023-05-17T13:18:30","date_gmt":"2023-05-17T09:18:30","guid":{"rendered":"https:\/\/arantv.az\/?p=600524"},"modified":"2023-05-17T13:18:30","modified_gmt":"2023-05-17T09:18:30","slug":"dovl%c9%99t-komit%c9%99sind%c9%99-uc-idar%c9%99y%c9%99-r%c9%99is-t%c9%99yin-edildi","status":"publish","type":"post","link":"https:\/\/arantv.az\/?p=600524","title":{"rendered":"D\u00f6vl\u0259t komit\u0259sind\u0259 \u00fc\u00e7 idar\u0259y\u0259 r\u0259is t\u0259yin edildi"},"content":{"rendered":"<p>D\u00f6vl\u0259t G\u00f6mr\u00fck Komit\u0259sinin \u00fc\u00e7 idar\u0259sin\u0259 yeni r\u0259isl\u0259r t\u0259yin edilibl\u0259r.<\/p>\n<p>\u201cQaynarinfo\u201dnun \u0259ld\u0259 etdiyi m\u0259lumata g\u00f6r\u0259, bu bar\u0259d\u0259 Komit\u0259 s\u0259dri, general-leytenant \u015eahin Ba\u011f\u0131rov \u0259mr imzalay\u0131b.<\/p>\n<p>\u018fmr\u0259 \u0259sas\u0259n, qurumun Avtomobil N\u0259qliyyat\u0131 \u0130dar\u0259sin\u0259 polkovnik Eldar M\u00fclk\u00fcm o\u011flu B\u0259d\u0259lov, \u018fm\u0259liyyat v\u0259 \u0130stintaq Ba\u015f \u0130dar\u0259sin\u0259 polkovnik Orxan Eldar o\u011flu Nuriyev, N\u00f6vb\u0259t\u00e7i Hiss\u0259l\u0259rin \u0130dar\u0259edilm\u0259si Xidm\u0259tin\u0259 polkovnik-leytenant Namiq Oktay o\u011flu Ba\u011f\u0131rl\u0131\u00a0r\u0259is t\u0259yin olunub.<\/p>\n<p>Qeyd ed\u0259k ki, \u018fm\u0259liyyat-istintaq Ba\u015f \u0130dar\u0259sinin sabiq r\u0259isi M\u0259sum R\u0259sulov h\u0259bs olunmu\u015fdu.<\/p>\n","protected":false},"excerpt":{"rendered":"<p>D\u00f6vl\u0259t G\u00f6mr\u00fck Komit\u0259sinin \u00fc\u00e7 idar\u0259sin\u0259 yeni r\u0259isl\u0259r t\u0259yin edilibl\u0259r. \u201cQaynarinfo\u201dnun \u0259ld\u0259 etdiyi m\u0259lumata g\u00f6r\u0259, bu bar\u0259d\u0259 Komit\u0259 s\u0259dri, general-leytenant \u015eahin Ba\u011f\u0131rov \u0259mr imzalay\u0131b. \u018fmr\u0259 \u0259sas\u0259n, qurumun Avtomobil N\u0259qliyyat\u0131 \u0130dar\u0259sin\u0259 polkovnik Eldar M\u00fclk\u00fcm o\u011flu B\u0259d\u0259lov, \u018fm\u0259liyyat v\u0259 \u0130stintaq Ba\u015f \u0130dar\u0259sin\u0259 polkovnik Orxan Eldar o\u011flu Nuriyev, N\u00f6vb\u0259t\u00e7i Hiss\u0259l\u0259rin \u0130dar\u0259edilm\u0259si Xidm\u0259tin\u0259 polkovnik-leytenant Namiq Oktay o\u011flu Ba\u011f\u0131rl\u0131\u00a0r\u0259is t\u0259yin olunub. Qeyd ed\u0259k ki, \u018fm\u0259liyyat-istintaq Ba\u015f \u0130dar\u0259sinin sabiq r\u0259isi M\u0259sum R\u0259sulov h\u0259bs olunmu\u015fdu.<\/p>\n","protected":false},"author":2,"featured_media":600525,"comment_status":"closed","ping_status":"closed","sticky":false,"template":"","format":"standard","meta":{"om_disable_all_campaigns":false,"_monsterinsights_skip_tracking":false,"_monsterinsights_sitenote_active":false,"_monsterinsights_sitenote_note":"","_monsterinsights_sitenote_category":0},"categories":[1],"tags":[],"aioseo_notices":[],"gutentor_comment":0,"rttpg_featured_image_url":{"full":["https:\/\/arantv.az\/wp-content\/uploads\/2023\/05\/images-4.jpg",300,168,false],"landscape":["https:\/\/arantv.az\/wp-content\/uploads\/2023\/05\/images-4.jpg",300,168,false],"portraits":["https:\/\/arantv.az\/wp-content\/uploads\/2023\/05\/images-4.jpg",300,168,false],"thumbnail":["https:\/\/arantv.az\/wp-content\/uploads\/2023\/05\/images-4.jpg",300,168,false],"medium":["https:\/\/arantv.az\/wp-content\/uploads\/2023\/05\/images-4.jpg",300,168,false],"large":["https:\/\/arantv.az\/wp-content\/uploads\/2023\/05\/images-4.jpg",300,168,false],"1536x1536":["https:\/\/arantv.az\/wp-content\/uploads\/2023\/05\/images-4.jpg",300,168,false],"2048x2048":["https:\/\/arantv.az\/wp-content\/uploads\/2023\/05\/images-4.jpg",300,168,false],"post-thumbnail":["https:\/\/arantv.az\/wp-content\/uploads\/2023\/05\/images-4-240x168.jpg",240,168,true],"advps-thumb-one":["https:\/\/arantv.az\/wp-content\/uploads\/2023\/05\/images-4.jpg",300,168,false]},"rttpg_author":{"display_name":"V\u00fcsal Rafiqo\u011flu","author_link":"https:\/\/arantv.az\/?author=2"},"rttpg_comment":0,"rttpg_category":"<a href=\"https:\/\/arantv.az\/?cat=1\" rel=\"category\">C\u0259miyy\u0259t<\/a>","rttpg_excerpt":"D\u00f6vl\u0259t G\u00f6mr\u00fck Komit\u0259sinin \u00fc\u00e7 idar\u0259sin\u0259 yeni r\u0259isl\u0259r t\u0259yin edilibl\u0259r. \u201cQaynarinfo\u201dnun \u0259ld\u0259 etdiyi m\u0259lumata g\u00f6r\u0259, bu bar\u0259d\u0259 Komit\u0259 s\u0259dri, general-leytenant \u015eahin Ba\u011f\u0131rov \u0259mr imzalay\u0131b. \u018fmr\u0259 \u0259sas\u0259n, qurumun Avtomobil N\u0259qliyyat\u0131 \u0130dar\u0259sin\u0259 polkovnik Eldar M\u00fclk\u00fcm o\u011flu B\u0259d\u0259lov, \u018fm\u0259liyyat v\u0259 \u0130stintaq Ba\u015f \u0130dar\u0259sin\u0259 polkovnik Orxan Eldar o\u011flu Nuriyev, N\u00f6vb\u0259t\u00e7i Hiss\u0259l\u0259rin \u0130dar\u0259edilm\u0259si Xidm\u0259tin\u0259 polkovnik-leytenant Namiq Oktay o\u011flu Ba\u011f\u0131rl\u0131\u00a0r\u0259is t\u0259yin olunub.&hellip;","_links":{"self":[{"href":"https:\/\/arantv.az\/index.php?rest_route=\/wp\/v2\/posts\/600524"}],"collection":[{"href":"https:\/\/arantv.az\/index.php?rest_route=\/wp\/v2\/posts"}],"about":[{"href":"https:\/\/arantv.az\/index.php?rest_route=\/wp\/v2\/types\/post"}],"author":[{"embeddable":true,"href":"https:\/\/arantv.az\/index.php?rest_route=\/wp\/v2\/users\/2"}],"replies":[{"embeddable":true,"href":"https:\/\/arantv.az\/index.php?rest_route=%2Fwp%2Fv2%2Fcomments&post=600524"}],"version-history":[{"count":0,"href":"https:\/\/arantv.az\/index.php?rest_route=\/wp\/v2\/posts\/600524\/revisions"}],"wp:featuredmedia":[{"embeddable":true,"href":"https:\/\/arantv.az\/index.php?rest_route=\/wp\/v2\/media\/600525"}],"wp:attachment":[{"href":"https:\/\/arantv.az\/index.php?rest_route=%2Fwp%2Fv2%2Fmedia&parent=600524"}],"wp:term":[{"taxonomy":"category","embeddable":true,"href":"https:\/\/arantv.az\/index.php?rest_route=%2Fwp%2Fv2%2Fcategories&post=600524"},{"taxonomy":"post_tag","embeddable":true,"href":"https:\/\/arantv.az\/index.php?rest_route=%2Fwp%2Fv2%2Ftags&post=600524"}],"curies":[{"name":"wp","href":"https:\/\/api.w.org\/{rel}","templated":true}]}}