{"id":600794,"date":"2023-05-19T18:50:51","date_gmt":"2023-05-19T14:50:51","guid":{"rendered":"https:\/\/arantv.az\/?p=600794"},"modified":"2023-05-19T18:50:51","modified_gmt":"2023-05-19T14:50:51","slug":"g7-liderl%c9%99ri-ukraynadaki-v%c9%99ziyy%c9%99tl%c9%99-bagli-b%c9%99yanat-q%c9%99bul-edib","status":"publish","type":"post","link":"https:\/\/arantv.az\/?p=600794","title":{"rendered":"G7 liderl\u0259ri Ukraynadak\u0131 v\u0259ziyy\u0259tl\u0259 ba\u011fl\u0131 b\u0259yanat q\u0259bul edib"},"content":{"rendered":"<div class=\"news-toolbox\">\n<p>G7 \u00f6lk\u0259l\u0259rinin liderl\u0259ri Yaponiyan\u0131n Hirosima \u015f\u0259h\u0259rind\u0259 ke\u00e7iril\u0259n iclasda Ukraynadak\u0131 v\u0259ziyy\u0259tl\u0259 ba\u011fl\u0131 b\u0259yanat q\u0259bul edibl\u0259r.<\/p>\n<\/div>\n<div class=\"text-content\" data-id=\"\" data-url=\"\">\n<p>\u201cReport\u201d TASS-a istinad\u0259n x\u0259b\u0259r verir ki, s\u0259n\u0259dd\u0259 Ukraynaya iqtisadi yard\u0131m g\u00f6st\u0259rilm\u0259si \u00f6z \u0259ksini tap\u0131b.<\/p>\n<p>Bildirilib ki, 2023-c\u00fc il v\u0259 2024-c\u00fc ilin \u0259vv\u0259li \u00fc\u00e7\u00fcn b\u00fcdc\u0259 d\u0259st\u0259yi art\u0131q q\u0259bul olunub. Liderl\u0259r \u201cTax\u0131l sazi\u015fi\u201dnin geni\u015fl\u0259ndirilm\u0259si v\u0259 uzad\u0131lmas\u0131n\u0131 d\u0259st\u0259kl\u0259yir.<\/p>\n<p>G7 Rusiyan\u0131 m\u0259\u011flub etm\u0259k \u00fc\u00e7\u00fcn Ukraynaya h\u0259rbi, maliyy\u0259, humanitar v\u0259 diplomatik d\u0259st\u0259k ver\u0259c\u0259k. Bundan ba\u015fqa, G7 Rusiyan\u0131n enerji ixrac\u0131ndan \u0259ld\u0259 etdiyi g\u0259lirl\u0259ri azaltmaq \u00fc\u00e7\u00fcn t\u0259dbirl\u0259r g\u00f6r\u0259c\u0259k. Bu \u00f6lk\u0259l\u0259r n\u00fcv\u0259 enerjisi sah\u0259sind\u0259 Rusiyadan as\u0131l\u0131l\u0131\u011f\u0131 dayand\u0131rma\u011fa \u00e7al\u0131\u015facaq. Eyni zamanda G7 Rusiyaya s\u0259naye avadanl\u0131\u011f\u0131 v\u0259 texnologiyalar\u0131n\u0131n ixrac\u0131n\u0131 m\u0259hdudla\u015fd\u0131rma\u011fa davam ed\u0259c\u0259k.<\/p>\n<\/div>\n","protected":false},"excerpt":{"rendered":"<p>G7 \u00f6lk\u0259l\u0259rinin liderl\u0259ri Yaponiyan\u0131n Hirosima \u015f\u0259h\u0259rind\u0259 ke\u00e7iril\u0259n iclasda Ukraynadak\u0131 v\u0259ziyy\u0259tl\u0259 ba\u011fl\u0131 b\u0259yanat q\u0259bul edibl\u0259r. \u201cReport\u201d TASS-a istinad\u0259n x\u0259b\u0259r verir ki, s\u0259n\u0259dd\u0259 Ukraynaya iqtisadi yard\u0131m g\u00f6st\u0259rilm\u0259si \u00f6z \u0259ksini tap\u0131b. Bildirilib ki, 2023-c\u00fc il v\u0259 2024-c\u00fc ilin \u0259vv\u0259li \u00fc\u00e7\u00fcn b\u00fcdc\u0259 d\u0259st\u0259yi art\u0131q q\u0259bul olunub. Liderl\u0259r \u201cTax\u0131l sazi\u015fi\u201dnin geni\u015fl\u0259ndirilm\u0259si v\u0259 uzad\u0131lmas\u0131n\u0131 d\u0259st\u0259kl\u0259yir. G7 Rusiyan\u0131 m\u0259\u011flub etm\u0259k \u00fc\u00e7\u00fcn Ukraynaya h\u0259rbi, maliyy\u0259, humanitar v\u0259 diplomatik d\u0259st\u0259k ver\u0259c\u0259k. Bundan ba\u015fqa, G7 Rusiyan\u0131n enerji ixrac\u0131ndan \u0259ld\u0259 etdiyi g\u0259lirl\u0259ri azaltmaq \u00fc\u00e7\u00fcn t\u0259dbirl\u0259r g\u00f6r\u0259c\u0259k. Bu \u00f6lk\u0259l\u0259r n\u00fcv\u0259 enerjisi sah\u0259sind\u0259 Rusiyadan as\u0131l\u0131l\u0131\u011f\u0131 dayand\u0131rma\u011fa \u00e7al\u0131\u015facaq. Eyni zamanda G7 Rusiyaya s\u0259naye avadanl\u0131\u011f\u0131&hellip;<\/p>\n","protected":false},"author":2,"featured_media":600795,"comment_status":"closed","ping_status":"closed","sticky":false,"template":"","format":"standard","meta":{"om_disable_all_campaigns":false,"_monsterinsights_skip_tracking":false,"_monsterinsights_sitenote_active":false,"_monsterinsights_sitenote_note":"","_monsterinsights_sitenote_category":0},"categories":[4],"tags":[],"aioseo_notices":[],"gutentor_comment":0,"rttpg_featured_image_url":{"full":["https:\/\/arantv.az\/wp-content\/uploads\/2023\/05\/8e1e859bfccd8d8921b3292213a4c351.jpg",850,500,false],"landscape":["https:\/\/arantv.az\/wp-content\/uploads\/2023\/05\/8e1e859bfccd8d8921b3292213a4c351.jpg",850,500,false],"portraits":["https:\/\/arantv.az\/wp-content\/uploads\/2023\/05\/8e1e859bfccd8d8921b3292213a4c351.jpg",850,500,false],"thumbnail":["https:\/\/arantv.az\/wp-content\/uploads\/2023\/05\/8e1e859bfccd8d8921b3292213a4c351-500x280.jpg",500,280,true],"medium":["https:\/\/arantv.az\/wp-content\/uploads\/2023\/05\/8e1e859bfccd8d8921b3292213a4c351-621x365.jpg",621,365,true],"large":["https:\/\/arantv.az\/wp-content\/uploads\/2023\/05\/8e1e859bfccd8d8921b3292213a4c351-840x494.jpg",640,376,true],"1536x1536":["https:\/\/arantv.az\/wp-content\/uploads\/2023\/05\/8e1e859bfccd8d8921b3292213a4c351.jpg",850,500,false],"2048x2048":["https:\/\/arantv.az\/wp-content\/uploads\/2023\/05\/8e1e859bfccd8d8921b3292213a4c351.jpg",850,500,false],"post-thumbnail":["https:\/\/arantv.az\/wp-content\/uploads\/2023\/05\/8e1e859bfccd8d8921b3292213a4c351-240x172.jpg",240,172,true],"advps-thumb-one":["https:\/\/arantv.az\/wp-content\/uploads\/2023\/05\/8e1e859bfccd8d8921b3292213a4c351.jpg",850,500,false]},"rttpg_author":{"display_name":"V\u00fcsal Rafiqo\u011flu","author_link":"https:\/\/arantv.az\/?author=2"},"rttpg_comment":0,"rttpg_category":"<a href=\"https:\/\/arantv.az\/?cat=4\" rel=\"category\">Siyas\u0259t<\/a>","rttpg_excerpt":"G7 \u00f6lk\u0259l\u0259rinin liderl\u0259ri Yaponiyan\u0131n Hirosima \u015f\u0259h\u0259rind\u0259 ke\u00e7iril\u0259n iclasda Ukraynadak\u0131 v\u0259ziyy\u0259tl\u0259 ba\u011fl\u0131 b\u0259yanat q\u0259bul edibl\u0259r. \u201cReport\u201d TASS-a istinad\u0259n x\u0259b\u0259r verir ki, s\u0259n\u0259dd\u0259 Ukraynaya iqtisadi yard\u0131m g\u00f6st\u0259rilm\u0259si \u00f6z \u0259ksini tap\u0131b. Bildirilib ki, 2023-c\u00fc il v\u0259 2024-c\u00fc ilin \u0259vv\u0259li \u00fc\u00e7\u00fcn b\u00fcdc\u0259 d\u0259st\u0259yi art\u0131q q\u0259bul olunub. Liderl\u0259r \u201cTax\u0131l sazi\u015fi\u201dnin geni\u015fl\u0259ndirilm\u0259si v\u0259 uzad\u0131lmas\u0131n\u0131 d\u0259st\u0259kl\u0259yir. G7 Rusiyan\u0131 m\u0259\u011flub etm\u0259k \u00fc\u00e7\u00fcn Ukraynaya&hellip;","_links":{"self":[{"href":"https:\/\/arantv.az\/index.php?rest_route=\/wp\/v2\/posts\/600794"}],"collection":[{"href":"https:\/\/arantv.az\/index.php?rest_route=\/wp\/v2\/posts"}],"about":[{"href":"https:\/\/arantv.az\/index.php?rest_route=\/wp\/v2\/types\/post"}],"author":[{"embeddable":true,"href":"https:\/\/arantv.az\/index.php?rest_route=\/wp\/v2\/users\/2"}],"replies":[{"embeddable":true,"href":"https:\/\/arantv.az\/index.php?rest_route=%2Fwp%2Fv2%2Fcomments&post=600794"}],"version-history":[{"count":0,"href":"https:\/\/arantv.az\/index.php?rest_route=\/wp\/v2\/posts\/600794\/revisions"}],"wp:featuredmedia":[{"embeddable":true,"href":"https:\/\/arantv.az\/index.php?rest_route=\/wp\/v2\/media\/600795"}],"wp:attachment":[{"href":"https:\/\/arantv.az\/index.php?rest_route=%2Fwp%2Fv2%2Fmedia&parent=600794"}],"wp:term":[{"taxonomy":"category","embeddable":true,"href":"https:\/\/arantv.az\/index.php?rest_route=%2Fwp%2Fv2%2Fcategories&post=600794"},{"taxonomy":"post_tag","embeddable":true,"href":"https:\/\/arantv.az\/index.php?rest_route=%2Fwp%2Fv2%2Ftags&post=600794"}],"curies":[{"name":"wp","href":"https:\/\/api.w.org\/{rel}","templated":true}]}}