{"id":600859,"date":"2023-05-20T10:04:23","date_gmt":"2023-05-20T06:04:23","guid":{"rendered":"https:\/\/arantv.az\/?p=600859"},"modified":"2023-05-20T10:04:23","modified_gmt":"2023-05-20T06:04:23","slug":"fransa-bolg%c9%99d%c9%99-t%c9%99xribatci-hucumlarin-artirilmasina-calisir-kaspinin-s%c9%99rhi","status":"publish","type":"post","link":"https:\/\/arantv.az\/?p=600859","title":{"rendered":"Fransa b\u00f6lg\u0259d\u0259 t\u0259xribat\u00e7\u0131 h\u00fccumlar\u0131n art\u0131r\u0131lmas\u0131na \u00e7al\u0131\u015f\u0131r &#8211; \u201cKaspi\u201dnin \u015e\u018fRH\u0130"},"content":{"rendered":"<p>Fransa Erm\u0259nistana yeni h\u0259rbi atta\u015fe t\u0259yin edib. Bu t\u0259yinatda ba\u015fl\u0131ca m\u0259qs\u0259d Erm\u0259nistan ordusunu silahland\u0131rmaq, Az\u0259rbaycanla m\u00fcnaqi\u015f\u0259ni yenid\u0259n alovland\u0131rmaqd\u0131r. Ekspertl\u0259r bildirirl\u0259r ki, Parisin b\u00f6lg\u0259 \u00fc\u00e7\u00fcn t\u0259hl\u00fck\u0259li oyunu \u0130r\u0259vana baha ba\u015fa g\u0259l\u0259c\u0259k.<\/p>\n<p><a href=\"https:\/\/kaspi.az\/ermeniler-makronun-silahlari-ile-ates-acir-s-rh?fbclid=IwAR3wmSTGbKnuqoOKju7rG2iSMgWFKIgLMSDriB3X_OOZF9R_AjVxIXu3o7E\" target=\"_blank\" rel=\"noopener\"><strong>\u201cKaspi\u201d<\/strong><\/a>\u00a0q\u0259zetinin m\u00f6vzu il\u0259 ba\u011fl\u0131 \u015f\u0259rhini t\u0259qdim edirik:<\/p>\n<p>Fransa h\u00f6kum\u0259tinin son ill\u0259r xarici siyas\u0259td\u0259 \u00fczl\u0259\u015fdiyi ard\u0131c\u0131l u\u011fursuzluqlar, g\u0259rginlikl\u0259r s\u0259ngimir. Afrika, Asiyan\u0131n bir s\u0131ra \u00f6lk\u0259l\u0259rind\u0259 m\u00f6vqel\u0259rini itir\u0259n Fransa yar\u0131tmaz xarici siyas\u0259tin ac\u0131s\u0131n\u0131 \u00e7\u0259km\u0259kd\u0259dir. S\u00f6zs\u00fcz ki, bu u\u011fursuzluqlarda prezident Emmanuel Makronun rolu \u0259v\u0259zsizdir. \u018fvv\u0259lki prezidentl\u0259r xarici siyas\u0259td\u0259 balans\u0131 qoruyub saxlama\u011fa \u00fcst\u00fcnl\u00fck verirdil\u0259rs\u0259, Makron d\u00f6vr\u00fcnd\u0259 buna son qoyulub. Konkret olaraq r\u0259smi Parisin C\u0259nubi Qafqaz siyas\u0259tind\u0259 bunun tam \u015fahidi olduq. Fransa m\u0259hz Makronun idar\u0259\u00e7iliyi d\u00f6vr\u00fcnd\u0259 regionda riyakar v\u0259 q\u0259r\u0259zli f\u0259aliyy\u0259ti il\u0259 yadda qal\u0131r. Paris 44 g\u00fcnl\u00fck m\u00fcharib\u0259d\u0259n sonra Az\u0259rbaycan \u0259leyhin\u0259 b\u0259dnam q\u0259tnam\u0259l\u0259r q\u0259bul edib. Bu q\u0259tnam\u0259l\u0259r is\u0259 Az\u0259rbaycanla Erm\u0259nistan aras\u0131nda normalla\u015fma prosesini \u0259ng\u0259ll\u0259m\u0259kd\u0259n ba\u015fqa bir \u015fey deyil v\u0259 b\u00f6lg\u0259d\u0259 s\u00fclh\u00fcn b\u0259rpas\u0131na mane olur. El\u0259 r\u0259smi Parisin Erm\u0259nistan\u0131 silahland\u0131rmaq, erm\u0259ni h\u0259rb\u00e7il\u0259rin\u0259 t\u0259lim ke\u00e7m\u0259k c\u0259hdl\u0259ri d\u0259 onun n\u00f6vb\u0259ti riyakarl\u0131\u011f\u0131ndan x\u0259b\u0259r verir. S\u0259rh\u0259dd\u0259 ya\u015fanan son g\u0259rginlikl\u0259r d\u0259 m\u0259hz Fransan\u0131n xeyir-duas\u0131 il\u0259 h\u0259yata ke\u00e7irilir. Erm\u0259nip\u0259r\u0259st dair\u0259l\u0259rin tam t\u0259siri alt\u0131nda olan Makron h\u00f6kum\u0259ti m\u0259\u011flub Erm\u0259nistan\u0131n \u201cv\u0259kili\u201d kimi \u00e7\u0131x\u0131\u015f edir.<\/p>\n<p><img src=\"https:\/\/cdn.oxu.az\/uploads\/W1siZiIsIjIwMjMvMDUvMjAvMDgvNTIvMTMvZWVlMzk0OWEtODljZC00NmE2LWIyM2UtODVlYTJmYzYyNmI4L1puWXVzSVhyMnFDTk1EZ2gzOWdVdGdEQjZDelc4YVIzeHhmaEFvT0MuanBnIl0sWyJwIiwiZW5jb2RlIiwianBnIiwiLXF1YWxpdHkgODAiXSxbInAiLCJ0aHVtYiIsIjU5MHg1OTBcdTAwM2UiXV0?sha=9aefc86dc1903cc7\" alt=\"\" \/><\/p>\n<p><strong>Erm\u0259nistan\u0131 silahland\u0131ran Fransa<\/strong><\/p>\n<p>Bel\u0259likl\u0259, Fransa Erm\u0259nistan\u0131 silahland\u0131raraq Az\u0259rbaycanla yeni m\u00fcharib\u0259y\u0259 \u00e7\u0259kir. Bu m\u0259qs\u0259dl\u0259 \u0130r\u0259vandak\u0131 s\u0259firliyin\u0259 h\u0259rbi atta\u015fe t\u0259yinat\u0131 il\u0259 yana\u015f\u0131, Erm\u0259nistan\u0131 h\u0259rbi-texniki c\u0259h\u0259td\u0259n t\u0259chiz etm\u0259k kampaniyas\u0131na start verib. 44 g\u00fcnl\u00fck m\u00fcharib\u0259d\u0259 r\u0259zil duruma sal\u0131nan erm\u0259ni ordusuna strateji silahlar verm\u0259y\u0259 ba\u015flay\u0131b. B\u0259llidir ki, h\u0259rbi-texniki d\u0259st\u0259k v\u0259 ya h\u0259rbi t\u0259yinatl\u0131 vasit\u0259l\u0259r erm\u0259ni ordusunun g\u00fccl\u0259nm\u0259sin\u0259 hesablanan prosesdir. \u018fslind\u0259 Fransa bu yanl\u0131\u015f add\u0131m\u0131 il\u0259 C\u0259nubi Qafqazda n\u00f6vb\u0259ti g\u0259rginlik oca\u011f\u0131n\u0131n yaranmas\u0131na r\u0259vac verir. Br\u00fcssel format\u0131na n\u0259yin bahas\u0131na olursa-olsun qo\u015fulmaq c\u0259hdi Az\u0259rbaycan\u00a0t\u0259r\u0259find\u0259n r\u0259dd edildikd\u0259n sonra Fransa b\u00f6lg\u0259d\u0259 t\u0259xribat\u00e7\u0131 h\u00fccumlar\u0131n art\u0131r\u0131lmas\u0131na \u00e7al\u0131\u015f\u0131r. Xat\u0131rladaq ki, Br\u00fcssel g\u00f6r\u00fc\u015f\u00fcn\u00fcn \u0259sas g\u00fcnd\u0259liyi Az\u0259rbaycanla Erm\u0259nistan aras\u0131nda m\u00fcnasib\u0259tl\u0259rin normalla\u015fd\u0131r\u0131lmas\u0131, s\u00fclh m\u00fcqavil\u0259sin\u0259 do\u011fru add\u0131mlar\u0131n at\u0131lmas\u0131, kommunikasiyalar\u0131n a\u00e7\u0131lmas\u0131, humanitar m\u0259s\u0259l\u0259l\u0259r, o c\u00fcml\u0259d\u0259n Az\u0259rbaycana qar\u015f\u0131 mina terroru v\u0259 itkin d\u00fc\u015f\u0259nl\u0259rin taleyi idi.<\/p>\n<div id=\"22889818619\" data-google-query-id=\"CMHhpNycg_8CFW2AgwcdNGoJ4w\">\n<div id=\"google_ads_iframe_\/22785635315\/22890818619_0__container__\"><iframe loading=\"lazy\" id=\"google_ads_iframe_\/22785635315\/22890818619_0\" tabindex=\"0\" title=\"3rd party ad content\" role=\"region\" src=\"https:\/\/b6a27d608d4539b0add4362716c1fd04.safeframe.googlesyndication.com\/safeframe\/1-0-40\/html\/container.html\" name=\"\" width=\"600\" height=\"338\" frameborder=\"0\" marginwidth=\"0\" marginheight=\"0\" scrolling=\"no\" sandbox=\"allow-forms allow-popups allow-popups-to-escape-sandbox allow-same-origin allow-scripts allow-top-navigation-by-user-activation\" data-is-safeframe=\"true\" aria-label=\"Advertisement\" data-google-container-id=\"1\" data-load-complete=\"true\" data-mce-fragment=\"1\"><\/iframe><\/div>\n<\/div>\n<p><img src=\"https:\/\/cdn.oxu.az\/uploads\/W1siZiIsIjIwMjMvMDUvMjAvMDgvNTIvMTMvMDU3NWE4ZGEtNmFlZC00MzcyLTg3ZGUtM2VkZjZiZTg5MDc2L29FanpKSUxmWXpwWUxmMXhPOGExd21kVlY4R2oyV096UldwdjR2WUouanBnIl0sWyJwIiwiZW5jb2RlIiwianBnIiwiLXF1YWxpdHkgODAiXSxbInAiLCJ0aHVtYiIsIjU5MHg1OTBcdTAwM2UiXV0?sha=290217487b12395e\" alt=\"\" \/><\/p>\n<p>\u00dcmumilikd\u0259 dey\u0259 bil\u0259rik ki, Fransan\u0131n Avropa \u0130ttifaq\u0131 daxilind\u0259 d\u0259 n\u00fcfuzu z\u0259ifl\u0259yib. Art\u0131q b\u0259zi qit\u0259 \u00f6lk\u0259l\u0259ri d\u0259 anlay\u0131r ki, Fransan\u0131n laz\u0131ms\u0131z m\u00fcdaxil\u0259l\u0259ri b\u00f6lg\u0259d\u0259 s\u00fclh prosesinin ziyan\u0131nad\u0131r. G\u00f6t\u00fcr\u0259k el\u0259 Birl\u0259\u015fmi\u015f \u015etatlar\u0131. AB\u015e Erm\u0259nistana olan b\u00fct\u00fcn m\u00f6vcud v\u0259 a\u015fkar simpatiyalara r\u0259\u011fm\u0259n, Bak\u0131 v\u0259 \u0130r\u0259van aras\u0131nda neytral vasit\u0259\u00e7i olma\u011fa \u00e7al\u0131\u015f\u0131r, sa\u011flam s\u00fclh t\u0259\u015f\u0259bb\u00fcsl\u0259ri ir\u0259li s\u00fcr\u00fcr, Az\u0259rbaycan\u0131n \u0259razi b\u00fct\u00f6vl\u00fcy\u00fcnd\u0259n dan\u0131\u015f\u0131r.<\/p>\n<p><img src=\"https:\/\/cdn.oxu.az\/uploads\/W1siZiIsIjIwMjMvMDUvMjAvMDgvNTIvMTIvNzcyYzNlNzItMmRjMy00NzIzLWFjOTctMTAxYTcyOGY4OWY1LzFDMkxBNkRSS2E4NFY1SjdDbnk5SUo3ZkxpS3BIYm9heGxEWW9sUGwuanBnIl0sWyJwIiwiZW5jb2RlIiwianBnIiwiLXF1YWxpdHkgODAiXSxbInAiLCJ0aHVtYiIsIjU5MHg1OTBcdTAwM2UiXV0?sha=0168b188cb3caf3b\" alt=\"\" \/><\/p>\n<p><strong>Yeni erm\u0259ni-frans\u0131z h\u0259rbi kanal\u0131 n\u0259y\u0259 xidm\u0259t edir?<\/strong><\/p>\n<p>B\u00f6lg\u0259d\u0259 s\u00fclh prosesinin yaranmas\u0131na \u0259ng\u0259l olan Fransa Erm\u0259nistanla \u00f6z h\u0259rbi kommunikasiya kanal\u0131n\u0131 yaratma\u011fa da \u00e7al\u0131\u015f\u0131r. Bunun t\u0259zah\u00fcr\u00fc \u0130r\u0259vanda iqam\u0259tgah\u0131 olan Fransa h\u0259rbi atta\u015fesinin m\u00fcmk\u00fcn t\u0259yinat\u0131d\u0131r. Bel\u0259 bir t\u0259yinat ilk bax\u0131\u015fda ki\u00e7ik g\u00f6r\u00fcns\u0259 d\u0259, bu, Fransan\u0131n Erm\u0259nistanla \u00f6z h\u0259rbi kanal\u0131n\u0131 a\u00e7maq v\u0259 bununla da sonuncunun Moskva il\u0259 m\u00fcst\u0259sna h\u0259rbi \u0259laq\u0259l\u0259rin\u0259 son qoymaq ist\u0259yinin ifad\u0259si ola bil\u0259r. Q\u0259rb medias\u0131 yaz\u0131r ki, Fransa \u0130r\u0259vanda yeni h\u0259rbi atta\u015fe t\u0259yin etm\u0259yi planla\u015fd\u0131rmaqla Erm\u0259nistan\u0131 Q\u0259rb\u0259 yax\u0131nla\u015fd\u0131rma\u011fa \u00e7al\u0131\u015f\u0131r, lakin regionda bu yeni rol ehtiyatla yerin\u0259 yetirilm\u0259li olacaq. Qeyd olunur ki, haz\u0131rda Fransan\u0131n Erm\u0259nistandak\u0131 atta\u015fesinin v\u0259zif\u0259l\u0259rini iqam\u0259tgah\u0131 G\u00fcrc\u00fcstanda yerl\u0259\u015f\u0259n polkovnik Frederik Kampos yerin\u0259 yetirir. 2022-ci ilin aprelind\u0259 o, Erm\u0259nistan T\u0259hl\u00fck\u0259sizlik \u015euras\u0131n\u0131n katibi Armen Qriqoryan v\u0259 Mari-Aqnesin ba\u015f\u00e7\u0131l\u0131q etdiyi Fransa M\u00fcdafi\u0259 Nazirliyinin Silahlanma \u00fczr\u0259 Ba\u015f \u0130dar\u0259sinin (DGA) n\u00fcmay\u0259nd\u0259 hey\u0259tinin g\u00f6r\u00fc\u015f\u00fcnd\u0259 i\u015ftirak edib. M\u00fcmk\u00fcn t\u0259yinat Parisin \u0130r\u0259vanla ikit\u0259r\u0259fli silahlanma komit\u0259sinin i\u015fini b\u0259rpa etm\u0259si il\u0259 \u00fcst-\u00fcst\u0259 d\u00fc\u015f\u00fcr. Bu qurum Erm\u0259nistan M\u00fcdafi\u0259 Nazirliyinin strateji planlar\u0131n\u0131 v\u0259 fransal\u0131 istehsal\u00e7\u0131lardan m\u00fcmk\u00fcn al\u0131\u015flar\u0131 m\u00fc\u0259yy\u0259nl\u0259\u015fdirir. Lakin Erm\u0259nistanda Fransan\u0131n h\u0259rbi-biznes s\u0259yl\u0259ri \u0130r\u0259van\u0131n m\u0259hdud maliyy\u0259 imkanlar\u0131na g\u00f6r\u0259 \u00e7ox n\u0259tic\u0259 verm\u0259y\u0259 bil\u0259r. \u00c7\u00fcnki Erm\u0259nistan\u0131n maliyy\u0259 imkanlar\u0131 Fransadan bahal\u0131 silahlar g\u0259tirm\u0259y\u0259 imkan vermir. Onu da qeyd ed\u0259k ki, Fransan\u0131n Erm\u0259nistana ilkin m\u0259rh\u0259l\u0259d\u0259 t\u0259dar\u00fck etm\u0259yi planla\u015fd\u0131rd\u0131\u011f\u0131 silahlar\u0131n siyah\u0131s\u0131na \u00f6ld\u00fcr\u00fcc\u00fc silahlar da daxildir. Buradan bel\u0259 n\u0259tic\u0259 \u00e7\u0131x\u0131r ki, A\u0130-nin apar\u0131c\u0131 \u00f6lk\u0259l\u0259rind\u0259n biri \u00f6ld\u00fcr\u00fcc\u00fc silahlardan istifad\u0259 olunmamas\u0131 il\u0259 ba\u011fl\u0131 qurumun \u0259n\u0259n\u0259vi yana\u015fmas\u0131na k\u00f6k\u00fcnd\u0259n zidd q\u0259rar q\u0259bul ed\u0259r\u0259k, regionda q\u00fcvv\u0259l\u0259r balans\u0131nda Erm\u0259nistan\u0131n xeyrin\u0259 t\u0259sir g\u00f6st\u0259rm\u0259y\u0259 \u00e7al\u0131\u015f\u0131r v\u0259 bununla da C\u0259nubi Qafqazda yeni m\u00fcnaqi\u015f\u0259 alovlan\u0131r. Erm\u0259nistan t\u0259r\u0259fi d\u0259 anlamaq ist\u0259mir ki, 30 il bundan \u0259vv\u0259l yol verdiyi s\u0259hv siyas\u0259ti t\u0259krarlay\u0131r.<\/p>\n","protected":false},"excerpt":{"rendered":"<p>Fransa Erm\u0259nistana yeni h\u0259rbi atta\u015fe t\u0259yin edib. Bu t\u0259yinatda ba\u015fl\u0131ca m\u0259qs\u0259d Erm\u0259nistan ordusunu silahland\u0131rmaq, Az\u0259rbaycanla m\u00fcnaqi\u015f\u0259ni yenid\u0259n alovland\u0131rmaqd\u0131r. Ekspertl\u0259r bildirirl\u0259r ki, Parisin b\u00f6lg\u0259 \u00fc\u00e7\u00fcn t\u0259hl\u00fck\u0259li oyunu \u0130r\u0259vana baha ba\u015fa g\u0259l\u0259c\u0259k. \u201cKaspi\u201d\u00a0q\u0259zetinin m\u00f6vzu il\u0259 ba\u011fl\u0131 \u015f\u0259rhini t\u0259qdim edirik: Fransa h\u00f6kum\u0259tinin son ill\u0259r xarici siyas\u0259td\u0259 \u00fczl\u0259\u015fdiyi ard\u0131c\u0131l u\u011fursuzluqlar, g\u0259rginlikl\u0259r s\u0259ngimir. Afrika, Asiyan\u0131n bir s\u0131ra \u00f6lk\u0259l\u0259rind\u0259 m\u00f6vqel\u0259rini itir\u0259n Fransa yar\u0131tmaz xarici siyas\u0259tin ac\u0131s\u0131n\u0131 \u00e7\u0259km\u0259kd\u0259dir. S\u00f6zs\u00fcz ki, bu u\u011fursuzluqlarda prezident Emmanuel Makronun rolu \u0259v\u0259zsizdir. \u018fvv\u0259lki prezidentl\u0259r xarici siyas\u0259td\u0259 balans\u0131 qoruyub saxlama\u011fa \u00fcst\u00fcnl\u00fck verirdil\u0259rs\u0259, Makron d\u00f6vr\u00fcnd\u0259 buna son qoyulub. Konkret olaraq r\u0259smi Parisin C\u0259nubi Qafqaz&hellip;<\/p>\n","protected":false},"author":2,"featured_media":600860,"comment_status":"closed","ping_status":"closed","sticky":false,"template":"","format":"standard","meta":{"om_disable_all_campaigns":false,"_monsterinsights_skip_tracking":false,"_monsterinsights_sitenote_active":false,"_monsterinsights_sitenote_note":"","_monsterinsights_sitenote_category":0},"categories":[4],"tags":[],"aioseo_notices":[],"gutentor_comment":0,"rttpg_featured_image_url":{"full":["https:\/\/arantv.az\/wp-content\/uploads\/2023\/05\/FotoJet-10-1.jpg",620,413,false],"landscape":["https:\/\/arantv.az\/wp-content\/uploads\/2023\/05\/FotoJet-10-1.jpg",620,413,false],"portraits":["https:\/\/arantv.az\/wp-content\/uploads\/2023\/05\/FotoJet-10-1.jpg",620,413,false],"thumbnail":["https:\/\/arantv.az\/wp-content\/uploads\/2023\/05\/FotoJet-10-1-500x280.jpg",500,280,true],"medium":["https:\/\/arantv.az\/wp-content\/uploads\/2023\/05\/FotoJet-10-1-548x365.jpg",548,365,true],"large":["https:\/\/arantv.az\/wp-content\/uploads\/2023\/05\/FotoJet-10-1.jpg",620,413,false],"1536x1536":["https:\/\/arantv.az\/wp-content\/uploads\/2023\/05\/FotoJet-10-1.jpg",620,413,false],"2048x2048":["https:\/\/arantv.az\/wp-content\/uploads\/2023\/05\/FotoJet-10-1.jpg",620,413,false],"post-thumbnail":["https:\/\/arantv.az\/wp-content\/uploads\/2023\/05\/FotoJet-10-1-240x172.jpg",240,172,true],"advps-thumb-one":["https:\/\/arantv.az\/wp-content\/uploads\/2023\/05\/FotoJet-10-1.jpg",620,413,false]},"rttpg_author":{"display_name":"V\u00fcsal Rafiqo\u011flu","author_link":"https:\/\/arantv.az\/?author=2"},"rttpg_comment":0,"rttpg_category":"<a href=\"https:\/\/arantv.az\/?cat=4\" rel=\"category\">Siyas\u0259t<\/a>","rttpg_excerpt":"Fransa Erm\u0259nistana yeni h\u0259rbi atta\u015fe t\u0259yin edib. Bu t\u0259yinatda ba\u015fl\u0131ca m\u0259qs\u0259d Erm\u0259nistan ordusunu silahland\u0131rmaq, Az\u0259rbaycanla m\u00fcnaqi\u015f\u0259ni yenid\u0259n alovland\u0131rmaqd\u0131r. Ekspertl\u0259r bildirirl\u0259r ki, Parisin b\u00f6lg\u0259 \u00fc\u00e7\u00fcn t\u0259hl\u00fck\u0259li oyunu \u0130r\u0259vana baha ba\u015fa g\u0259l\u0259c\u0259k. \u201cKaspi\u201d\u00a0q\u0259zetinin m\u00f6vzu il\u0259 ba\u011fl\u0131 \u015f\u0259rhini t\u0259qdim edirik: Fransa h\u00f6kum\u0259tinin son ill\u0259r xarici siyas\u0259td\u0259 \u00fczl\u0259\u015fdiyi ard\u0131c\u0131l u\u011fursuzluqlar, g\u0259rginlikl\u0259r s\u0259ngimir. Afrika, Asiyan\u0131n bir s\u0131ra \u00f6lk\u0259l\u0259rind\u0259 m\u00f6vqel\u0259rini itir\u0259n&hellip;","_links":{"self":[{"href":"https:\/\/arantv.az\/index.php?rest_route=\/wp\/v2\/posts\/600859"}],"collection":[{"href":"https:\/\/arantv.az\/index.php?rest_route=\/wp\/v2\/posts"}],"about":[{"href":"https:\/\/arantv.az\/index.php?rest_route=\/wp\/v2\/types\/post"}],"author":[{"embeddable":true,"href":"https:\/\/arantv.az\/index.php?rest_route=\/wp\/v2\/users\/2"}],"replies":[{"embeddable":true,"href":"https:\/\/arantv.az\/index.php?rest_route=%2Fwp%2Fv2%2Fcomments&post=600859"}],"version-history":[{"count":0,"href":"https:\/\/arantv.az\/index.php?rest_route=\/wp\/v2\/posts\/600859\/revisions"}],"wp:featuredmedia":[{"embeddable":true,"href":"https:\/\/arantv.az\/index.php?rest_route=\/wp\/v2\/media\/600860"}],"wp:attachment":[{"href":"https:\/\/arantv.az\/index.php?rest_route=%2Fwp%2Fv2%2Fmedia&parent=600859"}],"wp:term":[{"taxonomy":"category","embeddable":true,"href":"https:\/\/arantv.az\/index.php?rest_route=%2Fwp%2Fv2%2Fcategories&post=600859"},{"taxonomy":"post_tag","embeddable":true,"href":"https:\/\/arantv.az\/index.php?rest_route=%2Fwp%2Fv2%2Ftags&post=600859"}],"curies":[{"name":"wp","href":"https:\/\/api.w.org\/{rel}","templated":true}]}}