{"id":600865,"date":"2023-05-20T13:38:13","date_gmt":"2023-05-20T09:38:13","guid":{"rendered":"https:\/\/arantv.az\/?p=600865"},"modified":"2023-05-20T13:38:13","modified_gmt":"2023-05-20T09:38:13","slug":"seckil%c9%99r-turkiy%c9%99y%c9%99-nifr%c9%99t-ed%c9%99n-olk%c9%99l%c9%99rin-umidl%c9%99rini-dogrultmadi-kaspinin-s%c9%99rhi","status":"publish","type":"post","link":"https:\/\/arantv.az\/?p=600865","title":{"rendered":"Se\u00e7kil\u0259r T\u00fcrkiy\u0259y\u0259 nifr\u0259t ed\u0259n \u00f6lk\u0259l\u0259rin \u00fcmidl\u0259rini do\u011frultmad\u0131 &#8211; \u201cKaspi\u201dnin \u015e\u018fRH\u0130"},"content":{"rendered":"<p>May\u0131n 14-d\u0259 T\u00fcrkiy\u0259d\u0259 ke\u00e7iril\u0259n prezident v\u0259 parlament se\u00e7kil\u0259ri b\u00fct\u00fcn d\u00fcnyan\u0131n diqq\u0259tini \u00f6z\u00fcn\u0259 c\u0259ml\u0259di. Se\u00e7kid\u0259n \u0259vv\u0259l Prezident R\u0259c\u0259b Tayyib \u018frdo\u011fana qar\u015f\u0131 m\u00f6vqe s\u0259rgil\u0259y\u0259n Q\u0259rb medias\u0131 se\u00e7kil\u0259rin \u015f\u0259ffaf, d\u00fcr\u00fcst v\u0259 h\u00fcquqi \u00e7\u0259r\u00e7iv\u0259d\u0259 ke\u00e7irildiyini etiraf edib.<\/p>\n<p>M\u00f6vzu il\u0259 ba\u011fl\u0131\u00a0<a href=\"https:\/\/kaspi.az\/rdoganla-hesablasmaq-lazimdir-s-rh?fbclid=IwAR0C_T3e9NjwU0SbYVtPD7kYsmesOAUJLjXtTlpoFxXc5sIC5MGQt-giS8I\" target=\"_blank\" rel=\"noopener\"><strong>\u201cKaspi\u201d<\/strong><\/a>\u00a0q\u0259zetinin m\u0259qal\u0259sini t\u0259qdim edirik.<\/p>\n<p>Qarda\u015f T\u00fcrkiy\u0259 \u00f6t\u0259n bazar tarixinin \u0259n \u00f6n\u0259mli g\u00fcnl\u0259rind\u0259n birini ya\u015fad\u0131. Eyni anda prezident v\u0259 parlament se\u00e7kil\u0259ri ke\u00e7ir\u0259n T\u00fcrkiy\u0259 d\u00fcnyan\u0131n diqq\u0259tini \u00f6z\u00fcn\u0259 c\u0259lb etdi v\u0259 bir daha n\u00fcmun\u0259 olub. T\u00fcrkiy\u0259 siyasil\u0259rind\u0259n birinin ifad\u0259 etdiyi kimi, \u201cT\u00fcrk mill\u0259ti b\u00fct\u00fcn d\u00fcnyaya bir daha demokratiya d\u0259rsi verdi, haqs\u0131z iddialara \u0259sass\u0131z ittihamlara m\u0259h\u0259l qoymad\u0131\u201d. Maraql\u0131s\u0131 odur ki, ill\u0259r uzunudur T\u00fcrkiy\u0259ni avtoritarizmd\u0259, insan haqlar\u0131n\u0131 pozmaqda ittiham ed\u0259n Q\u0259rb medias\u0131, siyasi dair\u0259l\u0259ri birm\u0259nal\u0131 \u015f\u0259kild\u0259 se\u00e7kil\u0259rin \u015f\u0259ffaf, d\u00fcr\u00fcst v\u0259 h\u00fcquqi \u00e7\u0259r\u00e7iv\u0259d\u0259 ke\u00e7irildiyini etiraf edib. T\u00fcrk xalq\u0131n\u0131n y\u00fcks\u0259k se\u00e7ki m\u0259d\u0259niyy\u0259tin\u0259 v\u0259 demokratik d\u0259y\u0259rl\u0259r\u0259 sahib oldu\u011funu heyranl\u0131qla vur\u011fulay\u0131blar. Halbuki se\u00e7kil\u0259r \u0259r\u0259f\u0259sind\u0259 T\u00fcrkiy\u0259d\u0259 \u00e7axna\u015fma v\u0259 qar\u0131\u015f\u0131ql\u0131q yaranaca\u011f\u0131, qar\u015f\u0131durma \u00e7\u0131xaca\u011f\u0131 bar\u0259d\u0259 hesabatlar yay\u0131rd\u0131lar, t\u00fcrk xalq\u0131 is\u0259 y\u00fcks\u0259k m\u0259d\u0259niyy\u0259ti il\u0259 bu planlar\u0131 alt-\u00fcst edib. Nec\u0259 dey\u0259rl\u0259r, arzular\u0131 \u00fcr\u0259kl\u0259rind\u0259 qal\u0131b. Xat\u0131rladaq ki, prezident se\u00e7kil\u0259rind\u0259 qalib m\u00fc\u0259yy\u0259n edilm\u0259d\u0259yind\u0259n ikinci tur ke\u00e7iril\u0259c\u0259k. \u018fminlikl\u0259 dem\u0259k olar ki, may\u0131n 28-d\u0259 ke\u00e7iril\u0259c\u0259k ikinci turdan da qarda\u015f \u00f6lk\u0259 aln\u0131a\u00e7\u0131q, sabit, b\u00fct\u00f6v bir xalq kimi \u00e7\u0131xacaq.<\/p>\n<p><img src=\"https:\/\/cdn.oxu.az\/uploads\/W1siZiIsIjIwMjMvMDUvMjAvMDkvMTkvNDcvYmJmMmIxZmYtZmQ3OC00YTFkLTlhZjEtNmU4NjMyMTExNWEzL2I0eUEyeGI2MlpzUXVEMVF1dmRUeTJPWk9NQXdNdHJIWnl0ZWIxVUsucG5nIl0sWyJwIiwiZW5jb2RlIiwianBnIiwiLXF1YWxpdHkgODAiXSxbInAiLCJ0aHVtYiIsIjU5MHg1OTBcdTAwM2UiXV0?sha=f5fa3b96b379efc2\" alt=\"\" \/><\/p>\n<p><strong>Q\u0259rb medias\u0131n\u0131n se\u00e7ki qiym\u0259tl\u0259ndirm\u0259si<\/strong><\/p>\n<p>D\u00fcnya n\u0259\u015frl\u0259ri \u00f6t\u0259n bazar g\u00fcn\u00fc ke\u00e7iril\u0259n se\u00e7kil\u0259rin n\u0259tic\u0259l\u0259rini m\u00fczakir\u0259 etm\u0259y\u0259 davam edir. \u00c7oxlar\u0131 iki h\u0259ft\u0259 sonra ikinci turda R\u0259c\u0259b Tayyib \u018frdo\u011fan\u0131n qalib g\u0259l\u0259c\u0259yini proqnozla\u015fd\u0131r\u0131r. Q\u0259rb medias\u0131 ilk g\u00fcnd\u0259n T\u00fcrkiy\u0259 se\u00e7kil\u0259rini \u201cd\u00fcnyan\u0131n \u0259n m\u00fch\u00fcm se\u00e7kil\u0259ri\u201d kimi q\u0259l\u0259m\u0259 verib. Se\u00e7ki kampaniyas\u0131 zaman\u0131 is\u0259 b\u00fct\u00fcn g\u00fcc\u00fc il\u0259 \u018frdo\u011fana qar\u015f\u0131 t\u0259bli\u011fat apar\u0131b. Bu nifr\u0259tin s\u0259b\u0259bi b\u0259llidir &#8211; \u018frdo\u011fan Amerikan\u0131n liderlik etdiyi Q\u0259rb\u0259 ba\u015f \u0259ymir. Q\u0259rbd\u0259 b\u0259zil\u0259ri \u018frdo\u011fan\u0131 \u201cPutinin m\u00fctt\u0259fiqi\u201d adland\u0131r\u0131r, \u201conun getm\u0259sin Ankaran\u0131 Rusiyaya qar\u015f\u0131 sanksiyalara qo\u015fulma\u011fa m\u0259cbur ed\u0259 bil\u0259r\u201d kimi xarakteriz\u0259 edir.<\/p>\n<p>M\u0259s\u0259l\u0259n, \u201cWashington Post\u201d yaz\u0131r ki, iyirmiillik hakimiyy\u0259td\u0259n sonra prezident R\u0259c\u0259b Tayyib \u018frdo\u011fan z\u0259if g\u00f6r\u00fcn\u00fcb:<\/p>\n<p>\u201cT\u00fcrkiy\u0259 se\u00e7kil\u0259ri geosiyasi ittifaqlar\u0131 yenid\u0259n formala\u015fd\u0131ra bil\u0259r.<\/p>\n<p>\u018frdo\u011fan\u0131n d\u00f6vr\u00fcnd\u0259 NATO \u00fczv\u00fc olan T\u00fcrkiy\u0259 Q\u0259rbl\u0259 Rusiya aras\u0131nda balansla\u015fd\u0131r\u0131lm\u0131\u015f m\u00fcnasib\u0259tl\u0259r\u0259 malikdir, b\u0259z\u0259n Qara d\u0259nizd\u0259 tax\u0131l s\u00f6vd\u0259l\u0259\u015fm\u0259l\u0259rind\u0259 diplomatik vasit\u0259\u00e7i kimi \u00e7\u0131x\u0131\u015f edir v\u0259 Suriyada m\u00fcnaqi\u015f\u0259 x\u0259tl\u0259rini dondurur, Amerika v\u0259 A\u0130 il\u0259 m\u00fcnasib\u0259tl\u0259ri g\u0259rginl\u0259\u015fdirir\u201d.<\/p>\n<p><img src=\"https:\/\/cdn.oxu.az\/uploads\/W1siZiIsIjIwMjMvMDUvMjAvMDkvMTkvNDcvZmIyNGJiOTctZjEwNS00MThhLWFlY2ItNTE3ZGFjNjQxMGRmL3o3ZXZCR080cUtFV0xER2JSNE9CdkRZaXVTNlBLYTZIZG5WcXg1bXUuanBnIl0sWyJwIiwiZW5jb2RlIiwianBnIiwiLXF1YWxpdHkgODAiXSxbInAiLCJ0aHVtYiIsIjU5MHg1OTBcdTAwM2UiXV0?sha=6f5db030dd062f69\" alt=\"\" \/><\/p>\n<p>\u201cGulf News\u201d (B\u018f\u018f) yaz\u0131r ki, \u018frdo\u011fana qar\u015f\u0131 istifad\u0259 edil\u0259n \u0259sas arqumentl\u0259rd\u0259n biri onun iqtisadi siyas\u0259tidir. \u018frdo\u011fan h\u0259l\u0259 d\u0259 20 ildir hakimiyy\u0259td\u0259 olan kifay\u0259t q\u0259d\u0259r populyar liderdir. S\u0259sverm\u0259 h\u00fcququ olan 64 milyon insan\u0131n 5 milyonu ilk d\u0259f\u0259 s\u0259s ver\u0259n insanlard\u0131r, onlar\u0131n ya\u015f\u0131 18-22 aras\u0131ndad\u0131r. Onlar\u0131n \u0259ks\u0259riyy\u0259ti \u018frdo\u011fan\u0131n d\u00f6vr\u00fcnd\u0259 b\u00f6y\u00fcy\u00fcb v\u0259 sad\u0259c\u0259 olaraq ba\u015fqa bir lider tan\u0131m\u0131r.\u00a0 \u201dTagesschau\u201d (Hamburq, Almaniya) yaz\u0131r ki, \u201cT\u00fcrkiy\u0259d\u0259ki se\u00e7ki yar\u0131\u015f\u0131 g\u00f6st\u0259rdi ki, iqtisadi b\u00f6hrana, z\u0259lz\u0259l\u0259 b\u00f6lg\u0259sind\u0259ki u\u011fursuzluqlara baxmayaraq, Prezident \u018frdo\u011fanla h\u0259l\u0259 d\u0259 hesabla\u015fmaq laz\u0131md\u0131r\u201d.<\/p>\n<p>\u201cNeue Zuercher Zeitung\u201d (\u0130sve\u00e7r\u0259): \u201c\u018frdo\u011fan bir \u00e7ox m\u00fc\u015fahid\u0259\u00e7inin proqnozla\u015fd\u0131rd\u0131\u011f\u0131ndan daha \u00e7ox nailiyy\u0259t \u0259ld\u0259 edib. D\u00f6vl\u0259t ba\u015f\u00e7\u0131s\u0131n\u0131n d\u0259st\u0259yi 2018-ci ill\u0259 m\u00fcqayis\u0259d\u0259 azal\u0131b. Lakin o, ikinci raundda a\u015fkar favoritdir. T\u00fcrkiy\u0259nin ya\u015fad\u0131\u011f\u0131 a\u011f\u0131r iqtisadi b\u00f6hran\u0131 n\u0259z\u0259r\u0259 alsaq, bu, heyr\u0259tamizdir\u201d.<\/p>\n<p>\u201cThe New York Times\u201d yaz\u0131r ki, \u201cRusiyan\u0131n taleyi b\u00f6y\u00fck \u00f6l\u00e7\u00fcd\u0259 T\u00fcrkiy\u0259d\u0259ki se\u00e7kil\u0259rin n\u0259tic\u0259sind\u0259n as\u0131l\u0131d\u0131r. \u018frdo\u011fan\u0131n d\u00f6vr\u00fcnd\u0259 T\u00fcrkiy\u0259 Rusiya \u00fc\u00e7\u00fcn \u0259v\u0259zolunmaz ticar\u0259t t\u0259r\u0259fda\u015f\u0131na, h\u0259tta b\u0259z\u0259n diplomatik vasit\u0259\u00e7iy\u0259 \u00e7evrilib. \u018frdo\u011fan\u0131n q\u0259l\u0259b\u0259 \u015fans\u0131 y\u00fcks\u0259kdir\u201d.<\/p>\n<p><img src=\"https:\/\/cdn.oxu.az\/uploads\/W1siZiIsIjIwMjMvMDUvMjAvMDkvMTkvNDYvZGFlOTMzNDYtOGI3Mi00NDE1LTg0MDgtOTZhZDFjMDYyODQyL0c2bTVxSmROV2NwcXJablVLN1VSem9aTjU0MmVyNEhDVWtOdjQ2ZEcuanBnIl0sWyJwIiwiZW5jb2RlIiwianBnIiwiLXF1YWxpdHkgODAiXSxbInAiLCJ0aHVtYiIsIjU5MHg1OTBcdTAwM2UiXV0?sha=3d51e1863dce7a0c\" alt=\"\" \/><\/p>\n<p>Almaniyan\u0131n \u201cSpiegel\u201d n\u0259\u015fri d\u0259 \u018frdo\u011fan\u0131n ikinci turda qalib g\u0259l\u0259c\u0259yini proqnozla\u015fd\u0131r\u0131r: \u201cDem\u0259k olar ki, h\u0259r \u015fey \u018frdo\u011fan\u0131n s\u00f6z\u00fcn\u00fc deyir\u201d ba\u015fl\u0131\u011f\u0131 il\u0259 d\u0259rc olunan m\u0259qal\u0259d\u0259 bir \u00e7ox se\u00e7ici v\u0259 median\u0131n T\u00fcrkiy\u0259 prezidentin\u0259 sadiq oldu\u011funu bildirir, r\u0259qibl\u0259ri is\u0259 ruhdan d\u00fc\u015fm\u00fc\u015f kimi xarakteriz\u0259 edir.<\/p>\n<p><strong>Erm\u0259nil\u0259rin v\u0259 \u0130ran\u0131n pu\u00e7 olan arzular\u0131<\/strong><\/p>\n<p>Se\u00e7kil\u0259r T\u00fcrkiy\u0259y\u0259 nifr\u0259t ed\u0259n b\u0259zi \u00f6lk\u0259l\u0259rin, x\u00fcsusil\u0259 Erm\u0259nistan\u0131n da \u00fcmidl\u0259rini do\u011frultmay\u0131b. Erm\u0259nil\u0259r \u00fcmid edirdil\u0259r ki, se\u00e7kiqaba\u011f\u0131 g\u0259rginlik \u00f6z\u00fcn\u00fc se\u00e7ki g\u00fcn\u00fc v\u0259 se\u00e7kid\u0259n sonra da g\u00f6st\u0259r\u0259c\u0259k. Bu narahatl\u0131\u011f\u0131 erm\u0259ni \u0259silli t\u00fcrkiy\u0259li deputat Karo Paylan soyda\u015flar\u0131n\u0131n dili il\u0259 ifad\u0259 edib. O hesab edir ki, \u018frdo\u011fan ikinci turda qalib g\u0259l\u0259rs\u0259, Erm\u0259nistanla m\u00fcnasib\u0259tl\u0259rin normalla\u015fmas\u0131 \u00e7\u0259tinl\u0259\u015f\u0259c\u0259k. El\u0259 erm\u0259ni\u00a0\u201cTelegram\u201d\u00a0kanallar\u0131nda, medias\u0131nda da \u018frdo\u011fana qar\u015f\u0131 t\u0259bli\u011fat pik h\u0259dd\u0259 \u00e7at\u0131b. Erm\u0259nistanla yana\u015f\u0131 \u0130ran medias\u0131nda da ara-s\u0131ra \u018frdo\u011fana qar\u015f\u0131 fikirl\u0259r yer al\u0131b. Kemal K\u0131l\u0131\u00e7daro\u011flu \u0130ran \u00fc\u00e7\u00fcn daha az narahatl\u0131q yaradan namiz\u0259d kimi xarakteriz\u0259 olunur.<\/p>\n<p><img src=\"https:\/\/cdn.oxu.az\/uploads\/W1siZiIsIjIwMjMvMDUvMjAvMDkvMTkvNDYvZGU0NmJiZmItZjVmNC00ZTdlLTgyY2MtMTY5YzczNzdiZjkwL2I5TmI3TzA0c204S0M3eDdEOGpuV3hhSFA5bDRXNVp6QmlYdkxxRFguanBnIl0sWyJwIiwiZW5jb2RlIiwianBnIiwiLXF1YWxpdHkgODAiXSxbInAiLCJ0aHVtYiIsIjU5MHg1OTBcdTAwM2UiXV0?sha=98e8b824e8bdde7f\" alt=\"\" \/><\/p>\n<p><strong>Rusiya may\u0131n 14-d\u0259 \u201c\u00f6l\u00fcb dirildi\u201d<\/strong><\/p>\n<p>Se\u00e7kil\u0259r\u0259 Rusiya medias\u0131 da x\u00fcsusi diqq\u0259t yetirib. Rusiya medias\u0131 yaz\u0131r ki, Rusiya-T\u00fcrkiy\u0259 m\u00fcnasib\u0259tl\u0259ri iki aspektd\u0259n ibar\u0259tdir &#8211; iqtisadi v\u0259 siyasi. Birincisi he\u00e7 bir \u015fey\u0259 z\u0259r\u0259r verm\u0259y\u0259c\u0259k. Ukraynada ya\u015fanan m\u00fcharib\u0259d\u0259n xeyli \u0259vv\u0259l ba\u015flayan v\u0259 sonra da davam ed\u0259n Rusiya-T\u00fcrkiy\u0259 yax\u0131nla\u015fmas\u0131 h\u0259r iki t\u0259r\u0259f \u00fc\u00e7\u00fcn faydal\u0131d\u0131r. Rusiyan\u0131n paralel idxala, d\u00fcnya bazar\u0131na \u00e7\u0131x\u0131\u015fa v\u0259 n\u00fcmayi\u015fkaran\u0259 \u015f\u0259kild\u0259 t\u0259crid olunmamas\u0131na ehtiyac\u0131 var. T\u00fcrkiy\u0259 d\u0259 \u00f6z n\u00f6vb\u0259sind\u0259 eyni paralel idxala ehtiyac duyur, \u00e7\u00fcnki inflyasiya il\u0259 ba\u011fl\u0131 b\u00f6y\u00fck probleml\u0259r var. Ankara tax\u0131l s\u00f6vd\u0259l\u0259\u015fm\u0259sind\u0259n faydalan\u0131r ki, bu da ona x\u0259zin\u0259ni t\u0259min etm\u0259y\u0259 imkan verir. Bundan \u0259lav\u0259, T\u00fcrkiy\u0259 \u0130stanbuldan u\u00e7an rusiyal\u0131 turistl\u0259rin v\u0259 hava s\u0259rni\u015finl\u0259rinin b\u00f6y\u00fck ax\u0131n\u0131ndan imtina etm\u0259y\u0259c\u0259k.<\/p>\n<p><img src=\"https:\/\/cdn.oxu.az\/uploads\/W1siZiIsIjIwMjMvMDUvMjAvMDkvMTkvNDYvOGIxOGVhM2UtYmQ0Mi00OGUxLWE5N2ItMWE1MTgwMTdkNDJkL2YycWNLM2p6S3FrODRIN2JqNG9ITmo3S0JYSk9BMGF1YmM1NFIyV24uanBnIl0sWyJwIiwiZW5jb2RlIiwianBnIiwiLXF1YWxpdHkgODAiXSxbInAiLCJ0aHVtYiIsIjU5MHg1OTBcdTAwM2UiXV0?sha=0aaf368a46b597da\" alt=\"\" \/><\/p>\n<p>\u201cKommersant\u201d\u0131n k\u00f6\u015f\u0259 yazar\u0131 Marianna Belenkaya deyib ki, \u201c\u018frdo\u011fan\u0131n q\u0259l\u0259b\u0259si Avropa v\u0259 AB\u015e-li t\u0259r\u0259fda\u015flar \u00fc\u00e7\u00fcn xo\u015fag\u0259lm\u0259z s\u00fcrpriz olacaq. Kreml T\u00fcrkiy\u0259d\u0259ki se\u00e7kil\u0259rd\u0259n sonra \u00f6lk\u0259nin Rusiya il\u0259 \u0259m\u0259kda\u015fl\u0131\u011f\u0131n\u0131n d\u0259rinl\u0259\u015f\u0259c\u0259yini g\u00f6zl\u0259yir. Avropa v\u0259 AB\u015e \u018frdo\u011fana k\u00f6kl\u0259nm\u0259di, lakin m\u00fc\u0259yy\u0259n \u015f\u0259rtl\u0259r daxilind\u0259 n\u0259tic\u0259l\u0259ri tan\u0131ma\u011fa m\u0259cbur olacaqlar\u201d.<\/p>\n","protected":false},"excerpt":{"rendered":"<p>May\u0131n 14-d\u0259 T\u00fcrkiy\u0259d\u0259 ke\u00e7iril\u0259n prezident v\u0259 parlament se\u00e7kil\u0259ri b\u00fct\u00fcn d\u00fcnyan\u0131n diqq\u0259tini \u00f6z\u00fcn\u0259 c\u0259ml\u0259di. Se\u00e7kid\u0259n \u0259vv\u0259l Prezident R\u0259c\u0259b Tayyib \u018frdo\u011fana qar\u015f\u0131 m\u00f6vqe s\u0259rgil\u0259y\u0259n Q\u0259rb medias\u0131 se\u00e7kil\u0259rin \u015f\u0259ffaf, d\u00fcr\u00fcst v\u0259 h\u00fcquqi \u00e7\u0259r\u00e7iv\u0259d\u0259 ke\u00e7irildiyini etiraf edib. M\u00f6vzu il\u0259 ba\u011fl\u0131\u00a0\u201cKaspi\u201d\u00a0q\u0259zetinin m\u0259qal\u0259sini t\u0259qdim edirik. Qarda\u015f T\u00fcrkiy\u0259 \u00f6t\u0259n bazar tarixinin \u0259n \u00f6n\u0259mli g\u00fcnl\u0259rind\u0259n birini ya\u015fad\u0131. Eyni anda prezident v\u0259 parlament se\u00e7kil\u0259ri ke\u00e7ir\u0259n T\u00fcrkiy\u0259 d\u00fcnyan\u0131n diqq\u0259tini \u00f6z\u00fcn\u0259 c\u0259lb etdi v\u0259 bir daha n\u00fcmun\u0259 olub. T\u00fcrkiy\u0259 siyasil\u0259rind\u0259n birinin ifad\u0259 etdiyi kimi, \u201cT\u00fcrk mill\u0259ti b\u00fct\u00fcn d\u00fcnyaya bir daha demokratiya d\u0259rsi verdi, haqs\u0131z iddialara \u0259sass\u0131z ittihamlara m\u0259h\u0259l qoymad\u0131\u201d. Maraql\u0131s\u0131 odur&hellip;<\/p>\n","protected":false},"author":2,"featured_media":600866,"comment_status":"closed","ping_status":"closed","sticky":false,"template":"","format":"standard","meta":{"om_disable_all_campaigns":false,"_monsterinsights_skip_tracking":false,"_monsterinsights_sitenote_active":false,"_monsterinsights_sitenote_note":"","_monsterinsights_sitenote_category":0},"categories":[1],"tags":[],"aioseo_notices":[],"gutentor_comment":0,"rttpg_featured_image_url":{"full":["https:\/\/arantv.az\/wp-content\/uploads\/2023\/05\/5sLevp2NFTZ9Yy6YxeMh3z5EDEW7nmnf7B04nXzz.jpg",620,413,false],"landscape":["https:\/\/arantv.az\/wp-content\/uploads\/2023\/05\/5sLevp2NFTZ9Yy6YxeMh3z5EDEW7nmnf7B04nXzz.jpg",620,413,false],"portraits":["https:\/\/arantv.az\/wp-content\/uploads\/2023\/05\/5sLevp2NFTZ9Yy6YxeMh3z5EDEW7nmnf7B04nXzz.jpg",620,413,false],"thumbnail":["https:\/\/arantv.az\/wp-content\/uploads\/2023\/05\/5sLevp2NFTZ9Yy6YxeMh3z5EDEW7nmnf7B04nXzz-500x280.jpg",500,280,true],"medium":["https:\/\/arantv.az\/wp-content\/uploads\/2023\/05\/5sLevp2NFTZ9Yy6YxeMh3z5EDEW7nmnf7B04nXzz-548x365.jpg",548,365,true],"large":["https:\/\/arantv.az\/wp-content\/uploads\/2023\/05\/5sLevp2NFTZ9Yy6YxeMh3z5EDEW7nmnf7B04nXzz.jpg",620,413,false],"1536x1536":["https:\/\/arantv.az\/wp-content\/uploads\/2023\/05\/5sLevp2NFTZ9Yy6YxeMh3z5EDEW7nmnf7B04nXzz.jpg",620,413,false],"2048x2048":["https:\/\/arantv.az\/wp-content\/uploads\/2023\/05\/5sLevp2NFTZ9Yy6YxeMh3z5EDEW7nmnf7B04nXzz.jpg",620,413,false],"post-thumbnail":["https:\/\/arantv.az\/wp-content\/uploads\/2023\/05\/5sLevp2NFTZ9Yy6YxeMh3z5EDEW7nmnf7B04nXzz-240x172.jpg",240,172,true],"advps-thumb-one":["https:\/\/arantv.az\/wp-content\/uploads\/2023\/05\/5sLevp2NFTZ9Yy6YxeMh3z5EDEW7nmnf7B04nXzz.jpg",620,413,false]},"rttpg_author":{"display_name":"V\u00fcsal Rafiqo\u011flu","author_link":"https:\/\/arantv.az\/?author=2"},"rttpg_comment":0,"rttpg_category":"<a href=\"https:\/\/arantv.az\/?cat=1\" rel=\"category\">C\u0259miyy\u0259t<\/a>","rttpg_excerpt":"May\u0131n 14-d\u0259 T\u00fcrkiy\u0259d\u0259 ke\u00e7iril\u0259n prezident v\u0259 parlament se\u00e7kil\u0259ri b\u00fct\u00fcn d\u00fcnyan\u0131n diqq\u0259tini \u00f6z\u00fcn\u0259 c\u0259ml\u0259di. Se\u00e7kid\u0259n \u0259vv\u0259l Prezident R\u0259c\u0259b Tayyib \u018frdo\u011fana qar\u015f\u0131 m\u00f6vqe s\u0259rgil\u0259y\u0259n Q\u0259rb medias\u0131 se\u00e7kil\u0259rin \u015f\u0259ffaf, d\u00fcr\u00fcst v\u0259 h\u00fcquqi \u00e7\u0259r\u00e7iv\u0259d\u0259 ke\u00e7irildiyini etiraf edib. M\u00f6vzu il\u0259 ba\u011fl\u0131\u00a0\u201cKaspi\u201d\u00a0q\u0259zetinin m\u0259qal\u0259sini t\u0259qdim edirik. Qarda\u015f T\u00fcrkiy\u0259 \u00f6t\u0259n bazar tarixinin \u0259n \u00f6n\u0259mli g\u00fcnl\u0259rind\u0259n birini ya\u015fad\u0131. Eyni anda prezident v\u0259 parlament se\u00e7kil\u0259ri&hellip;","_links":{"self":[{"href":"https:\/\/arantv.az\/index.php?rest_route=\/wp\/v2\/posts\/600865"}],"collection":[{"href":"https:\/\/arantv.az\/index.php?rest_route=\/wp\/v2\/posts"}],"about":[{"href":"https:\/\/arantv.az\/index.php?rest_route=\/wp\/v2\/types\/post"}],"author":[{"embeddable":true,"href":"https:\/\/arantv.az\/index.php?rest_route=\/wp\/v2\/users\/2"}],"replies":[{"embeddable":true,"href":"https:\/\/arantv.az\/index.php?rest_route=%2Fwp%2Fv2%2Fcomments&post=600865"}],"version-history":[{"count":0,"href":"https:\/\/arantv.az\/index.php?rest_route=\/wp\/v2\/posts\/600865\/revisions"}],"wp:featuredmedia":[{"embeddable":true,"href":"https:\/\/arantv.az\/index.php?rest_route=\/wp\/v2\/media\/600866"}],"wp:attachment":[{"href":"https:\/\/arantv.az\/index.php?rest_route=%2Fwp%2Fv2%2Fmedia&parent=600865"}],"wp:term":[{"taxonomy":"category","embeddable":true,"href":"https:\/\/arantv.az\/index.php?rest_route=%2Fwp%2Fv2%2Fcategories&post=600865"},{"taxonomy":"post_tag","embeddable":true,"href":"https:\/\/arantv.az\/index.php?rest_route=%2Fwp%2Fv2%2Ftags&post=600865"}],"curies":[{"name":"wp","href":"https:\/\/api.w.org\/{rel}","templated":true}]}}