{"id":600868,"date":"2023-05-20T13:39:30","date_gmt":"2023-05-20T09:39:30","guid":{"rendered":"https:\/\/arantv.az\/?p=600868"},"modified":"2023-05-20T13:39:30","modified_gmt":"2023-05-20T09:39:30","slug":"pasinyan-brussel-gorusunu-musb%c9%99t-qiym%c9%99tl%c9%99ndirm%c9%99k-olar","status":"publish","type":"post","link":"https:\/\/arantv.az\/?p=600868","title":{"rendered":"Pa\u015finyan: \u201cBr\u00fcssel g\u00f6r\u00fc\u015f\u00fcn\u00fc m\u00fcsb\u0259t qiym\u0259tl\u0259ndirm\u0259k olar\u201d"},"content":{"rendered":"<p>\u201cAz\u0259rbaycanla bir s\u0131ra m\u00fch\u00fcm m\u0259s\u0259l\u0259l\u0259rd\u0259 raz\u0131l\u0131\u011fa g\u0259lm\u0259k m\u00fcmk\u00fcn olmasa da, \u00fcmumilikd\u0259 Br\u00fcssel g\u00f6r\u00fc\u015f\u00fc bar\u0259d\u0259 m\u00fcsb\u0259t fikir bildirm\u0259k olar\u201d.<\/p>\n<p>Bunu Erm\u0259nistan ba\u015f naziri Nikol Pa\u015finyan \u201cV\u0259t\u0259nda\u015f Sazi\u015fi\u201d fraksiyas\u0131n\u0131n deputatlar\u0131 v\u0259 nazirl\u0259rl\u0259 qapal\u0131 iclasda Br\u00fcssel g\u00f6r\u00fc\u015f\u00fcn\u00fcn n\u0259tic\u0259l\u0259rinin m\u00fczakir\u0259si zaman\u0131 deyib.<\/p>\n<p>\u0130ki saatdan \u00e7ox davam ed\u0259n g\u00f6r\u00fc\u015fd\u0259 Pa\u015finyan Br\u00fcssel g\u00f6r\u00fc\u015f\u00fcn\u00fcn t\u0259f\u0259rr\u00fcatlar\u0131 v\u0259 yekun n\u0259tic\u0259l\u0259r bar\u0259d\u0259 dan\u0131\u015f\u0131b.<\/p>\n<p>\u201cAz\u0259rbaycanla bir s\u0131ra m\u00fch\u00fcm m\u0259s\u0259l\u0259l\u0259rd\u0259 raz\u0131l\u0131\u011fa g\u0259linm\u0259si m\u00fcmk\u00fcn olmasa da, \u00fcmumilikd\u0259 Br\u00fcssel g\u00f6r\u00fc\u015f\u00fcn\u00fc m\u00fcsb\u0259t qiym\u0259tl\u0259ndirm\u0259k olar\u201d, &#8211; dey\u0259 Pa\u015finyan bildirib.<\/p>\n<p>Qeyd ed\u0259k ki, may\u0131n 14-d\u0259 Bel\u00e7ikan\u0131n paytaxt\u0131 Br\u00fcssel \u015f\u0259h\u0259rind\u0259 Avropa \u0130ttifaq\u0131 \u015euras\u0131n\u0131n Prezidenti \u015earl Mi\u015felin vasit\u0259\u00e7iliyi il\u0259 Az\u0259rbaycan Prezidenti \u0130lham \u018fliyev v\u0259 Erm\u0259nistan ba\u015f naziri Nikol Pa\u015finyan aras\u0131nda g\u00f6r\u00fc\u015f ke\u00e7irilib.<\/p>\n<p>M\u0259nb\u0259: Erm\u0259nistan K\u0130V<\/p>\n","protected":false},"excerpt":{"rendered":"<p>\u201cAz\u0259rbaycanla bir s\u0131ra m\u00fch\u00fcm m\u0259s\u0259l\u0259l\u0259rd\u0259 raz\u0131l\u0131\u011fa g\u0259lm\u0259k m\u00fcmk\u00fcn olmasa da, \u00fcmumilikd\u0259 Br\u00fcssel g\u00f6r\u00fc\u015f\u00fc bar\u0259d\u0259 m\u00fcsb\u0259t fikir bildirm\u0259k olar\u201d. Bunu Erm\u0259nistan ba\u015f naziri Nikol Pa\u015finyan \u201cV\u0259t\u0259nda\u015f Sazi\u015fi\u201d fraksiyas\u0131n\u0131n deputatlar\u0131 v\u0259 nazirl\u0259rl\u0259 qapal\u0131 iclasda Br\u00fcssel g\u00f6r\u00fc\u015f\u00fcn\u00fcn n\u0259tic\u0259l\u0259rinin m\u00fczakir\u0259si zaman\u0131 deyib. \u0130ki saatdan \u00e7ox davam ed\u0259n g\u00f6r\u00fc\u015fd\u0259 Pa\u015finyan Br\u00fcssel g\u00f6r\u00fc\u015f\u00fcn\u00fcn t\u0259f\u0259rr\u00fcatlar\u0131 v\u0259 yekun n\u0259tic\u0259l\u0259r bar\u0259d\u0259 dan\u0131\u015f\u0131b. \u201cAz\u0259rbaycanla bir s\u0131ra m\u00fch\u00fcm m\u0259s\u0259l\u0259l\u0259rd\u0259 raz\u0131l\u0131\u011fa g\u0259linm\u0259si m\u00fcmk\u00fcn olmasa da, \u00fcmumilikd\u0259 Br\u00fcssel g\u00f6r\u00fc\u015f\u00fcn\u00fc m\u00fcsb\u0259t qiym\u0259tl\u0259ndirm\u0259k olar\u201d, &#8211; dey\u0259 Pa\u015finyan bildirib. Qeyd ed\u0259k ki, may\u0131n 14-d\u0259 Bel\u00e7ikan\u0131n paytaxt\u0131 Br\u00fcssel \u015f\u0259h\u0259rind\u0259 Avropa \u0130ttifaq\u0131 \u015euras\u0131n\u0131n Prezidenti \u015earl Mi\u015felin vasit\u0259\u00e7iliyi il\u0259&hellip;<\/p>\n","protected":false},"author":2,"featured_media":600869,"comment_status":"closed","ping_status":"closed","sticky":false,"template":"","format":"standard","meta":{"om_disable_all_campaigns":false,"_monsterinsights_skip_tracking":false,"_monsterinsights_sitenote_active":false,"_monsterinsights_sitenote_note":"","_monsterinsights_sitenote_category":0},"categories":[7],"tags":[],"aioseo_notices":[],"gutentor_comment":0,"rttpg_featured_image_url":{"full":["https:\/\/arantv.az\/wp-content\/uploads\/2023\/05\/346074787_220608890746262_3701493457549234945_n.jpg",620,413,false],"landscape":["https:\/\/arantv.az\/wp-content\/uploads\/2023\/05\/346074787_220608890746262_3701493457549234945_n.jpg",620,413,false],"portraits":["https:\/\/arantv.az\/wp-content\/uploads\/2023\/05\/346074787_220608890746262_3701493457549234945_n.jpg",620,413,false],"thumbnail":["https:\/\/arantv.az\/wp-content\/uploads\/2023\/05\/346074787_220608890746262_3701493457549234945_n-500x280.jpg",500,280,true],"medium":["https:\/\/arantv.az\/wp-content\/uploads\/2023\/05\/346074787_220608890746262_3701493457549234945_n-548x365.jpg",548,365,true],"large":["https:\/\/arantv.az\/wp-content\/uploads\/2023\/05\/346074787_220608890746262_3701493457549234945_n.jpg",620,413,false],"1536x1536":["https:\/\/arantv.az\/wp-content\/uploads\/2023\/05\/346074787_220608890746262_3701493457549234945_n.jpg",620,413,false],"2048x2048":["https:\/\/arantv.az\/wp-content\/uploads\/2023\/05\/346074787_220608890746262_3701493457549234945_n.jpg",620,413,false],"post-thumbnail":["https:\/\/arantv.az\/wp-content\/uploads\/2023\/05\/346074787_220608890746262_3701493457549234945_n-240x172.jpg",240,172,true],"advps-thumb-one":["https:\/\/arantv.az\/wp-content\/uploads\/2023\/05\/346074787_220608890746262_3701493457549234945_n.jpg",620,413,false]},"rttpg_author":{"display_name":"V\u00fcsal Rafiqo\u011flu","author_link":"https:\/\/arantv.az\/?author=2"},"rttpg_comment":0,"rttpg_category":"<a href=\"https:\/\/arantv.az\/?cat=7\" rel=\"category\">D\u00fcnya<\/a>","rttpg_excerpt":"\u201cAz\u0259rbaycanla bir s\u0131ra m\u00fch\u00fcm m\u0259s\u0259l\u0259l\u0259rd\u0259 raz\u0131l\u0131\u011fa g\u0259lm\u0259k m\u00fcmk\u00fcn olmasa da, \u00fcmumilikd\u0259 Br\u00fcssel g\u00f6r\u00fc\u015f\u00fc bar\u0259d\u0259 m\u00fcsb\u0259t fikir bildirm\u0259k olar\u201d. Bunu Erm\u0259nistan ba\u015f naziri Nikol Pa\u015finyan \u201cV\u0259t\u0259nda\u015f Sazi\u015fi\u201d fraksiyas\u0131n\u0131n deputatlar\u0131 v\u0259 nazirl\u0259rl\u0259 qapal\u0131 iclasda Br\u00fcssel g\u00f6r\u00fc\u015f\u00fcn\u00fcn n\u0259tic\u0259l\u0259rinin m\u00fczakir\u0259si zaman\u0131 deyib. \u0130ki saatdan \u00e7ox davam ed\u0259n g\u00f6r\u00fc\u015fd\u0259 Pa\u015finyan Br\u00fcssel g\u00f6r\u00fc\u015f\u00fcn\u00fcn t\u0259f\u0259rr\u00fcatlar\u0131 v\u0259 yekun n\u0259tic\u0259l\u0259r bar\u0259d\u0259 dan\u0131\u015f\u0131b. \u201cAz\u0259rbaycanla bir&hellip;","_links":{"self":[{"href":"https:\/\/arantv.az\/index.php?rest_route=\/wp\/v2\/posts\/600868"}],"collection":[{"href":"https:\/\/arantv.az\/index.php?rest_route=\/wp\/v2\/posts"}],"about":[{"href":"https:\/\/arantv.az\/index.php?rest_route=\/wp\/v2\/types\/post"}],"author":[{"embeddable":true,"href":"https:\/\/arantv.az\/index.php?rest_route=\/wp\/v2\/users\/2"}],"replies":[{"embeddable":true,"href":"https:\/\/arantv.az\/index.php?rest_route=%2Fwp%2Fv2%2Fcomments&post=600868"}],"version-history":[{"count":0,"href":"https:\/\/arantv.az\/index.php?rest_route=\/wp\/v2\/posts\/600868\/revisions"}],"wp:featuredmedia":[{"embeddable":true,"href":"https:\/\/arantv.az\/index.php?rest_route=\/wp\/v2\/media\/600869"}],"wp:attachment":[{"href":"https:\/\/arantv.az\/index.php?rest_route=%2Fwp%2Fv2%2Fmedia&parent=600868"}],"wp:term":[{"taxonomy":"category","embeddable":true,"href":"https:\/\/arantv.az\/index.php?rest_route=%2Fwp%2Fv2%2Fcategories&post=600868"},{"taxonomy":"post_tag","embeddable":true,"href":"https:\/\/arantv.az\/index.php?rest_route=%2Fwp%2Fv2%2Ftags&post=600868"}],"curies":[{"name":"wp","href":"https:\/\/api.w.org\/{rel}","templated":true}]}}