{"id":600880,"date":"2023-05-20T13:43:00","date_gmt":"2023-05-20T09:43:00","guid":{"rendered":"https:\/\/arantv.az\/?p=600880"},"modified":"2023-05-20T13:43:00","modified_gmt":"2023-05-20T09:43:00","slug":"britaniya-krali-prezident-ilham-%c9%99liyevi-t%c9%99brik-edib","status":"publish","type":"post","link":"https:\/\/arantv.az\/?p=600880","title":{"rendered":"Britaniya Kral\u0131 Prezident \u0130lham \u018fliyevi t\u0259brik edib"},"content":{"rendered":"<p>B\u00f6y\u00fck Britaniya v\u0259 \u015eimali \u0130rlandiyan\u0131n Kral\u0131 \u018flah\u0259zr\u0259t III \u00c7arlz Az\u0259rbaycan Respublikas\u0131n\u0131n Prezidenti\u00a0<strong>\u0130lham \u018fliyev\u0259<\/strong>\u00a0t\u0259brik m\u0259ktubu g\u00f6nd\u0259rib.<\/p>\n<p><strong><a href=\"https:\/\/president.az\/az\/articles\/view\/59841\" target=\"_blank\" rel=\"noopener\">President.az<\/a><\/strong>\u00a0x\u0259b\u0259r verir ki, m\u0259ktubda deyilir:<\/p>\n<p>\u201cZati-alil\u0259ri!<\/p>\n<p>\u00d6lk\u0259nizin milli bayram\u0131 \u2013 M\u00fcst\u0259qillik G\u00fcn\u00fc m\u00fcnasib\u0259til\u0259 Siz\u0259 v\u0259 Az\u0259rbaycan xalq\u0131na \u0259n s\u0259mimi t\u0259brikl\u0259rimi \u00e7atd\u0131r\u0131ram.<\/p>\n<p>M\u0259n \u00e7\u0259tinlikl\u0259rin ya\u015fand\u0131\u011f\u0131 indiki d\u00f6vrd\u0259 \u00f6lk\u0259l\u0259rimiz aras\u0131nda mehriban dostlu\u011fun v\u0259 g\u00fccl\u00fc t\u0259r\u0259fda\u015fl\u0131\u011f\u0131n davam ed\u0259c\u0259yin\u0259 \u00fcmidvar oldu\u011fumu bildirm\u0259k ist\u0259rdim\u201d.<\/p>\n","protected":false},"excerpt":{"rendered":"<p>B\u00f6y\u00fck Britaniya v\u0259 \u015eimali \u0130rlandiyan\u0131n Kral\u0131 \u018flah\u0259zr\u0259t III \u00c7arlz Az\u0259rbaycan Respublikas\u0131n\u0131n Prezidenti\u00a0\u0130lham \u018fliyev\u0259\u00a0t\u0259brik m\u0259ktubu g\u00f6nd\u0259rib. President.az\u00a0x\u0259b\u0259r verir ki, m\u0259ktubda deyilir: \u201cZati-alil\u0259ri! \u00d6lk\u0259nizin milli bayram\u0131 \u2013 M\u00fcst\u0259qillik G\u00fcn\u00fc m\u00fcnasib\u0259til\u0259 Siz\u0259 v\u0259 Az\u0259rbaycan xalq\u0131na \u0259n s\u0259mimi t\u0259brikl\u0259rimi \u00e7atd\u0131r\u0131ram. M\u0259n \u00e7\u0259tinlikl\u0259rin ya\u015fand\u0131\u011f\u0131 indiki d\u00f6vrd\u0259 \u00f6lk\u0259l\u0259rimiz aras\u0131nda mehriban dostlu\u011fun v\u0259 g\u00fccl\u00fc t\u0259r\u0259fda\u015fl\u0131\u011f\u0131n davam ed\u0259c\u0259yin\u0259 \u00fcmidvar oldu\u011fumu bildirm\u0259k ist\u0259rdim\u201d.<\/p>\n","protected":false},"author":2,"featured_media":600881,"comment_status":"closed","ping_status":"closed","sticky":false,"template":"","format":"standard","meta":{"om_disable_all_campaigns":false,"_monsterinsights_skip_tracking":false,"_monsterinsights_sitenote_active":false,"_monsterinsights_sitenote_note":"","_monsterinsights_sitenote_category":0},"categories":[1],"tags":[],"aioseo_notices":[],"gutentor_comment":0,"rttpg_featured_image_url":{"full":["https:\/\/arantv.az\/wp-content\/uploads\/2023\/05\/a59a2c2b-ce4a-3a7f-95bb-4fdb2606df68_850.jpg",620,413,false],"landscape":["https:\/\/arantv.az\/wp-content\/uploads\/2023\/05\/a59a2c2b-ce4a-3a7f-95bb-4fdb2606df68_850.jpg",620,413,false],"portraits":["https:\/\/arantv.az\/wp-content\/uploads\/2023\/05\/a59a2c2b-ce4a-3a7f-95bb-4fdb2606df68_850.jpg",620,413,false],"thumbnail":["https:\/\/arantv.az\/wp-content\/uploads\/2023\/05\/a59a2c2b-ce4a-3a7f-95bb-4fdb2606df68_850-500x280.jpg",500,280,true],"medium":["https:\/\/arantv.az\/wp-content\/uploads\/2023\/05\/a59a2c2b-ce4a-3a7f-95bb-4fdb2606df68_850-548x365.jpg",548,365,true],"large":["https:\/\/arantv.az\/wp-content\/uploads\/2023\/05\/a59a2c2b-ce4a-3a7f-95bb-4fdb2606df68_850.jpg",620,413,false],"1536x1536":["https:\/\/arantv.az\/wp-content\/uploads\/2023\/05\/a59a2c2b-ce4a-3a7f-95bb-4fdb2606df68_850.jpg",620,413,false],"2048x2048":["https:\/\/arantv.az\/wp-content\/uploads\/2023\/05\/a59a2c2b-ce4a-3a7f-95bb-4fdb2606df68_850.jpg",620,413,false],"post-thumbnail":["https:\/\/arantv.az\/wp-content\/uploads\/2023\/05\/a59a2c2b-ce4a-3a7f-95bb-4fdb2606df68_850-240x172.jpg",240,172,true],"advps-thumb-one":["https:\/\/arantv.az\/wp-content\/uploads\/2023\/05\/a59a2c2b-ce4a-3a7f-95bb-4fdb2606df68_850.jpg",620,413,false]},"rttpg_author":{"display_name":"V\u00fcsal Rafiqo\u011flu","author_link":"https:\/\/arantv.az\/?author=2"},"rttpg_comment":0,"rttpg_category":"<a href=\"https:\/\/arantv.az\/?cat=1\" rel=\"category\">C\u0259miyy\u0259t<\/a>","rttpg_excerpt":"B\u00f6y\u00fck Britaniya v\u0259 \u015eimali \u0130rlandiyan\u0131n Kral\u0131 \u018flah\u0259zr\u0259t III \u00c7arlz Az\u0259rbaycan Respublikas\u0131n\u0131n Prezidenti\u00a0\u0130lham \u018fliyev\u0259\u00a0t\u0259brik m\u0259ktubu g\u00f6nd\u0259rib. President.az\u00a0x\u0259b\u0259r verir ki, m\u0259ktubda deyilir: \u201cZati-alil\u0259ri! \u00d6lk\u0259nizin milli bayram\u0131 \u2013 M\u00fcst\u0259qillik G\u00fcn\u00fc m\u00fcnasib\u0259til\u0259 Siz\u0259 v\u0259 Az\u0259rbaycan xalq\u0131na \u0259n s\u0259mimi t\u0259brikl\u0259rimi \u00e7atd\u0131r\u0131ram. M\u0259n \u00e7\u0259tinlikl\u0259rin ya\u015fand\u0131\u011f\u0131 indiki d\u00f6vrd\u0259 \u00f6lk\u0259l\u0259rimiz aras\u0131nda mehriban dostlu\u011fun v\u0259 g\u00fccl\u00fc t\u0259r\u0259fda\u015fl\u0131\u011f\u0131n davam ed\u0259c\u0259yin\u0259 \u00fcmidvar oldu\u011fumu bildirm\u0259k ist\u0259rdim\u201d.","_links":{"self":[{"href":"https:\/\/arantv.az\/index.php?rest_route=\/wp\/v2\/posts\/600880"}],"collection":[{"href":"https:\/\/arantv.az\/index.php?rest_route=\/wp\/v2\/posts"}],"about":[{"href":"https:\/\/arantv.az\/index.php?rest_route=\/wp\/v2\/types\/post"}],"author":[{"embeddable":true,"href":"https:\/\/arantv.az\/index.php?rest_route=\/wp\/v2\/users\/2"}],"replies":[{"embeddable":true,"href":"https:\/\/arantv.az\/index.php?rest_route=%2Fwp%2Fv2%2Fcomments&post=600880"}],"version-history":[{"count":0,"href":"https:\/\/arantv.az\/index.php?rest_route=\/wp\/v2\/posts\/600880\/revisions"}],"wp:featuredmedia":[{"embeddable":true,"href":"https:\/\/arantv.az\/index.php?rest_route=\/wp\/v2\/media\/600881"}],"wp:attachment":[{"href":"https:\/\/arantv.az\/index.php?rest_route=%2Fwp%2Fv2%2Fmedia&parent=600880"}],"wp:term":[{"taxonomy":"category","embeddable":true,"href":"https:\/\/arantv.az\/index.php?rest_route=%2Fwp%2Fv2%2Fcategories&post=600880"},{"taxonomy":"post_tag","embeddable":true,"href":"https:\/\/arantv.az\/index.php?rest_route=%2Fwp%2Fv2%2Ftags&post=600880"}],"curies":[{"name":"wp","href":"https:\/\/api.w.org\/{rel}","templated":true}]}}