{"id":600883,"date":"2023-05-20T13:43:53","date_gmt":"2023-05-20T09:43:53","guid":{"rendered":"https:\/\/arantv.az\/?p=600883"},"modified":"2023-05-20T13:43:53","modified_gmt":"2023-05-20T09:43:53","slug":"almaniya-prezidenti-ilham-%c9%99liyev%c9%99-m%c9%99ktub-gond%c9%99rib","status":"publish","type":"post","link":"https:\/\/arantv.az\/?p=600883","title":{"rendered":"Almaniya Prezidenti \u0130lham \u018fliyev\u0259 m\u0259ktub g\u00f6nd\u0259rib"},"content":{"rendered":"<p>Almaniya Federativ Respublikas\u0131n\u0131n Prezidenti Frank-Valter \u015etaynmayer Az\u0259rbaycan Prezidenti\u00a0<strong>\u0130lham \u018fliyev\u0259<\/strong>\u00a0m\u0259ktub g\u00f6nd\u0259rib.<\/p>\n<p><a href=\"https:\/\/president.az\/az\/articles\/view\/59842\" target=\"_blank\" rel=\"noopener\">President.az<\/a>\u00a0x\u0259b\u0259r verir ki, m\u0259ktubda deyilir:<\/p>\n<p>\u201cH\u00f6rm\u0259tli c\u0259nab Prezident!<\/p>\n<p>M\u00fcst\u0259qillik G\u00fcn\u00fc m\u00fcnasib\u0259til\u0259 Sizi v\u0259 Az\u0259rbaycan xalq\u0131n\u0131 \u00fcr\u0259kd\u0259n t\u0259brik edir\u0259m.<\/p>\n<p>Bu ilin fevral v\u0259 mart aylar\u0131nda Almaniyaya s\u0259f\u0259rl\u0259riniz \u00f6lk\u0259l\u0259rimiz aras\u0131nda s\u0131x dostluq m\u00fcnasib\u0259tl\u0259rini daha da g\u00fccl\u0259ndirdi. Almaniya, h\u0259m\u00e7inin Az\u0259rbaycan il\u0259 Avropa \u0130ttifaq\u0131 aras\u0131nda t\u0259r\u0259fda\u015fl\u0131q m\u00fcnasib\u0259tl\u0259rini d\u0259st\u0259kl\u0259yir.<\/p>\n<p>Sizi \u0259min ed\u0259 bil\u0259r\u0259m ki, Almaniya bundan sonra da \u00f6lk\u0259nizin modernl\u0259\u015fm\u0259 s\u0259yl\u0259rind\u0259, demokratiyan\u0131n v\u0259 qanunun aliliyinin m\u00f6hk\u0259ml\u0259ndirilm\u0259sind\u0259 etibarl\u0131 t\u0259r\u0259fda\u015f olacaqd\u0131r. \u00c7i\u00e7\u0259kl\u0259n\u0259n, m\u00fcasirl\u0259\u015f\u0259n c\u0259miyy\u0259tin dinc v\u0259 sabit m\u00fchit\u0259 ehtiyac\u0131 vard\u0131r. Buna g\u00f6r\u0259 d\u0259 m\u0259n q\u0259ti \u015f\u0259kild\u0259 \u0259min\u0259m ki, Az\u0259rbaycan, el\u0259c\u0259 d\u0259 b\u00fct\u00fcn b\u00f6lg\u0259 regional m\u00fcnaqi\u015f\u0259l\u0259rin h\u0259llind\u0259n faydalanacaqd\u0131r. Biz Avropa \u0130ttifaq\u0131n\u0131n \u00fczv\u00fc kimi buna f\u0259al t\u00f6hf\u0259 verm\u0259k ist\u0259yirik.<\/p>\n<p>Siz\u0259 v\u0259 Az\u0259rbaycan xalq\u0131na \u0259n xo\u015f arzular\u0131m\u0131 ifad\u0259 edir, s\u00fclh, rifah v\u0259 firavan g\u0259l\u0259c\u0259k dil\u0259yir\u0259m\u201d.<\/p>\n","protected":false},"excerpt":{"rendered":"<p>Almaniya Federativ Respublikas\u0131n\u0131n Prezidenti Frank-Valter \u015etaynmayer Az\u0259rbaycan Prezidenti\u00a0\u0130lham \u018fliyev\u0259\u00a0m\u0259ktub g\u00f6nd\u0259rib. President.az\u00a0x\u0259b\u0259r verir ki, m\u0259ktubda deyilir: \u201cH\u00f6rm\u0259tli c\u0259nab Prezident! M\u00fcst\u0259qillik G\u00fcn\u00fc m\u00fcnasib\u0259til\u0259 Sizi v\u0259 Az\u0259rbaycan xalq\u0131n\u0131 \u00fcr\u0259kd\u0259n t\u0259brik edir\u0259m. Bu ilin fevral v\u0259 mart aylar\u0131nda Almaniyaya s\u0259f\u0259rl\u0259riniz \u00f6lk\u0259l\u0259rimiz aras\u0131nda s\u0131x dostluq m\u00fcnasib\u0259tl\u0259rini daha da g\u00fccl\u0259ndirdi. Almaniya, h\u0259m\u00e7inin Az\u0259rbaycan il\u0259 Avropa \u0130ttifaq\u0131 aras\u0131nda t\u0259r\u0259fda\u015fl\u0131q m\u00fcnasib\u0259tl\u0259rini d\u0259st\u0259kl\u0259yir. Sizi \u0259min ed\u0259 bil\u0259r\u0259m ki, Almaniya bundan sonra da \u00f6lk\u0259nizin modernl\u0259\u015fm\u0259 s\u0259yl\u0259rind\u0259, demokratiyan\u0131n v\u0259 qanunun aliliyinin m\u00f6hk\u0259ml\u0259ndirilm\u0259sind\u0259 etibarl\u0131 t\u0259r\u0259fda\u015f olacaqd\u0131r. \u00c7i\u00e7\u0259kl\u0259n\u0259n, m\u00fcasirl\u0259\u015f\u0259n c\u0259miyy\u0259tin dinc v\u0259 sabit m\u00fchit\u0259 ehtiyac\u0131 vard\u0131r. Buna g\u00f6r\u0259 d\u0259 m\u0259n q\u0259ti \u015f\u0259kild\u0259 \u0259min\u0259m&hellip;<\/p>\n","protected":false},"author":2,"featured_media":600884,"comment_status":"closed","ping_status":"closed","sticky":false,"template":"","format":"standard","meta":{"om_disable_all_campaigns":false,"_monsterinsights_skip_tracking":false,"_monsterinsights_sitenote_active":false,"_monsterinsights_sitenote_note":"","_monsterinsights_sitenote_category":0},"categories":[19],"tags":[],"aioseo_notices":[],"gutentor_comment":0,"rttpg_featured_image_url":{"full":["https:\/\/arantv.az\/wp-content\/uploads\/2023\/05\/5f44a63353c24-t0shxN7_yPUZws0-7.jpg",620,413,false],"landscape":["https:\/\/arantv.az\/wp-content\/uploads\/2023\/05\/5f44a63353c24-t0shxN7_yPUZws0-7.jpg",620,413,false],"portraits":["https:\/\/arantv.az\/wp-content\/uploads\/2023\/05\/5f44a63353c24-t0shxN7_yPUZws0-7.jpg",620,413,false],"thumbnail":["https:\/\/arantv.az\/wp-content\/uploads\/2023\/05\/5f44a63353c24-t0shxN7_yPUZws0-7-500x280.jpg",500,280,true],"medium":["https:\/\/arantv.az\/wp-content\/uploads\/2023\/05\/5f44a63353c24-t0shxN7_yPUZws0-7-548x365.jpg",548,365,true],"large":["https:\/\/arantv.az\/wp-content\/uploads\/2023\/05\/5f44a63353c24-t0shxN7_yPUZws0-7.jpg",620,413,false],"1536x1536":["https:\/\/arantv.az\/wp-content\/uploads\/2023\/05\/5f44a63353c24-t0shxN7_yPUZws0-7.jpg",620,413,false],"2048x2048":["https:\/\/arantv.az\/wp-content\/uploads\/2023\/05\/5f44a63353c24-t0shxN7_yPUZws0-7.jpg",620,413,false],"post-thumbnail":["https:\/\/arantv.az\/wp-content\/uploads\/2023\/05\/5f44a63353c24-t0shxN7_yPUZws0-7-240x172.jpg",240,172,true],"advps-thumb-one":["https:\/\/arantv.az\/wp-content\/uploads\/2023\/05\/5f44a63353c24-t0shxN7_yPUZws0-7.jpg",620,413,false]},"rttpg_author":{"display_name":"V\u00fcsal Rafiqo\u011flu","author_link":"https:\/\/arantv.az\/?author=2"},"rttpg_comment":0,"rttpg_category":"<a href=\"https:\/\/arantv.az\/?cat=19\" rel=\"category\">G\u00fcnd\u0259m<\/a>","rttpg_excerpt":"Almaniya Federativ Respublikas\u0131n\u0131n Prezidenti Frank-Valter \u015etaynmayer Az\u0259rbaycan Prezidenti\u00a0\u0130lham \u018fliyev\u0259\u00a0m\u0259ktub g\u00f6nd\u0259rib. President.az\u00a0x\u0259b\u0259r verir ki, m\u0259ktubda deyilir: \u201cH\u00f6rm\u0259tli c\u0259nab Prezident! M\u00fcst\u0259qillik G\u00fcn\u00fc m\u00fcnasib\u0259til\u0259 Sizi v\u0259 Az\u0259rbaycan xalq\u0131n\u0131 \u00fcr\u0259kd\u0259n t\u0259brik edir\u0259m. Bu ilin fevral v\u0259 mart aylar\u0131nda Almaniyaya s\u0259f\u0259rl\u0259riniz \u00f6lk\u0259l\u0259rimiz aras\u0131nda s\u0131x dostluq m\u00fcnasib\u0259tl\u0259rini daha da g\u00fccl\u0259ndirdi. Almaniya, h\u0259m\u00e7inin Az\u0259rbaycan il\u0259 Avropa \u0130ttifaq\u0131 aras\u0131nda t\u0259r\u0259fda\u015fl\u0131q m\u00fcnasib\u0259tl\u0259rini d\u0259st\u0259kl\u0259yir. Sizi&hellip;","_links":{"self":[{"href":"https:\/\/arantv.az\/index.php?rest_route=\/wp\/v2\/posts\/600883"}],"collection":[{"href":"https:\/\/arantv.az\/index.php?rest_route=\/wp\/v2\/posts"}],"about":[{"href":"https:\/\/arantv.az\/index.php?rest_route=\/wp\/v2\/types\/post"}],"author":[{"embeddable":true,"href":"https:\/\/arantv.az\/index.php?rest_route=\/wp\/v2\/users\/2"}],"replies":[{"embeddable":true,"href":"https:\/\/arantv.az\/index.php?rest_route=%2Fwp%2Fv2%2Fcomments&post=600883"}],"version-history":[{"count":0,"href":"https:\/\/arantv.az\/index.php?rest_route=\/wp\/v2\/posts\/600883\/revisions"}],"wp:featuredmedia":[{"embeddable":true,"href":"https:\/\/arantv.az\/index.php?rest_route=\/wp\/v2\/media\/600884"}],"wp:attachment":[{"href":"https:\/\/arantv.az\/index.php?rest_route=%2Fwp%2Fv2%2Fmedia&parent=600883"}],"wp:term":[{"taxonomy":"category","embeddable":true,"href":"https:\/\/arantv.az\/index.php?rest_route=%2Fwp%2Fv2%2Fcategories&post=600883"},{"taxonomy":"post_tag","embeddable":true,"href":"https:\/\/arantv.az\/index.php?rest_route=%2Fwp%2Fv2%2Ftags&post=600883"}],"curies":[{"name":"wp","href":"https:\/\/api.w.org\/{rel}","templated":true}]}}