{"id":600889,"date":"2023-05-20T13:45:15","date_gmt":"2023-05-20T09:45:15","guid":{"rendered":"https:\/\/arantv.az\/?p=600889"},"modified":"2023-05-20T13:45:15","modified_gmt":"2023-05-20T09:45:15","slug":"yaponiya-imperatoru-az%c9%99rbaycan-liderin%c9%99-t%c9%99brik-m%c9%99ktubu-unvanlayib","status":"publish","type":"post","link":"https:\/\/arantv.az\/?p=600889","title":{"rendered":"Yaponiya \u0130mperatoru Az\u0259rbaycan liderin\u0259 t\u0259brik m\u0259ktubu \u00fcnvanlay\u0131b"},"content":{"rendered":"<p>Yaponiyan\u0131n \u0130mperatoru \u018flah\u0259zr\u0259t Naruhito Az\u0259rbaycan Prezidenti\u00a0<strong>\u0130lham \u018fliyev\u0259<\/strong>\u00a0t\u0259brik m\u0259ktubu g\u00f6nd\u0259rib.<\/p>\n<p><a href=\"https:\/\/president.az\/az\/articles\/view\/59843\" target=\"_blank\" rel=\"noopener\">President.az<\/a>\u00a0x\u0259b\u0259r verir ki, m\u0259ktubda deyilir:<\/p>\n<p>\u201cH\u00f6rm\u0259tli c\u0259nab Prezident!<\/p>\n<p>Az\u0259rbaycan\u0131n milli bayram\u0131 \u2013 M\u00fcst\u0259qillik G\u00fcn\u00fc m\u00fcnasib\u0259til\u0259 Zati-aliniz\u0259 s\u0259mimi t\u0259brikl\u0259rimi \u00e7atd\u0131r\u0131ram.<\/p>\n<p>Siz\u0259 xo\u015fb\u0259xtlik v\u0259 xalq\u0131n\u0131za firavanl\u0131q arzulay\u0131ram\u201d.<\/p>\n","protected":false},"excerpt":{"rendered":"<p>Yaponiyan\u0131n \u0130mperatoru \u018flah\u0259zr\u0259t Naruhito Az\u0259rbaycan Prezidenti\u00a0\u0130lham \u018fliyev\u0259\u00a0t\u0259brik m\u0259ktubu g\u00f6nd\u0259rib. President.az\u00a0x\u0259b\u0259r verir ki, m\u0259ktubda deyilir: \u201cH\u00f6rm\u0259tli c\u0259nab Prezident! Az\u0259rbaycan\u0131n milli bayram\u0131 \u2013 M\u00fcst\u0259qillik G\u00fcn\u00fc m\u00fcnasib\u0259til\u0259 Zati-aliniz\u0259 s\u0259mimi t\u0259brikl\u0259rimi \u00e7atd\u0131r\u0131ram. Siz\u0259 xo\u015fb\u0259xtlik v\u0259 xalq\u0131n\u0131za firavanl\u0131q arzulay\u0131ram\u201d.<\/p>\n","protected":false},"author":2,"featured_media":600890,"comment_status":"closed","ping_status":"closed","sticky":false,"template":"","format":"standard","meta":{"om_disable_all_campaigns":false,"_monsterinsights_skip_tracking":false,"_monsterinsights_sitenote_active":false,"_monsterinsights_sitenote_note":"","_monsterinsights_sitenote_category":0},"categories":[19],"tags":[],"aioseo_notices":[],"gutentor_comment":0,"rttpg_featured_image_url":{"full":["https:\/\/arantv.az\/wp-content\/uploads\/2023\/05\/02af7156-23e1-3087-97ba-ac4aa0b63249_850.jpg",620,413,false],"landscape":["https:\/\/arantv.az\/wp-content\/uploads\/2023\/05\/02af7156-23e1-3087-97ba-ac4aa0b63249_850.jpg",620,413,false],"portraits":["https:\/\/arantv.az\/wp-content\/uploads\/2023\/05\/02af7156-23e1-3087-97ba-ac4aa0b63249_850.jpg",620,413,false],"thumbnail":["https:\/\/arantv.az\/wp-content\/uploads\/2023\/05\/02af7156-23e1-3087-97ba-ac4aa0b63249_850-500x280.jpg",500,280,true],"medium":["https:\/\/arantv.az\/wp-content\/uploads\/2023\/05\/02af7156-23e1-3087-97ba-ac4aa0b63249_850-548x365.jpg",548,365,true],"large":["https:\/\/arantv.az\/wp-content\/uploads\/2023\/05\/02af7156-23e1-3087-97ba-ac4aa0b63249_850.jpg",620,413,false],"1536x1536":["https:\/\/arantv.az\/wp-content\/uploads\/2023\/05\/02af7156-23e1-3087-97ba-ac4aa0b63249_850.jpg",620,413,false],"2048x2048":["https:\/\/arantv.az\/wp-content\/uploads\/2023\/05\/02af7156-23e1-3087-97ba-ac4aa0b63249_850.jpg",620,413,false],"post-thumbnail":["https:\/\/arantv.az\/wp-content\/uploads\/2023\/05\/02af7156-23e1-3087-97ba-ac4aa0b63249_850-240x172.jpg",240,172,true],"advps-thumb-one":["https:\/\/arantv.az\/wp-content\/uploads\/2023\/05\/02af7156-23e1-3087-97ba-ac4aa0b63249_850.jpg",620,413,false]},"rttpg_author":{"display_name":"V\u00fcsal Rafiqo\u011flu","author_link":"https:\/\/arantv.az\/?author=2"},"rttpg_comment":0,"rttpg_category":"<a href=\"https:\/\/arantv.az\/?cat=19\" rel=\"category\">G\u00fcnd\u0259m<\/a>","rttpg_excerpt":"Yaponiyan\u0131n \u0130mperatoru \u018flah\u0259zr\u0259t Naruhito Az\u0259rbaycan Prezidenti\u00a0\u0130lham \u018fliyev\u0259\u00a0t\u0259brik m\u0259ktubu g\u00f6nd\u0259rib. President.az\u00a0x\u0259b\u0259r verir ki, m\u0259ktubda deyilir: \u201cH\u00f6rm\u0259tli c\u0259nab Prezident! Az\u0259rbaycan\u0131n milli bayram\u0131 \u2013 M\u00fcst\u0259qillik G\u00fcn\u00fc m\u00fcnasib\u0259til\u0259 Zati-aliniz\u0259 s\u0259mimi t\u0259brikl\u0259rimi \u00e7atd\u0131r\u0131ram. Siz\u0259 xo\u015fb\u0259xtlik v\u0259 xalq\u0131n\u0131za firavanl\u0131q arzulay\u0131ram\u201d.","_links":{"self":[{"href":"https:\/\/arantv.az\/index.php?rest_route=\/wp\/v2\/posts\/600889"}],"collection":[{"href":"https:\/\/arantv.az\/index.php?rest_route=\/wp\/v2\/posts"}],"about":[{"href":"https:\/\/arantv.az\/index.php?rest_route=\/wp\/v2\/types\/post"}],"author":[{"embeddable":true,"href":"https:\/\/arantv.az\/index.php?rest_route=\/wp\/v2\/users\/2"}],"replies":[{"embeddable":true,"href":"https:\/\/arantv.az\/index.php?rest_route=%2Fwp%2Fv2%2Fcomments&post=600889"}],"version-history":[{"count":0,"href":"https:\/\/arantv.az\/index.php?rest_route=\/wp\/v2\/posts\/600889\/revisions"}],"wp:featuredmedia":[{"embeddable":true,"href":"https:\/\/arantv.az\/index.php?rest_route=\/wp\/v2\/media\/600890"}],"wp:attachment":[{"href":"https:\/\/arantv.az\/index.php?rest_route=%2Fwp%2Fv2%2Fmedia&parent=600889"}],"wp:term":[{"taxonomy":"category","embeddable":true,"href":"https:\/\/arantv.az\/index.php?rest_route=%2Fwp%2Fv2%2Fcategories&post=600889"},{"taxonomy":"post_tag","embeddable":true,"href":"https:\/\/arantv.az\/index.php?rest_route=%2Fwp%2Fv2%2Ftags&post=600889"}],"curies":[{"name":"wp","href":"https:\/\/api.w.org\/{rel}","templated":true}]}}