{"id":600893,"date":"2023-05-20T13:46:04","date_gmt":"2023-05-20T09:46:04","guid":{"rendered":"https:\/\/arantv.az\/?p=600893"},"modified":"2023-05-20T13:46:04","modified_gmt":"2023-05-20T09:46:04","slug":"%c9%99rdogan-g%c9%99ncl%c9%99r%c9%99-s%c9%99sl%c9%99ndi-foto","status":"publish","type":"post","link":"https:\/\/arantv.az\/?p=600893","title":{"rendered":"\u018frdo\u011fan g\u0259ncl\u0259r\u0259 s\u0259sl\u0259ndi &#8211; FOTO"},"content":{"rendered":"<p>C\u00fcmhur \u0130ttifaq\u0131n\u0131n prezidentliy\u0259 namiz\u0259di, hakim \u018fdal\u0259t v\u0259 \u0130nki\u015faf Partiyas\u0131n\u0131n s\u0259dri v\u0259 T\u00fcrkiy\u0259nin haz\u0131rk\u0131 d\u00f6vl\u0259t ba\u015f\u00e7\u0131s\u0131 R\u0259c\u0259b Tayyib \u018frdo\u011fan prezident se\u00e7kisinin ikinci turu il\u0259 ba\u011fl\u0131 g\u0259ncl\u0259r\u0259 m\u00fcraci\u0259t edib.<\/p>\n<p>\u201cDibsiz qaranl\u0131qda var-g\u0259l ed\u0259nl\u0259r \u00fcmid ver\u0259 bilm\u0259zl\u0259r. G\u00f6r\u00fcn\u00fc\u015f\u00fc, x\u0259yal\u0131, ideal\u0131, h\u0259d\u0259fi olmayanlar \u00fcf\u00fcq x\u0259ttini \u00e7\u0259k\u0259 bilm\u0259zl\u0259r\u201d, &#8211; dey\u0259 o, \u201cTwitter\u201dd\u0259 yaz\u0131b.<\/p>\n<p>O, g\u0259ncl\u0259rd\u0259 siyasi u\u011fursuzluqlar\u0131na onlar\u0131 da ortaq etm\u0259k ist\u0259y\u0259nl\u0259rin yalanlar\u0131na aldanmama\u011f\u0131 t\u00f6vsiy\u0259 edib.<\/p>\n<p>\u201cBiz h\u0259r zaman sizin yan\u0131n\u0131zday\u0131q. 21 ildir ki, hakimiyy\u0259td\u0259yik. Bu 21 il \u0259rzind\u0259 he\u00e7 bir g\u0259ncimizin h\u0259yat t\u0259rzin\u0259 m\u00fcdaxil\u0259 etm\u0259dik, he\u00e7 kimin ba\u015fqas\u0131n\u0131n geyimin\u0259, d\u00fc\u015f\u00fcnc\u0259 t\u0259rzin\u0259, g\u00f6zl\u0259ntil\u0259rin\u0259, z\u00f6vql\u0259rin\u0259 qar\u0131\u015fmas\u0131na da icaz\u0259 verm\u0259dik, g\u0259ncl\u0259rimizin azad ya\u015famas\u0131 \u00fc\u00e7\u00fcn var g\u00fcc\u00fcm\u00fczl\u0259 i\u015fl\u0259dik\u201d, &#8211; dey\u0259 T\u00fcrkiy\u0259 lideri vur\u011fulay\u0131b.<\/p>\n<p>O, h\u0259m\u00e7inin TEXNOFEST-d\u0259n b\u0259hs ed\u0259r\u0259k T\u00fcrkiy\u0259 g\u0259ncl\u0259ri \u00fc\u00e7\u00fcn yarad\u0131lan imkanlar\u0131 sadalay\u0131b:<\/p>\n<p>\u201cPotensial\u0131n\u0131z\u0131 ortaya qoydu\u011funuz, d\u00fcnya il\u0259 r\u0259qab\u0259t\u0259 gir\u0259 bil\u0259c\u0259yiniz platformalara sahibik. Texnologiyan\u0131 t\u0259kc\u0259 istehlak ed\u0259n deyil, dizayn ed\u0259n, inki\u015faf etdir\u0259n v\u0259 istehsal ed\u0259n \u00f6lk\u0259y\u0259 \u00e7evrilirik.<\/p>\n<p>B\u00fct\u00fcn bunlar\u0131 sizin \u00fc\u00e7\u00fcn el\u0259dik, sizin d\u0259st\u0259yiniz, s\u0259yl\u0259riniz say\u0259sind\u0259 bacard\u0131q. 28 maydan sonra, in\u015fallah, T\u00fcrkiy\u0259nin yeni \u0259srinin in\u015fas\u0131n\u0131 da sizinl\u0259 birlikd\u0259 bacaraca\u011f\u0131q\u201d.<\/p>\n<div>\n<div class=\"twitter-tweet twitter-tweet-rendered\"><iframe id=\"twitter-widget-0\" class=\"\" title=\"Twitter Tweet\" src=\"https:\/\/platform.twitter.com\/embed\/Tweet.html?creatorScreenName=oxuaz&amp;dnt=false&amp;embedId=twitter-widget-0&amp;features=eyJ0ZndfdGltZWxpbmVfbGlzdCI6eyJidWNrZXQiOltdLCJ2ZXJzaW9uIjpudWxsfSwidGZ3X2ZvbGxvd2VyX2NvdW50X3N1bnNldCI6eyJidWNrZXQiOnRydWUsInZlcnNpb24iOm51bGx9LCJ0ZndfdHdlZXRfZWRpdF9iYWNrZW5kIjp7ImJ1Y2tldCI6Im9uIiwidmVyc2lvbiI6bnVsbH0sInRmd19yZWZzcmNfc2Vzc2lvbiI6eyJidWNrZXQiOiJvbiIsInZlcnNpb24iOm51bGx9LCJ0ZndfZm9zbnJfc29mdF9pbnRlcnZlbnRpb25zX2VuYWJsZWQiOnsiYnVja2V0Ijoib24iLCJ2ZXJzaW9uIjpudWxsfSwidGZ3X21peGVkX21lZGlhXzE1ODk3Ijp7ImJ1Y2tldCI6InRyZWF0bWVudCIsInZlcnNpb24iOm51bGx9LCJ0ZndfZXhwZXJpbWVudHNfY29va2llX2V4cGlyYXRpb24iOnsiYnVja2V0IjoxMjA5NjAwLCJ2ZXJzaW9uIjpudWxsfSwidGZ3X3Nob3dfYmlyZHdhdGNoX3Bpdm90c19lbmFibGVkIjp7ImJ1Y2tldCI6Im9uIiwidmVyc2lvbiI6bnVsbH0sInRmd19kdXBsaWNhdGVfc2NyaWJlc190b19zZXR0aW5ncyI6eyJidWNrZXQiOiJvbiIsInZlcnNpb24iOm51bGx9LCJ0ZndfdXNlX3Byb2ZpbGVfaW1hZ2Vfc2hhcGVfZW5hYmxlZCI6eyJidWNrZXQiOiJvbiIsInZlcnNpb24iOm51bGx9LCJ0ZndfdmlkZW9faGxzX2R5bmFtaWNfbWFuaWZlc3RzXzE1MDgyIjp7ImJ1Y2tldCI6InRydWVfYml0cmF0ZSIsInZlcnNpb24iOm51bGx9LCJ0ZndfbGVnYWN5X3RpbWVsaW5lX3N1bnNldCI6eyJidWNrZXQiOnRydWUsInZlcnNpb24iOm51bGx9LCJ0ZndfdHdlZXRfZWRpdF9mcm9udGVuZCI6eyJidWNrZXQiOiJvbiIsInZlcnNpb24iOm51bGx9fQ%3D%3D&amp;frame=false&amp;hideCard=false&amp;hideThread=false&amp;id=1659810587029716992&amp;lang=en&amp;origin=https%3A%2F%2Foxu.az%2Fpolitics%2F731931&amp;sessionId=01ae2eb35fbed25e38f3b70efb70e008aeebb0a9&amp;siteScreenName=oxuaz&amp;theme=light&amp;widgetsVersion=aaf4084522e3a%3A1674595607486&amp;width=550px\" frameborder=\"0\" scrolling=\"no\" allowfullscreen=\"allowfullscreen\" data-tweet-id=\"1659810587029716992\" data-mce-fragment=\"1\"><\/iframe><\/div>\n<\/div>\n<p>&nbsp;<\/p>\n","protected":false},"excerpt":{"rendered":"<p>C\u00fcmhur \u0130ttifaq\u0131n\u0131n prezidentliy\u0259 namiz\u0259di, hakim \u018fdal\u0259t v\u0259 \u0130nki\u015faf Partiyas\u0131n\u0131n s\u0259dri v\u0259 T\u00fcrkiy\u0259nin haz\u0131rk\u0131 d\u00f6vl\u0259t ba\u015f\u00e7\u0131s\u0131 R\u0259c\u0259b Tayyib \u018frdo\u011fan prezident se\u00e7kisinin ikinci turu il\u0259 ba\u011fl\u0131 g\u0259ncl\u0259r\u0259 m\u00fcraci\u0259t edib. \u201cDibsiz qaranl\u0131qda var-g\u0259l ed\u0259nl\u0259r \u00fcmid ver\u0259 bilm\u0259zl\u0259r. G\u00f6r\u00fcn\u00fc\u015f\u00fc, x\u0259yal\u0131, ideal\u0131, h\u0259d\u0259fi olmayanlar \u00fcf\u00fcq x\u0259ttini \u00e7\u0259k\u0259 bilm\u0259zl\u0259r\u201d, &#8211; dey\u0259 o, \u201cTwitter\u201dd\u0259 yaz\u0131b. O, g\u0259ncl\u0259rd\u0259 siyasi u\u011fursuzluqlar\u0131na onlar\u0131 da ortaq etm\u0259k ist\u0259y\u0259nl\u0259rin yalanlar\u0131na aldanmama\u011f\u0131 t\u00f6vsiy\u0259 edib. \u201cBiz h\u0259r zaman sizin yan\u0131n\u0131zday\u0131q. 21 ildir ki, hakimiyy\u0259td\u0259yik. Bu 21 il \u0259rzind\u0259 he\u00e7 bir g\u0259ncimizin h\u0259yat t\u0259rzin\u0259 m\u00fcdaxil\u0259 etm\u0259dik, he\u00e7 kimin ba\u015fqas\u0131n\u0131n geyimin\u0259, d\u00fc\u015f\u00fcnc\u0259 t\u0259rzin\u0259, g\u00f6zl\u0259ntil\u0259rin\u0259, z\u00f6vql\u0259rin\u0259 qar\u0131\u015fmas\u0131na&hellip;<\/p>\n","protected":false},"author":2,"featured_media":600894,"comment_status":"closed","ping_status":"closed","sticky":false,"template":"","format":"standard","meta":{"om_disable_all_campaigns":false,"_monsterinsights_skip_tracking":false,"_monsterinsights_sitenote_active":false,"_monsterinsights_sitenote_note":"","_monsterinsights_sitenote_category":0},"categories":[4],"tags":[],"aioseo_notices":[],"gutentor_comment":0,"rttpg_featured_image_url":{"full":["https:\/\/arantv.az\/wp-content\/uploads\/2023\/05\/345987247_255037930412019_6128396064663702196_n.jpg",620,413,false],"landscape":["https:\/\/arantv.az\/wp-content\/uploads\/2023\/05\/345987247_255037930412019_6128396064663702196_n.jpg",620,413,false],"portraits":["https:\/\/arantv.az\/wp-content\/uploads\/2023\/05\/345987247_255037930412019_6128396064663702196_n.jpg",620,413,false],"thumbnail":["https:\/\/arantv.az\/wp-content\/uploads\/2023\/05\/345987247_255037930412019_6128396064663702196_n-500x280.jpg",500,280,true],"medium":["https:\/\/arantv.az\/wp-content\/uploads\/2023\/05\/345987247_255037930412019_6128396064663702196_n-548x365.jpg",548,365,true],"large":["https:\/\/arantv.az\/wp-content\/uploads\/2023\/05\/345987247_255037930412019_6128396064663702196_n.jpg",620,413,false],"1536x1536":["https:\/\/arantv.az\/wp-content\/uploads\/2023\/05\/345987247_255037930412019_6128396064663702196_n.jpg",620,413,false],"2048x2048":["https:\/\/arantv.az\/wp-content\/uploads\/2023\/05\/345987247_255037930412019_6128396064663702196_n.jpg",620,413,false],"post-thumbnail":["https:\/\/arantv.az\/wp-content\/uploads\/2023\/05\/345987247_255037930412019_6128396064663702196_n-240x172.jpg",240,172,true],"advps-thumb-one":["https:\/\/arantv.az\/wp-content\/uploads\/2023\/05\/345987247_255037930412019_6128396064663702196_n.jpg",620,413,false]},"rttpg_author":{"display_name":"V\u00fcsal Rafiqo\u011flu","author_link":"https:\/\/arantv.az\/?author=2"},"rttpg_comment":0,"rttpg_category":"<a href=\"https:\/\/arantv.az\/?cat=4\" rel=\"category\">Siyas\u0259t<\/a>","rttpg_excerpt":"C\u00fcmhur \u0130ttifaq\u0131n\u0131n prezidentliy\u0259 namiz\u0259di, hakim \u018fdal\u0259t v\u0259 \u0130nki\u015faf Partiyas\u0131n\u0131n s\u0259dri v\u0259 T\u00fcrkiy\u0259nin haz\u0131rk\u0131 d\u00f6vl\u0259t ba\u015f\u00e7\u0131s\u0131 R\u0259c\u0259b Tayyib \u018frdo\u011fan prezident se\u00e7kisinin ikinci turu il\u0259 ba\u011fl\u0131 g\u0259ncl\u0259r\u0259 m\u00fcraci\u0259t edib. \u201cDibsiz qaranl\u0131qda var-g\u0259l ed\u0259nl\u0259r \u00fcmid ver\u0259 bilm\u0259zl\u0259r. G\u00f6r\u00fcn\u00fc\u015f\u00fc, x\u0259yal\u0131, ideal\u0131, h\u0259d\u0259fi olmayanlar \u00fcf\u00fcq x\u0259ttini \u00e7\u0259k\u0259 bilm\u0259zl\u0259r\u201d, &#8211; dey\u0259 o, \u201cTwitter\u201dd\u0259 yaz\u0131b. O, g\u0259ncl\u0259rd\u0259 siyasi u\u011fursuzluqlar\u0131na onlar\u0131 da ortaq&hellip;","_links":{"self":[{"href":"https:\/\/arantv.az\/index.php?rest_route=\/wp\/v2\/posts\/600893"}],"collection":[{"href":"https:\/\/arantv.az\/index.php?rest_route=\/wp\/v2\/posts"}],"about":[{"href":"https:\/\/arantv.az\/index.php?rest_route=\/wp\/v2\/types\/post"}],"author":[{"embeddable":true,"href":"https:\/\/arantv.az\/index.php?rest_route=\/wp\/v2\/users\/2"}],"replies":[{"embeddable":true,"href":"https:\/\/arantv.az\/index.php?rest_route=%2Fwp%2Fv2%2Fcomments&post=600893"}],"version-history":[{"count":0,"href":"https:\/\/arantv.az\/index.php?rest_route=\/wp\/v2\/posts\/600893\/revisions"}],"wp:featuredmedia":[{"embeddable":true,"href":"https:\/\/arantv.az\/index.php?rest_route=\/wp\/v2\/media\/600894"}],"wp:attachment":[{"href":"https:\/\/arantv.az\/index.php?rest_route=%2Fwp%2Fv2%2Fmedia&parent=600893"}],"wp:term":[{"taxonomy":"category","embeddable":true,"href":"https:\/\/arantv.az\/index.php?rest_route=%2Fwp%2Fv2%2Fcategories&post=600893"},{"taxonomy":"post_tag","embeddable":true,"href":"https:\/\/arantv.az\/index.php?rest_route=%2Fwp%2Fv2%2Ftags&post=600893"}],"curies":[{"name":"wp","href":"https:\/\/api.w.org\/{rel}","templated":true}]}}