{"id":600903,"date":"2023-05-20T14:37:12","date_gmt":"2023-05-20T10:37:12","guid":{"rendered":"https:\/\/arantv.az\/?p=600903"},"modified":"2023-05-20T14:37:12","modified_gmt":"2023-05-20T10:37:12","slug":"icbari-tibbi-sigorta-uzr%c9%99-yeni-xidm%c9%99tl%c9%99r-z%c9%99rfinin-yaxin-gunl%c9%99rd%c9%99-t%c9%99sdiq-olunacagi-gozl%c9%99nilir","status":"publish","type":"post","link":"https:\/\/arantv.az\/?p=600903","title":{"rendered":"\u0130cbari tibbi s\u0131\u011forta \u00fczr\u0259 yeni xidm\u0259tl\u0259r z\u0259rfinin yax\u0131n g\u00fcnl\u0259rd\u0259 t\u0259sdiq olunaca\u011f\u0131 g\u00f6zl\u0259nilir"},"content":{"rendered":"<p>\u201cYax\u0131n g\u00fcnl\u0259rd\u0259 icbari tibbi s\u0131\u011forta \u00fczr\u0259 yeni xidm\u0259tl\u0259r z\u0259rfinin t\u0259sdiq olunaca\u011f\u0131n\u0131 g\u00f6zl\u0259yirik\u201d.<\/p>\n<p>\u201cReport\u201d x\u0259b\u0259r verir ki, bunu \u0130cbari Tibbi S\u0131\u011forta \u00fczr\u0259 D\u00f6vl\u0259t Agentliyin \u0130dar\u0259 Hey\u0259tinin s\u0259dri Zaur \u018fliyev \u201cBak\u0131 \u00dcr\u0259k G\u00fcnl\u0259ri\u201d 8-ci Beyn\u0259lxalq Konqresind\u0259 deyib.<\/p>\n<p>O bildirib ki, yeni xidm\u0259tl\u0259r z\u0259rfind\u0259 \u00fcr\u0259k-damar x\u0259st\u0259likl\u0259ri il\u0259 ba\u011fl\u0131 bir s\u0131ra yeni xidm\u0259tl\u0259r d\u0259 yer alacaq.<\/p>\n<p>\u201c\u00d6t\u0259n il icbari tibbi s\u0131\u011forta z\u0259rfi \u00e7\u0259r\u00e7iv\u0259sind\u0259 34 mind\u0259n \u00e7ox \u00fcr\u0259k-damar c\u0259rrahiy\u0259si h\u0259yata ke\u00e7irilib. Bu ilin ilk 3 ay\u0131nda is\u0259 bu r\u0259q\u0259m 5 mini \u00f6t\u00fcb\u201d, &#8211; Z.\u018fliyev vur\u011fulay\u0131b.<\/p>\n","protected":false},"excerpt":{"rendered":"<p>\u201cYax\u0131n g\u00fcnl\u0259rd\u0259 icbari tibbi s\u0131\u011forta \u00fczr\u0259 yeni xidm\u0259tl\u0259r z\u0259rfinin t\u0259sdiq olunaca\u011f\u0131n\u0131 g\u00f6zl\u0259yirik\u201d. \u201cReport\u201d x\u0259b\u0259r verir ki, bunu \u0130cbari Tibbi S\u0131\u011forta \u00fczr\u0259 D\u00f6vl\u0259t Agentliyin \u0130dar\u0259 Hey\u0259tinin s\u0259dri Zaur \u018fliyev \u201cBak\u0131 \u00dcr\u0259k G\u00fcnl\u0259ri\u201d 8-ci Beyn\u0259lxalq Konqresind\u0259 deyib. O bildirib ki, yeni xidm\u0259tl\u0259r z\u0259rfind\u0259 \u00fcr\u0259k-damar x\u0259st\u0259likl\u0259ri il\u0259 ba\u011fl\u0131 bir s\u0131ra yeni xidm\u0259tl\u0259r d\u0259 yer alacaq. \u201c\u00d6t\u0259n il icbari tibbi s\u0131\u011forta z\u0259rfi \u00e7\u0259r\u00e7iv\u0259sind\u0259 34 mind\u0259n \u00e7ox \u00fcr\u0259k-damar c\u0259rrahiy\u0259si h\u0259yata ke\u00e7irilib. Bu ilin ilk 3 ay\u0131nda is\u0259 bu r\u0259q\u0259m 5 mini \u00f6t\u00fcb\u201d, &#8211; Z.\u018fliyev vur\u011fulay\u0131b.<\/p>\n","protected":false},"author":2,"featured_media":600904,"comment_status":"closed","ping_status":"closed","sticky":false,"template":"","format":"standard","meta":{"om_disable_all_campaigns":false,"_monsterinsights_skip_tracking":false,"_monsterinsights_sitenote_active":false,"_monsterinsights_sitenote_note":"","_monsterinsights_sitenote_category":0},"categories":[26],"tags":[],"aioseo_notices":[],"gutentor_comment":0,"rttpg_featured_image_url":{"full":["https:\/\/arantv.az\/wp-content\/uploads\/2023\/05\/HrjVrHhTk7Fzr2Nt9Wtanic3qLTZbuFm60brVCM0.jpg",620,413,false],"landscape":["https:\/\/arantv.az\/wp-content\/uploads\/2023\/05\/HrjVrHhTk7Fzr2Nt9Wtanic3qLTZbuFm60brVCM0.jpg",620,413,false],"portraits":["https:\/\/arantv.az\/wp-content\/uploads\/2023\/05\/HrjVrHhTk7Fzr2Nt9Wtanic3qLTZbuFm60brVCM0.jpg",620,413,false],"thumbnail":["https:\/\/arantv.az\/wp-content\/uploads\/2023\/05\/HrjVrHhTk7Fzr2Nt9Wtanic3qLTZbuFm60brVCM0-500x280.jpg",500,280,true],"medium":["https:\/\/arantv.az\/wp-content\/uploads\/2023\/05\/HrjVrHhTk7Fzr2Nt9Wtanic3qLTZbuFm60brVCM0-548x365.jpg",548,365,true],"large":["https:\/\/arantv.az\/wp-content\/uploads\/2023\/05\/HrjVrHhTk7Fzr2Nt9Wtanic3qLTZbuFm60brVCM0.jpg",620,413,false],"1536x1536":["https:\/\/arantv.az\/wp-content\/uploads\/2023\/05\/HrjVrHhTk7Fzr2Nt9Wtanic3qLTZbuFm60brVCM0.jpg",620,413,false],"2048x2048":["https:\/\/arantv.az\/wp-content\/uploads\/2023\/05\/HrjVrHhTk7Fzr2Nt9Wtanic3qLTZbuFm60brVCM0.jpg",620,413,false],"post-thumbnail":["https:\/\/arantv.az\/wp-content\/uploads\/2023\/05\/HrjVrHhTk7Fzr2Nt9Wtanic3qLTZbuFm60brVCM0-240x172.jpg",240,172,true],"advps-thumb-one":["https:\/\/arantv.az\/wp-content\/uploads\/2023\/05\/HrjVrHhTk7Fzr2Nt9Wtanic3qLTZbuFm60brVCM0.jpg",620,413,false]},"rttpg_author":{"display_name":"V\u00fcsal Rafiqo\u011flu","author_link":"https:\/\/arantv.az\/?author=2"},"rttpg_comment":0,"rttpg_category":"<a href=\"https:\/\/arantv.az\/?cat=26\" rel=\"category\">Sosial<\/a>","rttpg_excerpt":"\u201cYax\u0131n g\u00fcnl\u0259rd\u0259 icbari tibbi s\u0131\u011forta \u00fczr\u0259 yeni xidm\u0259tl\u0259r z\u0259rfinin t\u0259sdiq olunaca\u011f\u0131n\u0131 g\u00f6zl\u0259yirik\u201d. \u201cReport\u201d x\u0259b\u0259r verir ki, bunu \u0130cbari Tibbi S\u0131\u011forta \u00fczr\u0259 D\u00f6vl\u0259t Agentliyin \u0130dar\u0259 Hey\u0259tinin s\u0259dri Zaur \u018fliyev \u201cBak\u0131 \u00dcr\u0259k G\u00fcnl\u0259ri\u201d 8-ci Beyn\u0259lxalq Konqresind\u0259 deyib. O bildirib ki, yeni xidm\u0259tl\u0259r z\u0259rfind\u0259 \u00fcr\u0259k-damar x\u0259st\u0259likl\u0259ri il\u0259 ba\u011fl\u0131 bir s\u0131ra yeni xidm\u0259tl\u0259r d\u0259 yer alacaq. \u201c\u00d6t\u0259n il icbari&hellip;","_links":{"self":[{"href":"https:\/\/arantv.az\/index.php?rest_route=\/wp\/v2\/posts\/600903"}],"collection":[{"href":"https:\/\/arantv.az\/index.php?rest_route=\/wp\/v2\/posts"}],"about":[{"href":"https:\/\/arantv.az\/index.php?rest_route=\/wp\/v2\/types\/post"}],"author":[{"embeddable":true,"href":"https:\/\/arantv.az\/index.php?rest_route=\/wp\/v2\/users\/2"}],"replies":[{"embeddable":true,"href":"https:\/\/arantv.az\/index.php?rest_route=%2Fwp%2Fv2%2Fcomments&post=600903"}],"version-history":[{"count":0,"href":"https:\/\/arantv.az\/index.php?rest_route=\/wp\/v2\/posts\/600903\/revisions"}],"wp:featuredmedia":[{"embeddable":true,"href":"https:\/\/arantv.az\/index.php?rest_route=\/wp\/v2\/media\/600904"}],"wp:attachment":[{"href":"https:\/\/arantv.az\/index.php?rest_route=%2Fwp%2Fv2%2Fmedia&parent=600903"}],"wp:term":[{"taxonomy":"category","embeddable":true,"href":"https:\/\/arantv.az\/index.php?rest_route=%2Fwp%2Fv2%2Fcategories&post=600903"},{"taxonomy":"post_tag","embeddable":true,"href":"https:\/\/arantv.az\/index.php?rest_route=%2Fwp%2Fv2%2Ftags&post=600903"}],"curies":[{"name":"wp","href":"https:\/\/api.w.org\/{rel}","templated":true}]}}