{"id":600906,"date":"2023-05-20T14:38:34","date_gmt":"2023-05-20T10:38:34","guid":{"rendered":"https:\/\/arantv.az\/?p=600906"},"modified":"2023-05-20T14:38:34","modified_gmt":"2023-05-20T10:38:34","slug":"dunya-liderl%c9%99ri-az%c9%99rbaycan-prezidentini-v%c9%99-xalqini-t%c9%99brik-edirl%c9%99r-yenil%c9%99nib","status":"publish","type":"post","link":"https:\/\/arantv.az\/?p=600906","title":{"rendered":"D\u00fcnya liderl\u0259ri Az\u0259rbaycan Prezidentini v\u0259 xalq\u0131n\u0131 t\u0259brik edirl\u0259r &#8211; YEN\u0130L\u018fN\u0130B"},"content":{"rendered":"<p>Mavritaniya \u0130slam Respublikas\u0131n\u0131n Prezidenti M\u0259h\u0259mm\u0259d v\u0259l\u0259d \u0259\u015f-\u015eeyx \u0259l-\u011e\u0259zvani Az\u0259rbaycan Respublikas\u0131n\u0131n Prezidenti\u00a0<strong>\u0130lham \u018fliyev\u0259<\/strong>\u00a0t\u0259brik m\u0259ktubu g\u00f6nd\u0259rib.<\/p>\n<p><a href=\"https:\/\/president.az\/az\/articles\/view\/59845\" target=\"_blank\" rel=\"noopener\">President.az<\/a>\u00a0x\u0259b\u0259r verir ki, m\u0259ktubda deyilir:<\/p>\n<p>\u201cZati-alil\u0259ri, \u0259ziz qarda\u015f\u0131m!<\/p>\n<p>\u00d6lk\u0259nizin milli bayram\u0131 \u2013 M\u00fcst\u0259qillik G\u00fcn\u00fc m\u00fcnasib\u0259til\u0259 Siz\u0259 \u0259n s\u0259mimi t\u0259brikl\u0259rimi \u00e7atd\u0131rmaqdan m\u0259mnunluq duyur, dost Az\u0259rbaycan xalq\u0131na daha \u00e7ox t\u0259r\u0259qqi v\u0259 firavanl\u0131q arzulay\u0131ram.<\/p>\n<p>Dost xalqlar\u0131m\u0131z\u0131n m\u0259nafeyi namin\u0259 \u00f6lk\u0259l\u0259rimiz aras\u0131nda m\u00f6vcud \u0259m\u0259kda\u015fl\u0131q \u0259laq\u0259l\u0259rini g\u00fccl\u0259ndirm\u0259k v\u0259 inki\u015faf etdirm\u0259k \u00fc\u00e7\u00fcn s\u0259yl\u0259rimizi davam etdirm\u0259kd\u0259 maraql\u0131 oldu\u011fumuzu Zati-aliniz\u0259 bir daha ifad\u0259 edir\u0259m.<\/p>\n<p>Zati-alil\u0259ri, \u0259ziz qarda\u015f\u0131m, \u0259n y\u00fcks\u0259k ehtiram\u0131m\u0131 q\u0259bul etm\u0259yinizi xahi\u015f edir\u0259m\u201d.<\/p>\n<p><strong>13:42<\/strong><\/p>\n<p>\u0130raq\u0131n Ba\u015f naziri M\u0259h\u0259mm\u0259d \u015eiya \u0259s-Sudani Az\u0259rbaycan Prezidenti\u00a0<strong>\u0130lham \u018fliyev\u0259<\/strong>\u00a0t\u0259brik m\u0259ktubu g\u00f6nd\u0259rib.<\/p>\n<p><a href=\"https:\/\/president.az\/az\/articles\/view\/59846\" target=\"_blank\" rel=\"noopener\">President.az<\/a>\u00a0x\u0259b\u0259r verir ki, m\u0259ktubda deyilir:<\/p>\n<p>\u201c\u018fs-s\u0259lamu aleykum v\u0259 r\u0259hm\u0259tullahi v\u0259 b\u0259r\u0259k\u0259tuhu.<\/p>\n<p>H\u00f6rm\u0259tli c\u0259nab Prezident!<\/p>\n<p>Az\u0259rbaycan Respublikas\u0131n\u0131n milli bayram\u0131 &#8211; M\u00fcst\u0259qillik G\u00fcn\u00fc m\u00fcnasib\u0259til\u0259 \u015f\u0259xs\u0259n \u00f6z ad\u0131mdan, \u0130raq Respublikas\u0131n\u0131n h\u00f6kum\u0259ti v\u0259 xalq\u0131 ad\u0131ndan Siz\u0259 s\u0259mimi t\u0259brikl\u0259rimi v\u0259 \u0259n xo\u015f arzular\u0131m\u0131 \u00e7atd\u0131r\u0131ram.<\/p>\n<p>F\u00fcrs\u0259td\u0259n istifad\u0259 edib dost \u00f6lk\u0259l\u0259rimiz v\u0259 xalqlar\u0131m\u0131z aras\u0131nda \u0259m\u0259kda\u015fl\u0131q \u0259laq\u0259l\u0259rinin d\u0259rinliyini ifad\u0259 ed\u0259r\u0259k, Az\u0259rbaycan h\u00f6kum\u0259tin\u0259 v\u0259 xalq\u0131na firavanl\u0131q v\u0259 t\u0259r\u0259qqi dil\u0259yir\u0259m\u201d.<\/p>\n<p><strong>13:37<\/strong><\/p>\n<p>\u0130ndoneziya Prezidenti Coko Vidodo Az\u0259rbaycan Prezidenti\u00a0<strong>\u0130lham \u018fliyev\u0259<\/strong>\u00a0t\u0259brik m\u0259ktubu g\u00f6nd\u0259rib.<\/p>\n<p><a href=\"https:\/\/president.az\/az\/articles\/view\/59844\" target=\"_blank\" rel=\"noopener\">President.az<\/a>\u00a0x\u0259b\u0259r verir ki, m\u0259ktubda deyilir:<\/p>\n<p>\u201cZati-alil\u0259ri!<\/p>\n<p>May\u0131n 28-d\u0259 qeyd olunan Az\u0259rbaycan Respublikas\u0131n\u0131n M\u00fcst\u0259qillik G\u00fcn\u00fc m\u00fcnasib\u0259til\u0259 Sizi v\u0259 Az\u0259rbaycan xalq\u0131n\u0131 \u0130ndoneziya Respublikas\u0131 ad\u0131ndan v\u0259 \u015f\u0259xs\u0259n \u00f6z ad\u0131mdan \u00fcr\u0259kd\u0259n t\u0259brik edir\u0259m.<\/p>\n<p>\u00dcmidvaram ki, xalqlar\u0131m\u0131z aras\u0131ndak\u0131 m\u00f6vcud dostluq \u0259laq\u0259l\u0259ri daim inki\u015faf ed\u0259r\u0259k m\u00fcvafiq regionlar\u0131m\u0131zda s\u00fclh\u00fcn v\u0259 firavanl\u0131\u011f\u0131n t\u0259\u015fviqin\u0259 t\u00f6hf\u0259 ver\u0259c\u0259kdir.<\/p>\n<p>Zati-alil\u0259ri, \u0259n y\u00fcks\u0259k ehtiram\u0131m\u0131 q\u0259bul etm\u0259yinizi xahi\u015f edir\u0259m\u201d.<\/p>\n","protected":false},"excerpt":{"rendered":"<p>Mavritaniya \u0130slam Respublikas\u0131n\u0131n Prezidenti M\u0259h\u0259mm\u0259d v\u0259l\u0259d \u0259\u015f-\u015eeyx \u0259l-\u011e\u0259zvani Az\u0259rbaycan Respublikas\u0131n\u0131n Prezidenti\u00a0\u0130lham \u018fliyev\u0259\u00a0t\u0259brik m\u0259ktubu g\u00f6nd\u0259rib. President.az\u00a0x\u0259b\u0259r verir ki, m\u0259ktubda deyilir: \u201cZati-alil\u0259ri, \u0259ziz qarda\u015f\u0131m! \u00d6lk\u0259nizin milli bayram\u0131 \u2013 M\u00fcst\u0259qillik G\u00fcn\u00fc m\u00fcnasib\u0259til\u0259 Siz\u0259 \u0259n s\u0259mimi t\u0259brikl\u0259rimi \u00e7atd\u0131rmaqdan m\u0259mnunluq duyur, dost Az\u0259rbaycan xalq\u0131na daha \u00e7ox t\u0259r\u0259qqi v\u0259 firavanl\u0131q arzulay\u0131ram. Dost xalqlar\u0131m\u0131z\u0131n m\u0259nafeyi namin\u0259 \u00f6lk\u0259l\u0259rimiz aras\u0131nda m\u00f6vcud \u0259m\u0259kda\u015fl\u0131q \u0259laq\u0259l\u0259rini g\u00fccl\u0259ndirm\u0259k v\u0259 inki\u015faf etdirm\u0259k \u00fc\u00e7\u00fcn s\u0259yl\u0259rimizi davam etdirm\u0259kd\u0259 maraql\u0131 oldu\u011fumuzu Zati-aliniz\u0259 bir daha ifad\u0259 edir\u0259m. Zati-alil\u0259ri, \u0259ziz qarda\u015f\u0131m, \u0259n y\u00fcks\u0259k ehtiram\u0131m\u0131 q\u0259bul etm\u0259yinizi xahi\u015f edir\u0259m\u201d. 13:42 \u0130raq\u0131n Ba\u015f naziri M\u0259h\u0259mm\u0259d \u015eiya \u0259s-Sudani Az\u0259rbaycan Prezidenti\u00a0\u0130lham \u018fliyev\u0259\u00a0t\u0259brik m\u0259ktubu&hellip;<\/p>\n","protected":false},"author":2,"featured_media":600907,"comment_status":"closed","ping_status":"closed","sticky":false,"template":"","format":"standard","meta":{"om_disable_all_campaigns":false,"_monsterinsights_skip_tracking":false,"_monsterinsights_sitenote_active":false,"_monsterinsights_sitenote_note":"","_monsterinsights_sitenote_category":0},"categories":[19],"tags":[],"aioseo_notices":[],"gutentor_comment":0,"rttpg_featured_image_url":{"full":["https:\/\/arantv.az\/wp-content\/uploads\/2023\/05\/ce67e5fc-6bcc-3ebe-a43b-88b678281cb7_850.jpg",620,413,false],"landscape":["https:\/\/arantv.az\/wp-content\/uploads\/2023\/05\/ce67e5fc-6bcc-3ebe-a43b-88b678281cb7_850.jpg",620,413,false],"portraits":["https:\/\/arantv.az\/wp-content\/uploads\/2023\/05\/ce67e5fc-6bcc-3ebe-a43b-88b678281cb7_850.jpg",620,413,false],"thumbnail":["https:\/\/arantv.az\/wp-content\/uploads\/2023\/05\/ce67e5fc-6bcc-3ebe-a43b-88b678281cb7_850-500x280.jpg",500,280,true],"medium":["https:\/\/arantv.az\/wp-content\/uploads\/2023\/05\/ce67e5fc-6bcc-3ebe-a43b-88b678281cb7_850-548x365.jpg",548,365,true],"large":["https:\/\/arantv.az\/wp-content\/uploads\/2023\/05\/ce67e5fc-6bcc-3ebe-a43b-88b678281cb7_850.jpg",620,413,false],"1536x1536":["https:\/\/arantv.az\/wp-content\/uploads\/2023\/05\/ce67e5fc-6bcc-3ebe-a43b-88b678281cb7_850.jpg",620,413,false],"2048x2048":["https:\/\/arantv.az\/wp-content\/uploads\/2023\/05\/ce67e5fc-6bcc-3ebe-a43b-88b678281cb7_850.jpg",620,413,false],"post-thumbnail":["https:\/\/arantv.az\/wp-content\/uploads\/2023\/05\/ce67e5fc-6bcc-3ebe-a43b-88b678281cb7_850-240x172.jpg",240,172,true],"advps-thumb-one":["https:\/\/arantv.az\/wp-content\/uploads\/2023\/05\/ce67e5fc-6bcc-3ebe-a43b-88b678281cb7_850.jpg",620,413,false]},"rttpg_author":{"display_name":"V\u00fcsal Rafiqo\u011flu","author_link":"https:\/\/arantv.az\/?author=2"},"rttpg_comment":0,"rttpg_category":"<a href=\"https:\/\/arantv.az\/?cat=19\" rel=\"category\">G\u00fcnd\u0259m<\/a>","rttpg_excerpt":"Mavritaniya \u0130slam Respublikas\u0131n\u0131n Prezidenti M\u0259h\u0259mm\u0259d v\u0259l\u0259d \u0259\u015f-\u015eeyx \u0259l-\u011e\u0259zvani Az\u0259rbaycan Respublikas\u0131n\u0131n Prezidenti\u00a0\u0130lham \u018fliyev\u0259\u00a0t\u0259brik m\u0259ktubu g\u00f6nd\u0259rib. President.az\u00a0x\u0259b\u0259r verir ki, m\u0259ktubda deyilir: \u201cZati-alil\u0259ri, \u0259ziz qarda\u015f\u0131m! \u00d6lk\u0259nizin milli bayram\u0131 \u2013 M\u00fcst\u0259qillik G\u00fcn\u00fc m\u00fcnasib\u0259til\u0259 Siz\u0259 \u0259n s\u0259mimi t\u0259brikl\u0259rimi \u00e7atd\u0131rmaqdan m\u0259mnunluq duyur, dost Az\u0259rbaycan xalq\u0131na daha \u00e7ox t\u0259r\u0259qqi v\u0259 firavanl\u0131q arzulay\u0131ram. Dost xalqlar\u0131m\u0131z\u0131n m\u0259nafeyi namin\u0259 \u00f6lk\u0259l\u0259rimiz aras\u0131nda m\u00f6vcud \u0259m\u0259kda\u015fl\u0131q \u0259laq\u0259l\u0259rini g\u00fccl\u0259ndirm\u0259k&hellip;","_links":{"self":[{"href":"https:\/\/arantv.az\/index.php?rest_route=\/wp\/v2\/posts\/600906"}],"collection":[{"href":"https:\/\/arantv.az\/index.php?rest_route=\/wp\/v2\/posts"}],"about":[{"href":"https:\/\/arantv.az\/index.php?rest_route=\/wp\/v2\/types\/post"}],"author":[{"embeddable":true,"href":"https:\/\/arantv.az\/index.php?rest_route=\/wp\/v2\/users\/2"}],"replies":[{"embeddable":true,"href":"https:\/\/arantv.az\/index.php?rest_route=%2Fwp%2Fv2%2Fcomments&post=600906"}],"version-history":[{"count":0,"href":"https:\/\/arantv.az\/index.php?rest_route=\/wp\/v2\/posts\/600906\/revisions"}],"wp:featuredmedia":[{"embeddable":true,"href":"https:\/\/arantv.az\/index.php?rest_route=\/wp\/v2\/media\/600907"}],"wp:attachment":[{"href":"https:\/\/arantv.az\/index.php?rest_route=%2Fwp%2Fv2%2Fmedia&parent=600906"}],"wp:term":[{"taxonomy":"category","embeddable":true,"href":"https:\/\/arantv.az\/index.php?rest_route=%2Fwp%2Fv2%2Fcategories&post=600906"},{"taxonomy":"post_tag","embeddable":true,"href":"https:\/\/arantv.az\/index.php?rest_route=%2Fwp%2Fv2%2Ftags&post=600906"}],"curies":[{"name":"wp","href":"https:\/\/api.w.org\/{rel}","templated":true}]}}