{"id":601937,"date":"2023-05-24T12:26:23","date_gmt":"2023-05-24T08:26:23","guid":{"rendered":"https:\/\/arantv.az\/?p=601937"},"modified":"2023-05-24T12:26:23","modified_gmt":"2023-05-24T08:26:23","slug":"%c9%99rdogandan-d%c9%99hs%c9%99tli-z%c9%99lz%c9%99l%c9%99d%c9%99n-z%c9%99r%c9%99rc%c9%99k%c9%99nl%c9%99r%c9%99-mujd%c9%99","status":"publish","type":"post","link":"https:\/\/arantv.az\/?p=601937","title":{"rendered":"\u018frdo\u011fandan d\u0259h\u015f\u0259tli z\u0259lz\u0259l\u0259d\u0259n z\u0259r\u0259r\u00e7\u0259k\u0259nl\u0259r\u0259 m\u00fcjd\u0259"},"content":{"rendered":"<p>\u201cSiyasi bax\u0131\u015flar\u0131ndan as\u0131l\u0131 olmayaraq, fevral\u0131n 6-da ba\u015f vermi\u015f b\u00f6y\u00fck f\u0259lak\u0259td\u0259n sonra se\u00e7kiy\u0259 ged\u0259r\u0259k demokratik yollarla \u00f6z se\u00e7imini ed\u0259n z\u0259lz\u0259l\u0259 b\u00f6lg\u0259sind\u0259 ya\u015fayan b\u00fct\u00fcn qarda\u015f v\u0259 bac\u0131lar\u0131ma \u00fcr\u0259kd\u0259n t\u0259\u015f\u0259kk\u00fcr\u00fcm\u00fc bildirir\u0259m\u201d.<\/p>\n<p>Bu s\u00f6zl\u0259ri T\u00fcrkiy\u0259 Prezidenti R\u0259c\u0259b Tayyib \u018frdo\u011fan \u201cTwitter\u201d hesab\u0131nda yaz\u0131b.<\/p>\n<p>O qeyd edib ki, z\u0259lz\u0259l\u0259 ba\u015f ver\u0259n vilay\u0259tl\u0259rd\u0259 910 mind\u0259n \u00e7ox \u00e7ad\u0131r v\u0259 117 min konteynerin qura\u015fd\u0131r\u0131lmas\u0131 ba\u015fa \u00e7at\u0131b, 13 min\u0259 yax\u0131n i\u015f yeri istifad\u0259y\u0259 verilib.<\/p>\n<p>\u201cN\u00f6vb\u0259ti oktyabr-noyabr aylar\u0131nda sizi yeni evl\u0259rinizl\u0259 qovu\u015fdurma\u011fa ba\u015flayaca\u011f\u0131q.<\/p>\n<p>\u00dcmumilikd\u0259 650 min f\u0259lak\u0259t evi tik\u0259c\u0259yik, bunun 319 mini birinci ild\u0259 olacaq\u201d.<\/p>\n<p>T\u00fcrkiy\u0259 lideri soyda\u015flar\u0131n\u0131 b\u0259dbin olmama\u011fa v\u0259 h\u0259yatdan d\u00f6rd\u0259lli yap\u0131\u015fma\u011fa \u00e7a\u011f\u0131r\u0131b.<\/p>\n<p>\u201cBiz sizin yan\u0131n\u0131zday\u0131q. Allah\u0131n izni il\u0259 sizi he\u00e7 vaxt t\u0259k v\u0259 m\u00f6htac qoymayaca\u011f\u0131q\u201d, &#8211; dey\u0259 o vur\u011fulay\u0131b.<\/p>\n<div>\n<div class=\"twitter-tweet twitter-tweet-rendered\"><iframe id=\"twitter-widget-0\" class=\"\" title=\"Twitter Tweet\" src=\"https:\/\/platform.twitter.com\/embed\/Tweet.html?creatorScreenName=oxuaz&amp;dnt=false&amp;embedId=twitter-widget-0&amp;features=eyJ0ZndfdGltZWxpbmVfbGlzdCI6eyJidWNrZXQiOltdLCJ2ZXJzaW9uIjpudWxsfSwidGZ3X2ZvbGxvd2VyX2NvdW50X3N1bnNldCI6eyJidWNrZXQiOnRydWUsInZlcnNpb24iOm51bGx9LCJ0ZndfdHdlZXRfZWRpdF9iYWNrZW5kIjp7ImJ1Y2tldCI6Im9uIiwidmVyc2lvbiI6bnVsbH0sInRmd19yZWZzcmNfc2Vzc2lvbiI6eyJidWNrZXQiOiJvbiIsInZlcnNpb24iOm51bGx9LCJ0ZndfZm9zbnJfc29mdF9pbnRlcnZlbnRpb25zX2VuYWJsZWQiOnsiYnVja2V0Ijoib24iLCJ2ZXJzaW9uIjpudWxsfSwidGZ3X21peGVkX21lZGlhXzE1ODk3Ijp7ImJ1Y2tldCI6InRyZWF0bWVudCIsInZlcnNpb24iOm51bGx9LCJ0ZndfZXhwZXJpbWVudHNfY29va2llX2V4cGlyYXRpb24iOnsiYnVja2V0IjoxMjA5NjAwLCJ2ZXJzaW9uIjpudWxsfSwidGZ3X3Nob3dfYmlyZHdhdGNoX3Bpdm90c19lbmFibGVkIjp7ImJ1Y2tldCI6Im9uIiwidmVyc2lvbiI6bnVsbH0sInRmd19kdXBsaWNhdGVfc2NyaWJlc190b19zZXR0aW5ncyI6eyJidWNrZXQiOiJvbiIsInZlcnNpb24iOm51bGx9LCJ0ZndfdXNlX3Byb2ZpbGVfaW1hZ2Vfc2hhcGVfZW5hYmxlZCI6eyJidWNrZXQiOiJvbiIsInZlcnNpb24iOm51bGx9LCJ0ZndfdmlkZW9faGxzX2R5bmFtaWNfbWFuaWZlc3RzXzE1MDgyIjp7ImJ1Y2tldCI6InRydWVfYml0cmF0ZSIsInZlcnNpb24iOm51bGx9LCJ0ZndfbGVnYWN5X3RpbWVsaW5lX3N1bnNldCI6eyJidWNrZXQiOnRydWUsInZlcnNpb24iOm51bGx9LCJ0ZndfdHdlZXRfZWRpdF9mcm9udGVuZCI6eyJidWNrZXQiOiJvbiIsInZlcnNpb24iOm51bGx9fQ%3D%3D&amp;frame=false&amp;hideCard=false&amp;hideThread=false&amp;id=1661256543763824641&amp;lang=en&amp;origin=https%3A%2F%2Foxu.az%2Fworld%2F733377&amp;sessionId=1601a3d5b88552183a354dcebd4ab5714c40a52b&amp;siteScreenName=oxuaz&amp;theme=light&amp;widgetsVersion=aaf4084522e3a%3A1674595607486&amp;width=550px\" frameborder=\"0\" scrolling=\"no\" allowfullscreen=\"allowfullscreen\" data-tweet-id=\"1661256543763824641\" data-mce-fragment=\"1\"><\/iframe><\/div>\n<\/div>\n<p>&nbsp;<\/p>\n","protected":false},"excerpt":{"rendered":"<p>\u201cSiyasi bax\u0131\u015flar\u0131ndan as\u0131l\u0131 olmayaraq, fevral\u0131n 6-da ba\u015f vermi\u015f b\u00f6y\u00fck f\u0259lak\u0259td\u0259n sonra se\u00e7kiy\u0259 ged\u0259r\u0259k demokratik yollarla \u00f6z se\u00e7imini ed\u0259n z\u0259lz\u0259l\u0259 b\u00f6lg\u0259sind\u0259 ya\u015fayan b\u00fct\u00fcn qarda\u015f v\u0259 bac\u0131lar\u0131ma \u00fcr\u0259kd\u0259n t\u0259\u015f\u0259kk\u00fcr\u00fcm\u00fc bildirir\u0259m\u201d. Bu s\u00f6zl\u0259ri T\u00fcrkiy\u0259 Prezidenti R\u0259c\u0259b Tayyib \u018frdo\u011fan \u201cTwitter\u201d hesab\u0131nda yaz\u0131b. O qeyd edib ki, z\u0259lz\u0259l\u0259 ba\u015f ver\u0259n vilay\u0259tl\u0259rd\u0259 910 mind\u0259n \u00e7ox \u00e7ad\u0131r v\u0259 117 min konteynerin qura\u015fd\u0131r\u0131lmas\u0131 ba\u015fa \u00e7at\u0131b, 13 min\u0259 yax\u0131n i\u015f yeri istifad\u0259y\u0259 verilib. \u201cN\u00f6vb\u0259ti oktyabr-noyabr aylar\u0131nda sizi yeni evl\u0259rinizl\u0259 qovu\u015fdurma\u011fa ba\u015flayaca\u011f\u0131q. \u00dcmumilikd\u0259 650 min f\u0259lak\u0259t evi tik\u0259c\u0259yik, bunun 319 mini birinci ild\u0259 olacaq\u201d. T\u00fcrkiy\u0259 lideri soyda\u015flar\u0131n\u0131 b\u0259dbin olmama\u011fa v\u0259&hellip;<\/p>\n","protected":false},"author":2,"featured_media":601938,"comment_status":"closed","ping_status":"closed","sticky":false,"template":"","format":"standard","meta":{"om_disable_all_campaigns":false,"_monsterinsights_skip_tracking":false,"_monsterinsights_sitenote_active":false,"_monsterinsights_sitenote_note":"","_monsterinsights_sitenote_category":0},"categories":[7],"tags":[],"aioseo_notices":[],"gutentor_comment":0,"rttpg_featured_image_url":{"full":["https:\/\/arantv.az\/wp-content\/uploads\/2023\/05\/FotoJet-2023-05-24T104655.441.jpg",620,413,false],"landscape":["https:\/\/arantv.az\/wp-content\/uploads\/2023\/05\/FotoJet-2023-05-24T104655.441.jpg",620,413,false],"portraits":["https:\/\/arantv.az\/wp-content\/uploads\/2023\/05\/FotoJet-2023-05-24T104655.441.jpg",620,413,false],"thumbnail":["https:\/\/arantv.az\/wp-content\/uploads\/2023\/05\/FotoJet-2023-05-24T104655.441-500x280.jpg",500,280,true],"medium":["https:\/\/arantv.az\/wp-content\/uploads\/2023\/05\/FotoJet-2023-05-24T104655.441-548x365.jpg",548,365,true],"large":["https:\/\/arantv.az\/wp-content\/uploads\/2023\/05\/FotoJet-2023-05-24T104655.441.jpg",620,413,false],"1536x1536":["https:\/\/arantv.az\/wp-content\/uploads\/2023\/05\/FotoJet-2023-05-24T104655.441.jpg",620,413,false],"2048x2048":["https:\/\/arantv.az\/wp-content\/uploads\/2023\/05\/FotoJet-2023-05-24T104655.441.jpg",620,413,false],"post-thumbnail":["https:\/\/arantv.az\/wp-content\/uploads\/2023\/05\/FotoJet-2023-05-24T104655.441-240x172.jpg",240,172,true],"advps-thumb-one":["https:\/\/arantv.az\/wp-content\/uploads\/2023\/05\/FotoJet-2023-05-24T104655.441.jpg",620,413,false]},"rttpg_author":{"display_name":"V\u00fcsal Rafiqo\u011flu","author_link":"https:\/\/arantv.az\/?author=2"},"rttpg_comment":0,"rttpg_category":"<a href=\"https:\/\/arantv.az\/?cat=7\" rel=\"category\">D\u00fcnya<\/a>","rttpg_excerpt":"\u201cSiyasi bax\u0131\u015flar\u0131ndan as\u0131l\u0131 olmayaraq, fevral\u0131n 6-da ba\u015f vermi\u015f b\u00f6y\u00fck f\u0259lak\u0259td\u0259n sonra se\u00e7kiy\u0259 ged\u0259r\u0259k demokratik yollarla \u00f6z se\u00e7imini ed\u0259n z\u0259lz\u0259l\u0259 b\u00f6lg\u0259sind\u0259 ya\u015fayan b\u00fct\u00fcn qarda\u015f v\u0259 bac\u0131lar\u0131ma \u00fcr\u0259kd\u0259n t\u0259\u015f\u0259kk\u00fcr\u00fcm\u00fc bildirir\u0259m\u201d. Bu s\u00f6zl\u0259ri T\u00fcrkiy\u0259 Prezidenti R\u0259c\u0259b Tayyib \u018frdo\u011fan \u201cTwitter\u201d hesab\u0131nda yaz\u0131b. O qeyd edib ki, z\u0259lz\u0259l\u0259 ba\u015f ver\u0259n vilay\u0259tl\u0259rd\u0259 910 mind\u0259n \u00e7ox \u00e7ad\u0131r v\u0259 117 min konteynerin qura\u015fd\u0131r\u0131lmas\u0131&hellip;","_links":{"self":[{"href":"https:\/\/arantv.az\/index.php?rest_route=\/wp\/v2\/posts\/601937"}],"collection":[{"href":"https:\/\/arantv.az\/index.php?rest_route=\/wp\/v2\/posts"}],"about":[{"href":"https:\/\/arantv.az\/index.php?rest_route=\/wp\/v2\/types\/post"}],"author":[{"embeddable":true,"href":"https:\/\/arantv.az\/index.php?rest_route=\/wp\/v2\/users\/2"}],"replies":[{"embeddable":true,"href":"https:\/\/arantv.az\/index.php?rest_route=%2Fwp%2Fv2%2Fcomments&post=601937"}],"version-history":[{"count":0,"href":"https:\/\/arantv.az\/index.php?rest_route=\/wp\/v2\/posts\/601937\/revisions"}],"wp:featuredmedia":[{"embeddable":true,"href":"https:\/\/arantv.az\/index.php?rest_route=\/wp\/v2\/media\/601938"}],"wp:attachment":[{"href":"https:\/\/arantv.az\/index.php?rest_route=%2Fwp%2Fv2%2Fmedia&parent=601937"}],"wp:term":[{"taxonomy":"category","embeddable":true,"href":"https:\/\/arantv.az\/index.php?rest_route=%2Fwp%2Fv2%2Fcategories&post=601937"},{"taxonomy":"post_tag","embeddable":true,"href":"https:\/\/arantv.az\/index.php?rest_route=%2Fwp%2Fv2%2Ftags&post=601937"}],"curies":[{"name":"wp","href":"https:\/\/api.w.org\/{rel}","templated":true}]}}