{"id":601960,"date":"2023-05-24T16:22:24","date_gmt":"2023-05-24T12:22:24","guid":{"rendered":"https:\/\/arantv.az\/?p=601960"},"modified":"2023-05-24T16:22:24","modified_gmt":"2023-05-24T12:22:24","slug":"az%c9%99rbaycan-prezidenti-italiyali-h%c9%99mkarina-bassagligi-verib","status":"publish","type":"post","link":"https:\/\/arantv.az\/?p=601960","title":{"rendered":"Az\u0259rbaycan Prezidenti italiyal\u0131 h\u0259mkar\u0131na ba\u015fsa\u011fl\u0131\u011f\u0131 verib"},"content":{"rendered":"<p>Az\u0259rbaycan Prezidenti\u00a0<strong>\u0130lham \u018fliyev<\/strong>\u00a0\u0130taliya Prezidenti Sercio Mattarellaya ba\u015fsa\u011fl\u0131\u011f\u0131 m\u0259ktubu g\u00f6nd\u0259rib.<\/p>\n<p><a href=\"https:\/\/azertag.az\/xeber\/Italiya_Respublikasinin_Prezidenti_Zati_alileri_cenab_Sercio_Mattarellaya-2630102\" target=\"_blank\" rel=\"noopener\">AZ\u018fRTAC<\/a>\u00a0x\u0259b\u0259r verir ki, ba\u015fsa\u011fl\u0131\u011f\u0131nda deyilir:<\/p>\n<p>\u201cH\u00f6rm\u0259tli c\u0259nab Prezident,<\/p>\n<p>Emilia-Romanya regionunda ba\u015f vermi\u015f g\u00fccl\u00fc da\u015fq\u0131nlar n\u0259tic\u0259sind\u0259 insan t\u0259l\u0259fat\u0131 v\u0259 \u00e7oxsayl\u0131 da\u011f\u0131nt\u0131lar bar\u0259d\u0259 x\u0259b\u0259r bizi son d\u0259r\u0259c\u0259 k\u0259d\u0259rl\u0259ndirdi.<\/p>\n<p>Bu faci\u0259 il\u0259 \u0259laq\u0259dar Siz\u0259, h\u0259lak olanlar\u0131n ail\u0259l\u0259rin\u0259 v\u0259 yax\u0131nlar\u0131na, b\u00fct\u00fcn \u0130taliya xalq\u0131na \u00f6z ad\u0131mdan v\u0259 Az\u0259rbaycan xalq\u0131 ad\u0131ndan d\u0259rin h\u00fcznl\u0259 ba\u015fsa\u011fl\u0131\u011f\u0131 verir, yaralananlara \u015f\u0259fa dil\u0259yir\u0259m\u201d.<\/p>\n","protected":false},"excerpt":{"rendered":"<p>Az\u0259rbaycan Prezidenti\u00a0\u0130lham \u018fliyev\u00a0\u0130taliya Prezidenti Sercio Mattarellaya ba\u015fsa\u011fl\u0131\u011f\u0131 m\u0259ktubu g\u00f6nd\u0259rib. AZ\u018fRTAC\u00a0x\u0259b\u0259r verir ki, ba\u015fsa\u011fl\u0131\u011f\u0131nda deyilir: \u201cH\u00f6rm\u0259tli c\u0259nab Prezident, Emilia-Romanya regionunda ba\u015f vermi\u015f g\u00fccl\u00fc da\u015fq\u0131nlar n\u0259tic\u0259sind\u0259 insan t\u0259l\u0259fat\u0131 v\u0259 \u00e7oxsayl\u0131 da\u011f\u0131nt\u0131lar bar\u0259d\u0259 x\u0259b\u0259r bizi son d\u0259r\u0259c\u0259 k\u0259d\u0259rl\u0259ndirdi. Bu faci\u0259 il\u0259 \u0259laq\u0259dar Siz\u0259, h\u0259lak olanlar\u0131n ail\u0259l\u0259rin\u0259 v\u0259 yax\u0131nlar\u0131na, b\u00fct\u00fcn \u0130taliya xalq\u0131na \u00f6z ad\u0131mdan v\u0259 Az\u0259rbaycan xalq\u0131 ad\u0131ndan d\u0259rin h\u00fcznl\u0259 ba\u015fsa\u011fl\u0131\u011f\u0131 verir, yaralananlara \u015f\u0259fa dil\u0259yir\u0259m\u201d.<\/p>\n","protected":false},"author":2,"featured_media":601961,"comment_status":"closed","ping_status":"closed","sticky":false,"template":"","format":"standard","meta":{"om_disable_all_campaigns":false,"_monsterinsights_skip_tracking":false,"_monsterinsights_sitenote_active":false,"_monsterinsights_sitenote_note":"","_monsterinsights_sitenote_category":0},"categories":[19],"tags":[],"aioseo_notices":[],"gutentor_comment":0,"rttpg_featured_image_url":{"full":["https:\/\/arantv.az\/wp-content\/uploads\/2023\/05\/2125cd95-ed65-3304-ab7c-fe4e40ae99c5_850.jpg",620,413,false],"landscape":["https:\/\/arantv.az\/wp-content\/uploads\/2023\/05\/2125cd95-ed65-3304-ab7c-fe4e40ae99c5_850.jpg",620,413,false],"portraits":["https:\/\/arantv.az\/wp-content\/uploads\/2023\/05\/2125cd95-ed65-3304-ab7c-fe4e40ae99c5_850.jpg",620,413,false],"thumbnail":["https:\/\/arantv.az\/wp-content\/uploads\/2023\/05\/2125cd95-ed65-3304-ab7c-fe4e40ae99c5_850-500x280.jpg",500,280,true],"medium":["https:\/\/arantv.az\/wp-content\/uploads\/2023\/05\/2125cd95-ed65-3304-ab7c-fe4e40ae99c5_850-548x365.jpg",548,365,true],"large":["https:\/\/arantv.az\/wp-content\/uploads\/2023\/05\/2125cd95-ed65-3304-ab7c-fe4e40ae99c5_850.jpg",620,413,false],"1536x1536":["https:\/\/arantv.az\/wp-content\/uploads\/2023\/05\/2125cd95-ed65-3304-ab7c-fe4e40ae99c5_850.jpg",620,413,false],"2048x2048":["https:\/\/arantv.az\/wp-content\/uploads\/2023\/05\/2125cd95-ed65-3304-ab7c-fe4e40ae99c5_850.jpg",620,413,false],"post-thumbnail":["https:\/\/arantv.az\/wp-content\/uploads\/2023\/05\/2125cd95-ed65-3304-ab7c-fe4e40ae99c5_850-240x172.jpg",240,172,true],"advps-thumb-one":["https:\/\/arantv.az\/wp-content\/uploads\/2023\/05\/2125cd95-ed65-3304-ab7c-fe4e40ae99c5_850.jpg",620,413,false]},"rttpg_author":{"display_name":"V\u00fcsal Rafiqo\u011flu","author_link":"https:\/\/arantv.az\/?author=2"},"rttpg_comment":0,"rttpg_category":"<a href=\"https:\/\/arantv.az\/?cat=19\" rel=\"category\">G\u00fcnd\u0259m<\/a>","rttpg_excerpt":"Az\u0259rbaycan Prezidenti\u00a0\u0130lham \u018fliyev\u00a0\u0130taliya Prezidenti Sercio Mattarellaya ba\u015fsa\u011fl\u0131\u011f\u0131 m\u0259ktubu g\u00f6nd\u0259rib. AZ\u018fRTAC\u00a0x\u0259b\u0259r verir ki, ba\u015fsa\u011fl\u0131\u011f\u0131nda deyilir: \u201cH\u00f6rm\u0259tli c\u0259nab Prezident, Emilia-Romanya regionunda ba\u015f vermi\u015f g\u00fccl\u00fc da\u015fq\u0131nlar n\u0259tic\u0259sind\u0259 insan t\u0259l\u0259fat\u0131 v\u0259 \u00e7oxsayl\u0131 da\u011f\u0131nt\u0131lar bar\u0259d\u0259 x\u0259b\u0259r bizi son d\u0259r\u0259c\u0259 k\u0259d\u0259rl\u0259ndirdi. Bu faci\u0259 il\u0259 \u0259laq\u0259dar Siz\u0259, h\u0259lak olanlar\u0131n ail\u0259l\u0259rin\u0259 v\u0259 yax\u0131nlar\u0131na, b\u00fct\u00fcn \u0130taliya xalq\u0131na \u00f6z ad\u0131mdan v\u0259 Az\u0259rbaycan xalq\u0131 ad\u0131ndan d\u0259rin&hellip;","_links":{"self":[{"href":"https:\/\/arantv.az\/index.php?rest_route=\/wp\/v2\/posts\/601960"}],"collection":[{"href":"https:\/\/arantv.az\/index.php?rest_route=\/wp\/v2\/posts"}],"about":[{"href":"https:\/\/arantv.az\/index.php?rest_route=\/wp\/v2\/types\/post"}],"author":[{"embeddable":true,"href":"https:\/\/arantv.az\/index.php?rest_route=\/wp\/v2\/users\/2"}],"replies":[{"embeddable":true,"href":"https:\/\/arantv.az\/index.php?rest_route=%2Fwp%2Fv2%2Fcomments&post=601960"}],"version-history":[{"count":0,"href":"https:\/\/arantv.az\/index.php?rest_route=\/wp\/v2\/posts\/601960\/revisions"}],"wp:featuredmedia":[{"embeddable":true,"href":"https:\/\/arantv.az\/index.php?rest_route=\/wp\/v2\/media\/601961"}],"wp:attachment":[{"href":"https:\/\/arantv.az\/index.php?rest_route=%2Fwp%2Fv2%2Fmedia&parent=601960"}],"wp:term":[{"taxonomy":"category","embeddable":true,"href":"https:\/\/arantv.az\/index.php?rest_route=%2Fwp%2Fv2%2Fcategories&post=601960"},{"taxonomy":"post_tag","embeddable":true,"href":"https:\/\/arantv.az\/index.php?rest_route=%2Fwp%2Fv2%2Ftags&post=601960"}],"curies":[{"name":"wp","href":"https:\/\/api.w.org\/{rel}","templated":true}]}}