{"id":601964,"date":"2023-05-24T16:23:23","date_gmt":"2023-05-24T12:23:23","guid":{"rendered":"https:\/\/arantv.az\/?p=601964"},"modified":"2023-05-24T16:23:23","modified_gmt":"2023-05-24T12:23:23","slug":"avstriya-prezidenti-az%c9%99rbaycanin-dovl%c9%99t-bascisina-t%c9%99brik-m%c9%99ktubu-unvanlayib","status":"publish","type":"post","link":"https:\/\/arantv.az\/?p=601964","title":{"rendered":"Avstriya Prezidenti Az\u0259rbaycan\u0131n d\u00f6vl\u0259t ba\u015f\u00e7\u0131s\u0131na t\u0259brik m\u0259ktubu \u00fcnvanlay\u0131b"},"content":{"rendered":"<p>Avstriya Respublikas\u0131n\u0131n Federal Prezidenti Aleksander Van der Bellen Az\u0259rbaycan Prezidenti\u00a0<strong>\u0130lham \u018fliyev\u0259<\/strong>\u00a0t\u0259brik m\u0259ktubu \u00fcnvanlay\u0131b.<\/p>\n<p><a href=\"https:\/\/president.az\/az\/articles\/view\/59915\" target=\"_blank\" rel=\"noopener\">President.az<\/a>\u00a0x\u0259b\u0259r verir ki, t\u0259brikd\u0259 deyilir:<\/p>\n<p>\u201cH\u00f6rm\u0259tli c\u0259nab Prezident!<\/p>\n<p>Az\u0259rbaycan Respublikas\u0131n\u0131n milli bayram\u0131 \u2013 M\u00fcst\u0259qillik G\u00fcn\u00fc m\u00fcnasib\u0259til\u0259 Siz\u0259 s\u0259mimi t\u0259brikl\u0259rimi \u00e7atd\u0131rmaqdan m\u0259mnunluq duyuram.<\/p>\n<p>B\u00fct\u00fcn d\u00f6vl\u0259tl\u0259rin v\u0259 xalqlar\u0131n rifah\u0131, habel\u0259 C\u0259nubi Qafqaz regionunun insan v\u0259 iqtisadi potensial\u0131n\u0131n inki\u015faf\u0131 \u00fc\u00e7\u00fcn davaml\u0131 s\u00fclh, t\u0259hl\u00fck\u0259sizlik v\u0259 sabitlik x\u00fcsusi \u00f6n\u0259m k\u0259sb edir. M\u0259n \u0259min\u0259m ki, Az\u0259rbaycan buna \u0259h\u0259miyy\u0259tli d\u0259r\u0259c\u0259d\u0259 t\u00f6hf\u0259 ver\u0259 bil\u0259r.<\/p>\n<p>Bu f\u00fcrs\u0259td\u0259n m\u0259mnuniyy\u0259tl\u0259 istifad\u0259 ed\u0259r\u0259k, Siz\u0259 \u0259min-amanl\u0131q, Az\u0259rbaycan xalq\u0131na is\u0259 xo\u015fb\u0259xt v\u0259 dinc g\u0259l\u0259c\u0259kl\u0259 ba\u011fl\u0131 \u0259n g\u00f6z\u0259l arzular\u0131m\u0131 \u00e7atd\u0131r\u0131ram\u201d.<\/p>\n","protected":false},"excerpt":{"rendered":"<p>Avstriya Respublikas\u0131n\u0131n Federal Prezidenti Aleksander Van der Bellen Az\u0259rbaycan Prezidenti\u00a0\u0130lham \u018fliyev\u0259\u00a0t\u0259brik m\u0259ktubu \u00fcnvanlay\u0131b. President.az\u00a0x\u0259b\u0259r verir ki, t\u0259brikd\u0259 deyilir: \u201cH\u00f6rm\u0259tli c\u0259nab Prezident! Az\u0259rbaycan Respublikas\u0131n\u0131n milli bayram\u0131 \u2013 M\u00fcst\u0259qillik G\u00fcn\u00fc m\u00fcnasib\u0259til\u0259 Siz\u0259 s\u0259mimi t\u0259brikl\u0259rimi \u00e7atd\u0131rmaqdan m\u0259mnunluq duyuram. B\u00fct\u00fcn d\u00f6vl\u0259tl\u0259rin v\u0259 xalqlar\u0131n rifah\u0131, habel\u0259 C\u0259nubi Qafqaz regionunun insan v\u0259 iqtisadi potensial\u0131n\u0131n inki\u015faf\u0131 \u00fc\u00e7\u00fcn davaml\u0131 s\u00fclh, t\u0259hl\u00fck\u0259sizlik v\u0259 sabitlik x\u00fcsusi \u00f6n\u0259m k\u0259sb edir. M\u0259n \u0259min\u0259m ki, Az\u0259rbaycan buna \u0259h\u0259miyy\u0259tli d\u0259r\u0259c\u0259d\u0259 t\u00f6hf\u0259 ver\u0259 bil\u0259r. Bu f\u00fcrs\u0259td\u0259n m\u0259mnuniyy\u0259tl\u0259 istifad\u0259 ed\u0259r\u0259k, Siz\u0259 \u0259min-amanl\u0131q, Az\u0259rbaycan xalq\u0131na is\u0259 xo\u015fb\u0259xt v\u0259 dinc g\u0259l\u0259c\u0259kl\u0259 ba\u011fl\u0131 \u0259n g\u00f6z\u0259l arzular\u0131m\u0131 \u00e7atd\u0131r\u0131ram\u201d.<\/p>\n","protected":false},"author":2,"featured_media":601966,"comment_status":"closed","ping_status":"closed","sticky":false,"template":"","format":"standard","meta":{"om_disable_all_campaigns":false,"_monsterinsights_skip_tracking":false,"_monsterinsights_sitenote_active":false,"_monsterinsights_sitenote_note":"","_monsterinsights_sitenote_category":0},"categories":[19],"tags":[],"aioseo_notices":[],"gutentor_comment":0,"rttpg_featured_image_url":{"full":["https:\/\/arantv.az\/wp-content\/uploads\/2023\/05\/85bed8c0-1efe-3381-841a-0d096257f6f3_850.jpg",620,413,false],"landscape":["https:\/\/arantv.az\/wp-content\/uploads\/2023\/05\/85bed8c0-1efe-3381-841a-0d096257f6f3_850.jpg",620,413,false],"portraits":["https:\/\/arantv.az\/wp-content\/uploads\/2023\/05\/85bed8c0-1efe-3381-841a-0d096257f6f3_850.jpg",620,413,false],"thumbnail":["https:\/\/arantv.az\/wp-content\/uploads\/2023\/05\/85bed8c0-1efe-3381-841a-0d096257f6f3_850-500x280.jpg",500,280,true],"medium":["https:\/\/arantv.az\/wp-content\/uploads\/2023\/05\/85bed8c0-1efe-3381-841a-0d096257f6f3_850-548x365.jpg",548,365,true],"large":["https:\/\/arantv.az\/wp-content\/uploads\/2023\/05\/85bed8c0-1efe-3381-841a-0d096257f6f3_850.jpg",620,413,false],"1536x1536":["https:\/\/arantv.az\/wp-content\/uploads\/2023\/05\/85bed8c0-1efe-3381-841a-0d096257f6f3_850.jpg",620,413,false],"2048x2048":["https:\/\/arantv.az\/wp-content\/uploads\/2023\/05\/85bed8c0-1efe-3381-841a-0d096257f6f3_850.jpg",620,413,false],"post-thumbnail":["https:\/\/arantv.az\/wp-content\/uploads\/2023\/05\/85bed8c0-1efe-3381-841a-0d096257f6f3_850-240x172.jpg",240,172,true],"advps-thumb-one":["https:\/\/arantv.az\/wp-content\/uploads\/2023\/05\/85bed8c0-1efe-3381-841a-0d096257f6f3_850.jpg",620,413,false]},"rttpg_author":{"display_name":"V\u00fcsal Rafiqo\u011flu","author_link":"https:\/\/arantv.az\/?author=2"},"rttpg_comment":0,"rttpg_category":"<a href=\"https:\/\/arantv.az\/?cat=19\" rel=\"category\">G\u00fcnd\u0259m<\/a>","rttpg_excerpt":"Avstriya Respublikas\u0131n\u0131n Federal Prezidenti Aleksander Van der Bellen Az\u0259rbaycan Prezidenti\u00a0\u0130lham \u018fliyev\u0259\u00a0t\u0259brik m\u0259ktubu \u00fcnvanlay\u0131b. President.az\u00a0x\u0259b\u0259r verir ki, t\u0259brikd\u0259 deyilir: \u201cH\u00f6rm\u0259tli c\u0259nab Prezident! Az\u0259rbaycan Respublikas\u0131n\u0131n milli bayram\u0131 \u2013 M\u00fcst\u0259qillik G\u00fcn\u00fc m\u00fcnasib\u0259til\u0259 Siz\u0259 s\u0259mimi t\u0259brikl\u0259rimi \u00e7atd\u0131rmaqdan m\u0259mnunluq duyuram. B\u00fct\u00fcn d\u00f6vl\u0259tl\u0259rin v\u0259 xalqlar\u0131n rifah\u0131, habel\u0259 C\u0259nubi Qafqaz regionunun insan v\u0259 iqtisadi potensial\u0131n\u0131n inki\u015faf\u0131 \u00fc\u00e7\u00fcn davaml\u0131 s\u00fclh, t\u0259hl\u00fck\u0259sizlik v\u0259 sabitlik&hellip;","_links":{"self":[{"href":"https:\/\/arantv.az\/index.php?rest_route=\/wp\/v2\/posts\/601964"}],"collection":[{"href":"https:\/\/arantv.az\/index.php?rest_route=\/wp\/v2\/posts"}],"about":[{"href":"https:\/\/arantv.az\/index.php?rest_route=\/wp\/v2\/types\/post"}],"author":[{"embeddable":true,"href":"https:\/\/arantv.az\/index.php?rest_route=\/wp\/v2\/users\/2"}],"replies":[{"embeddable":true,"href":"https:\/\/arantv.az\/index.php?rest_route=%2Fwp%2Fv2%2Fcomments&post=601964"}],"version-history":[{"count":0,"href":"https:\/\/arantv.az\/index.php?rest_route=\/wp\/v2\/posts\/601964\/revisions"}],"wp:featuredmedia":[{"embeddable":true,"href":"https:\/\/arantv.az\/index.php?rest_route=\/wp\/v2\/media\/601966"}],"wp:attachment":[{"href":"https:\/\/arantv.az\/index.php?rest_route=%2Fwp%2Fv2%2Fmedia&parent=601964"}],"wp:term":[{"taxonomy":"category","embeddable":true,"href":"https:\/\/arantv.az\/index.php?rest_route=%2Fwp%2Fv2%2Fcategories&post=601964"},{"taxonomy":"post_tag","embeddable":true,"href":"https:\/\/arantv.az\/index.php?rest_route=%2Fwp%2Fv2%2Ftags&post=601964"}],"curies":[{"name":"wp","href":"https:\/\/api.w.org\/{rel}","templated":true}]}}