{"id":601968,"date":"2023-05-24T16:25:13","date_gmt":"2023-05-24T12:25:13","guid":{"rendered":"https:\/\/arantv.az\/?p=601968"},"modified":"2023-05-24T16:25:13","modified_gmt":"2023-05-24T12:25:13","slug":"ictimai-maraqlar-namin%c9%99-v%c9%99t%c9%99ndast%c9%99s%c9%99bbusu-ictimai-birliyi-seminar-kecirib-video","status":"publish","type":"post","link":"https:\/\/arantv.az\/?p=601968","title":{"rendered":"\u0130ctimai Maraqlar Namin\u0259 V\u0259t\u0259nda\u015fT\u0259\u015f\u0259bb\u00fcs\u00fc \u0130ctimai Birliyi seminar ke\u00e7irib-V\u0130DEO"},"content":{"rendered":"<p><iframe loading=\"lazy\" title=\"\u0130ctimai Maraqlar Namin\u0259 V\u0259t\u0259nda\u015fT\u0259\u015f\u0259bb\u00fcs\u00fc \u0130ctimai Birliyi seminar ke\u00e7irib\" width=\"640\" height=\"360\" src=\"https:\/\/www.youtube.com\/embed\/UP7ZVkNFj1E?feature=oembed\" frameborder=\"0\" allow=\"accelerometer; autoplay; clipboard-write; encrypted-media; gyroscope; picture-in-picture; web-share\" allowfullscreen><\/iframe><\/p>\n<p>\u0130ctimai Maraqlar Namin\u0259 V\u0259t\u0259nda\u015f T\u0259\u015f\u0259bb\u00fcs\u00fc \u0130ctimai Birliyi B\u0259rd\u0259 \u015f\u0259h\u0259rind\u0259 &#8220;H\u0259ssas insanlar\u0131n sosial t\u0259minat h\u00fcququnun s\u0259m\u0259r\u0259li h\u0259yata ke\u00e7irilm\u0259si \u00fc\u00e7\u00fcn \u00e7oxt\u0259r\u0259fli \u0259m\u0259kda\u015fl\u0131q&#8220; m\u00f6vzusunda seminar ke\u00e7irib. Bu t\u0259dbirl\u0259r Avropa \u0130ttifaq\u0131 t\u0259r\u0259find\u0259n maliyy\u0259l\u0259\u015fdiril\u0259n v\u0259 BMT-nin \u0130nsan H\u00fcquqlar\u0131 \u00fczr\u0259 Ali Komissarl\u0131\u011f\u0131 t\u0259r\u0259find\u0259n h\u0259yata ke\u00e7iril\u0259n \u201cAz\u0259rbaycanda H\u0259ssas Qruplar\u0131n H\u00fcquqlar\u0131n\u0131n M\u00fcdafi\u0259si\u201d proqram\u0131 \u00e7\u0259r\u00e7iv\u0259sind\u0259 ba\u015f tutub.<br \/>\nT\u0259\u015fkilat\u0131n r\u0259hb\u0259ri V\u00fcqar H\u00fcseynov bildirib ki, qeyd edil\u0259n proqram \u00e7\u0259r\u00e7iv\u0259sind\u0259 d\u0259st\u0259kl\u0259n\u0259n v\u0259 icra edil\u0259n onlarla t\u0259\u015f\u0259bb\u00fcsd\u0259n biri d\u0259 &#8220;H\u0259ssas insanlar\u0131n sosial t\u0259minat h\u00fcquqlar\u0131n\u0131n t\u0259\u015fviqi v\u0259 s\u0259m\u0259r\u0259li m\u00fcdafi\u0259si \u00fc\u00e7\u00fcn yerli bacar\u0131qlar\u0131n art\u0131r\u0131lmas\u0131&#8220; layih\u0259sidir. Haz\u0131rk\u0131 layih\u0259nin m\u0259qs\u0259di \u00f6lk\u0259nin 5 regionunda azt\u0259minatl\u0131 ail\u0259l\u0259rin, qad\u0131nlar\u0131n, \u0259lilliyi olan \u015f\u0259xsl\u0259rin v\u0259 dig\u0259r h\u0259ssas qruplardan olan \u015f\u0259xsl\u0259rin sosial t\u0259minat h\u00fcquqlar\u0131n\u0131n daha s\u0259m\u0259r\u0259li \u015f\u0259kild\u0259 realla\u015fd\u0131r\u0131lmas\u0131na t\u00f6hf\u0259 verm\u0259kdir. Ox\u015far t\u0259dbirl\u0259rin 18 v\u0259 19 may tarixl\u0259rind\u0259 G\u0259nc\u0259 v\u0259 \u015e\u0259mkir b\u00f6lg\u0259l\u0259rind\u0259 d\u0259 ke\u00e7irildiyini qeyd ed\u0259n \u00e7\u0131x\u0131\u015f\u00e7\u0131 bu seminarla\u0131n sosial t\u0259minat sah\u0259sind\u0259 \u00e7oxt\u0259r\u0259fli s\u0259m\u0259r\u0259li v\u0259 konstruktiv \u0259m\u0259kda\u015fl\u0131\u011f\u0131 g\u00fccl\u0259ndirm\u0259k m\u0259qs\u0259di da\u015f\u0131y\u0131r. Bunun \u00fc\u00e7\u00fcn seminarlarda bu sah\u0259y\u0259 aidiyy\u0259ti olan yerli d\u00f6vl\u0259t qurumlar\u0131n\u0131n (o c\u00fcml\u0259d\u0259n D\u00f6vl\u0259t Sosial M\u00fcdafi\u0259 Fondunun yerli \u015f\u00f6b\u0259l\u0259ri, m\u0259\u015f\u011fulluq m\u0259rk\u0259zl\u0259ri, sosial xidm\u0259t qurumlar\u0131, T\u018fB\u0130B v\u0259 s.), h\u0259m\u00e7inin v\u0259t\u0259nda\u015f c\u0259miyy\u0259ti t\u0259\u015fkilatlar\u0131, yerli media n\u00fcmay\u0259nd\u0259l\u0259ri, ictimai f\u0259allar i\u015ftirak edir v\u0259 onlar aras\u0131nda \u0259m\u0259kda\u015fl\u0131\u011f\u0131n qurulmas\u0131na \u00e7al\u0131\u015f\u0131l\u0131r.<\/p>\n<p>\u0130lk t\u0259qdimatda layih\u0259 h\u00fcquq\u015f\u00fcnas\u0131 Mir\u0259li H\u00fcseynov seminar i\u015ftirak\u00e7\u0131lar\u0131n\u0131 sosial m\u00fcdafi\u0259y\u0259 insan h\u00fcquqlar\u0131 aspektind\u0259n yana\u015fmalar haqq\u0131nda m\u0259lumatland\u0131r\u0131b. M\u0259ruz\u0259\u00e7i sosial m\u00fcdafi\u0259 proqramlar\u0131n\u0131n yoxsullu\u011fun azald\u0131lmas\u0131nda \u0259h\u0259miyy\u0259tin\u0259, bu proqramlar\u0131n haz\u0131rlanmas\u0131 v\u0259 icras\u0131 zaman\u0131 ayr\u0131-se\u00e7kiliy\u0259 yol verilm\u0259m\u0259si, hesabatl\u0131l\u0131q, i\u015ftirak\u00e7\u0131l\u0131q v\u0259 \u015f\u0259ffafl\u0131q prinsipl\u0259rinin t\u0259tbiqinin vacibliyin\u0259 toxunub.<\/p>\n<p>Bak\u0131 D\u00f6vl\u0259t Universitetinin professoru, sosial t\u0259minat h\u00fcquqlar\u0131 \u00fczr\u0259 ekspert Mayis \u018fliyev \u00f6z \u00e7\u0131x\u0131\u015f\u0131nda \u00f6lk\u0259nin sosial t\u0259minat siyas\u0259tinin \u00fcmumi icmal\u0131n\u0131, qanunvericilik v\u0259 praktikan\u0131n \u0259sas istiqam\u0259tl\u0259rini v\u0259 bu sah\u0259d\u0259 m\u00f6vcud olan probleml\u0259rin t\u0259snifat\u0131n\u0131 verib, h\u0259m\u00e7inin BMT-nin m\u00fcvafiq qurumlar\u0131 t\u0259r\u0259find\u0259n Az\u0259rbaycana veril\u0259n t\u00f6vsiyy\u0259l\u0259r haqq\u0131nda i\u015ftirak\u00e7\u0131lar\u0131 m\u0259lumatland\u0131r\u0131b.<br \/>\nDaha sonra v\u0259t\u0259nda\u015f c\u0259miyy\u0259ti t\u0259\u015fkilatlar\u0131 n\u00fcmay\u0259nd\u0259l\u0259ri t\u0259msil etdikl\u0259ri qruplar\u0131n sosial m\u00fcdafi\u0259 il\u0259 ba\u011fl\u0131 probleml\u0259rin\u0259 dair suallar\u0131n\u0131 s\u0259sl\u0259ndirib, bu suallar layih\u0259 ekspertl\u0259ri v\u0259 t\u0259dbird\u0259 i\u015ftirak ed\u0259n d\u00f6vl\u0259t qurumlar\u0131 n\u00fcmay\u0259nd\u0259l\u0259ri t\u0259r\u0259find\u0259n cavabland\u0131r\u0131l\u0131b. Sosial t\u0259minat h\u00fcquqlar\u0131 il\u0259 ba\u011fl\u0131 v\u0259t\u0259nda\u015flar\u0131n m\u00fcraci\u0259tl\u0259rin\u0259 imtina hallar\u0131, x\u00fcsusil\u0259 \u0259lillik d\u0259r\u0259c\u0259l\u0259rinin verilm\u0259si v\u0259 \u0259lillikl\u0259 ba\u011fl\u0131 sosial m\u00fcavin\u0259tl\u0259rin k\u0259silm\u0259si, azt\u0259minatl\u0131 ail\u0259l\u0259rin, o c\u00fcml\u0259d\u0259n \u00e7oxu\u015faql\u0131 v\u0259 \u00f6hd\u0259sind\u0259 \u0259lil u\u015faqlar olan qad\u0131nlar\u0131n sosial t\u0259minata \u00e7\u0131x\u0131\u015f\u0131 il\u0259 ba\u011fl\u0131 probleml\u0259rd\u0259n, m\u0259\u015f\u011fulluq v\u0259 \u00fcnvanl\u0131 sosial yard\u0131mla ba\u011fl\u0131 m\u00fcraci\u0259tl\u0259r v\u0259 onlara bax\u0131lmas\u0131 zaman\u0131 ayr\u0131-se\u00e7kilik hallar\u0131 m\u00fczakir\u0259 edilib.<\/p>\n<p>Ekspertl\u0259r \u00f6z \u00e7\u0131x\u0131\u015flar\u0131nda bu m\u0259s\u0259l\u0259l\u0259rl\u0259 ba\u011fl\u0131 q\u0259rarlar veril\u0259rk\u0259n bir \u00e7ox hallarda h\u00fcquqilik v\u0259 \u0259dal\u0259tlilik prinsipl\u0259rinin qar\u015f\u0131la\u015fd\u0131\u011f\u0131na x\u00fcsusi diqq\u0259t \u00e7\u0259kib. H\u0259qiq\u0259t\u0259n sosial yard\u0131ma ehtiyac\u0131 olan \u015f\u0259xsl\u0259rin bir s\u0131ra hallarda m\u00fc\u0259y\u0259n h\u00fcquqi t\u0259l\u0259bl\u0259r\u0259 v\u0259 \u015f\u0259rtl\u0259t\u0259 cavab verm\u0259diyin\u0259 g\u00f6r\u0259 sosial t\u0259minat proqramlar\u0131ndan k\u0259narda qalmas\u0131 il\u0259 n\u0259tic\u0259l\u0259ndiyini vur\u011fulay\u0131blar. Sosial t\u0259minata insan h\u00fcquqlar\u0131 aspektind\u0259n yana\u015fmalar\u0131n t\u0259tbiqinin bu c\u00fcr hallar\u0131n aradan qald\u0131r\u0131lmas\u0131na imkan verdiyi diqq\u0259t\u0259 \u00e7atd\u0131r\u0131l\u0131b.<\/p>\n<p>Eyni zamanda v\u0259t\u0259nda\u015flar\u0131n \u00f6z h\u00fcquqlar\u0131 il\u0259 ba\u011fl\u0131 m\u0259lumatl\u0131l\u0131\u011f\u0131n\u0131n azl\u0131\u011f\u0131 v\u0259 yanl\u0131\u015f m\u0259lumatland\u0131r\u0131lmas\u0131 da probleml\u0259r s\u0131ras\u0131nda qeyd edilib. Bir \u00e7ox hallarda informasiyaya \u00e7\u0131x\u0131\u015f\u0131n m\u0259hdudlu\u011fu v\u0259 \u00f6d\u0259ni\u015fli h\u00fcquqi yard\u0131mdan istifad\u0259 imkanlar\u0131n\u0131n olmamas\u0131 s\u0259b\u0259bind\u0259n qeyd edil\u0259n kateqoriyadan olan \u015f\u0259xsl\u0259rin sosial t\u0259minat proqramlar\u0131ndan k\u0259narda qalmas\u0131 hallar\u0131ndan dan\u0131\u015f\u0131l\u0131b.<br \/>\nSonda seminar i\u015ftirak\u00e7\u0131lar\u0131 bu sah\u0259d\u0259 v\u0259ziyy\u0259tin yax\u015f\u0131la\u015fd\u0131r\u0131lmas\u0131 \u00fc\u00e7\u00fcn b\u00fct\u00fcn maraql\u0131 t\u0259r\u0259fl\u0259r, x\u00fcsusil\u0259 d\u00f6vl\u0259t qurumlar\u0131 v\u0259 yerli v\u0259t\u0259nda\u015f c\u0259miyy\u0259ti t\u0259\u015fkilatlar\u0131 aras\u0131nda \u0259m\u0259kda\u015fl\u0131\u011f\u0131n g\u00fccl\u0259ndirilm\u0259si imkanlar\u0131ndan dan\u0131\u015f\u0131b. Layih\u0259 r\u0259hb\u0259ri bildirib ki, Avropa Birliyi v\u0259 BMT \u0130nsan H\u00fcquqlar\u0131 \u00fczr\u0259 Ali Komissarl\u0131\u011f\u0131 t\u0259r\u0259find\u0259n d\u0259st\u0259kl\u0259n\u0259n bu t\u0259\u015f\u0259bb\u00fcsd\u0259n h\u0259ssas insanlar\u0131n faydalanmas\u0131 \u00fc\u00e7\u00fcn h\u00fcquqi maarifl\u0259ndirm\u0259y\u0259 v\u0259 sosial t\u0259r\u0259fda\u015fl\u0131\u011f\u0131n g\u00fccl\u0259ndirilm\u0259sin\u0259 \u00f6n\u0259m verilir v\u0259 bu t\u0259\u015f\u0259bb\u00fcs \u00e7\u0259r\u00e7iv\u0259sind\u0259 h\u0259ssas qruplardan olan 300 n\u0259f\u0259r\u0259 pulsuz h\u00fcquqi yard\u0131m\u0131n g\u00f6st\u0259rilm\u0259si n\u0259z\u0259rd\u0259 tutulur.<\/p>\n","protected":false},"excerpt":{"rendered":"<p>\u0130ctimai Maraqlar Namin\u0259 V\u0259t\u0259nda\u015f T\u0259\u015f\u0259bb\u00fcs\u00fc \u0130ctimai Birliyi B\u0259rd\u0259 \u015f\u0259h\u0259rind\u0259 &#8220;H\u0259ssas insanlar\u0131n sosial t\u0259minat h\u00fcququnun s\u0259m\u0259r\u0259li h\u0259yata ke\u00e7irilm\u0259si \u00fc\u00e7\u00fcn \u00e7oxt\u0259r\u0259fli \u0259m\u0259kda\u015fl\u0131q&#8220; m\u00f6vzusunda seminar ke\u00e7irib. Bu t\u0259dbirl\u0259r Avropa \u0130ttifaq\u0131 t\u0259r\u0259find\u0259n maliyy\u0259l\u0259\u015fdiril\u0259n v\u0259 BMT-nin \u0130nsan H\u00fcquqlar\u0131 \u00fczr\u0259 Ali Komissarl\u0131\u011f\u0131 t\u0259r\u0259find\u0259n h\u0259yata ke\u00e7iril\u0259n \u201cAz\u0259rbaycanda H\u0259ssas Qruplar\u0131n H\u00fcquqlar\u0131n\u0131n M\u00fcdafi\u0259si\u201d proqram\u0131 \u00e7\u0259r\u00e7iv\u0259sind\u0259 ba\u015f tutub. T\u0259\u015fkilat\u0131n r\u0259hb\u0259ri V\u00fcqar H\u00fcseynov bildirib ki, qeyd edil\u0259n proqram \u00e7\u0259r\u00e7iv\u0259sind\u0259 d\u0259st\u0259kl\u0259n\u0259n v\u0259 icra edil\u0259n onlarla t\u0259\u015f\u0259bb\u00fcsd\u0259n biri d\u0259 &#8220;H\u0259ssas insanlar\u0131n sosial t\u0259minat h\u00fcquqlar\u0131n\u0131n t\u0259\u015fviqi v\u0259 s\u0259m\u0259r\u0259li m\u00fcdafi\u0259si \u00fc\u00e7\u00fcn yerli bacar\u0131qlar\u0131n art\u0131r\u0131lmas\u0131&#8220; layih\u0259sidir. Haz\u0131rk\u0131 layih\u0259nin m\u0259qs\u0259di \u00f6lk\u0259nin 5 regionunda azt\u0259minatl\u0131 ail\u0259l\u0259rin, qad\u0131nlar\u0131n, \u0259lilliyi&hellip;<\/p>\n","protected":false},"author":2,"featured_media":601969,"comment_status":"closed","ping_status":"closed","sticky":false,"template":"","format":"standard","meta":{"om_disable_all_campaigns":false,"_monsterinsights_skip_tracking":false,"_monsterinsights_sitenote_active":false,"_monsterinsights_sitenote_note":"","_monsterinsights_sitenote_category":0},"categories":[19],"tags":[],"aioseo_notices":[],"gutentor_comment":0,"rttpg_featured_image_url":{"full":["https:\/\/arantv.az\/wp-content\/uploads\/2023\/05\/WhatsApp-Image-2023-05-24-at-15.12.131.jpeg",1200,672,false],"landscape":["https:\/\/arantv.az\/wp-content\/uploads\/2023\/05\/WhatsApp-Image-2023-05-24-at-15.12.131.jpeg",1200,672,false],"portraits":["https:\/\/arantv.az\/wp-content\/uploads\/2023\/05\/WhatsApp-Image-2023-05-24-at-15.12.131.jpeg",1200,672,false],"thumbnail":["https:\/\/arantv.az\/wp-content\/uploads\/2023\/05\/WhatsApp-Image-2023-05-24-at-15.12.131-500x280.jpeg",500,280,true],"medium":["https:\/\/arantv.az\/wp-content\/uploads\/2023\/05\/WhatsApp-Image-2023-05-24-at-15.12.131-652x365.jpeg",652,365,true],"large":["https:\/\/arantv.az\/wp-content\/uploads\/2023\/05\/WhatsApp-Image-2023-05-24-at-15.12.131-840x470.jpeg",640,358,true],"1536x1536":["https:\/\/arantv.az\/wp-content\/uploads\/2023\/05\/WhatsApp-Image-2023-05-24-at-15.12.131.jpeg",1200,672,false],"2048x2048":["https:\/\/arantv.az\/wp-content\/uploads\/2023\/05\/WhatsApp-Image-2023-05-24-at-15.12.131.jpeg",1200,672,false],"post-thumbnail":["https:\/\/arantv.az\/wp-content\/uploads\/2023\/05\/WhatsApp-Image-2023-05-24-at-15.12.131-240x172.jpeg",240,172,true],"advps-thumb-one":["https:\/\/arantv.az\/wp-content\/uploads\/2023\/05\/WhatsApp-Image-2023-05-24-at-15.12.131-1200x620.jpeg",1200,620,true]},"rttpg_author":{"display_name":"V\u00fcsal Rafiqo\u011flu","author_link":"https:\/\/arantv.az\/?author=2"},"rttpg_comment":0,"rttpg_category":"<a href=\"https:\/\/arantv.az\/?cat=19\" rel=\"category\">G\u00fcnd\u0259m<\/a>","rttpg_excerpt":"\u0130ctimai Maraqlar Namin\u0259 V\u0259t\u0259nda\u015f T\u0259\u015f\u0259bb\u00fcs\u00fc \u0130ctimai Birliyi B\u0259rd\u0259 \u015f\u0259h\u0259rind\u0259 &#8220;H\u0259ssas insanlar\u0131n sosial t\u0259minat h\u00fcququnun s\u0259m\u0259r\u0259li h\u0259yata ke\u00e7irilm\u0259si \u00fc\u00e7\u00fcn \u00e7oxt\u0259r\u0259fli \u0259m\u0259kda\u015fl\u0131q&#8220; m\u00f6vzusunda seminar ke\u00e7irib. Bu t\u0259dbirl\u0259r Avropa \u0130ttifaq\u0131 t\u0259r\u0259find\u0259n maliyy\u0259l\u0259\u015fdiril\u0259n v\u0259 BMT-nin \u0130nsan H\u00fcquqlar\u0131 \u00fczr\u0259 Ali Komissarl\u0131\u011f\u0131 t\u0259r\u0259find\u0259n h\u0259yata ke\u00e7iril\u0259n \u201cAz\u0259rbaycanda H\u0259ssas Qruplar\u0131n H\u00fcquqlar\u0131n\u0131n M\u00fcdafi\u0259si\u201d proqram\u0131 \u00e7\u0259r\u00e7iv\u0259sind\u0259 ba\u015f tutub. T\u0259\u015fkilat\u0131n r\u0259hb\u0259ri V\u00fcqar H\u00fcseynov bildirib ki, qeyd&hellip;","_links":{"self":[{"href":"https:\/\/arantv.az\/index.php?rest_route=\/wp\/v2\/posts\/601968"}],"collection":[{"href":"https:\/\/arantv.az\/index.php?rest_route=\/wp\/v2\/posts"}],"about":[{"href":"https:\/\/arantv.az\/index.php?rest_route=\/wp\/v2\/types\/post"}],"author":[{"embeddable":true,"href":"https:\/\/arantv.az\/index.php?rest_route=\/wp\/v2\/users\/2"}],"replies":[{"embeddable":true,"href":"https:\/\/arantv.az\/index.php?rest_route=%2Fwp%2Fv2%2Fcomments&post=601968"}],"version-history":[{"count":0,"href":"https:\/\/arantv.az\/index.php?rest_route=\/wp\/v2\/posts\/601968\/revisions"}],"wp:featuredmedia":[{"embeddable":true,"href":"https:\/\/arantv.az\/index.php?rest_route=\/wp\/v2\/media\/601969"}],"wp:attachment":[{"href":"https:\/\/arantv.az\/index.php?rest_route=%2Fwp%2Fv2%2Fmedia&parent=601968"}],"wp:term":[{"taxonomy":"category","embeddable":true,"href":"https:\/\/arantv.az\/index.php?rest_route=%2Fwp%2Fv2%2Fcategories&post=601968"},{"taxonomy":"post_tag","embeddable":true,"href":"https:\/\/arantv.az\/index.php?rest_route=%2Fwp%2Fv2%2Ftags&post=601968"}],"curies":[{"name":"wp","href":"https:\/\/api.w.org\/{rel}","templated":true}]}}