{"id":601972,"date":"2023-05-24T19:39:05","date_gmt":"2023-05-24T15:39:05","guid":{"rendered":"https:\/\/arantv.az\/?p=601972"},"modified":"2023-05-24T19:39:05","modified_gmt":"2023-05-24T15:39:05","slug":"iqtisadi-surada-sosial-iqtisadi-artim-proqnozlari-muzakir%c9%99-edilib-foto","status":"publish","type":"post","link":"https:\/\/arantv.az\/?p=601972","title":{"rendered":"\u0130qtisadi \u015eurada sosial-iqtisadi art\u0131m proqnozlar\u0131 m\u00fczakir\u0259 edilib &#8211; FOTO"},"content":{"rendered":"<p>Az\u0259rbaycan Respublikas\u0131 \u0130qtisadi \u015euras\u0131n\u0131n n\u00f6vb\u0259ti iclas\u0131 ke\u00e7irilib.<\/p>\n<p>Bu bar\u0259d\u0259 Nazirl\u0259r Kabineti m\u0259lumat yay\u0131b.<\/p>\n<p>Bildirilib ki, \u0130qtisadi \u015euras\u0131n\u0131n s\u0259dri, Ba\u015f nazir \u018fli \u018fs\u0259dovun r\u0259hb\u0259rliyi il\u0259 ke\u00e7iril\u0259n iclas\u0131n g\u00fcnd\u0259liyind\u0259 cari ilin \u00f6t\u0259n d\u00f6vr\u00fcnd\u0259 iqtisadi v\u0259ziyy\u0259t, qlobal v\u0259 regional iqtisadi proqnozlar, Az\u0259rbaycanda 2023-c\u00fc il v\u0259 ortam\u00fcdd\u0259tli d\u00f6vr \u00fc\u00e7\u00fcn sosial-iqtisadi art\u0131m proqnozlar\u0131, o c\u00fcml\u0259d\u0259n neft-qaz sektorunun proqnozlar\u0131, habel\u0259 vergi inzibat\u00e7\u0131l\u0131\u011f\u0131n\u0131n t\u0259kmill\u0259\u015fdirilm\u0259si, investisiya t\u0259\u015fviqi v\u0259 iqtisadi sah\u0259d\u0259 \u015f\u0259ffafl\u0131\u011f\u0131n t\u0259min edilm\u0259si il\u0259 ba\u011fl\u0131 d\u0259yi\u015fiklikl\u0259rin layih\u0259si, D\u00fcnya Bank\u0131 Qrupunun \u201c\u018flveri\u015fli Biznes M\u00fchiti\u201d layih\u0259sinin indikatorlar\u0131 \u00fczr\u0259 g\u00f6r\u00fclm\u00fc\u015f i\u015fl\u0259r, icra olunmal\u0131 t\u0259dbirl\u0259r v\u0259 dig\u0259r cari m\u0259s\u0259l\u0259l\u0259r m\u00fczakir\u0259 olunub.<\/p>\n<p>\u0130clasda iqtisadiyyat naziri Mikay\u0131l Cabbarovun m\u0259ruz\u0259si v\u0259 \u201cBiznes m\u00fchiti v\u0259 beyn\u0259lxalq reytinql\u0259r \u00fczr\u0259 Komissiya\u201dn\u0131n Katibliyinin hesabat\u0131 dinl\u0259nilib.<\/p>\n<p>\u0130clas\u0131n yekununda m\u00fczakir\u0259 olunan m\u0259s\u0259l\u0259l\u0259r bar\u0259d\u0259 q\u0259rarlar q\u0259bul olunub v\u0259 aidiyy\u0259ti qurumlara m\u00fcvafiq tap\u015f\u0131r\u0131qlar verilib.<\/p>\n<p>&nbsp;<\/p>\n<div class=\"gallery\">\n<div class=\"gallery-i\"><img src=\"https:\/\/cdn.oxu.az\/uploads\/W1siZiIsIjIwMjMvMDUvMjQvMTkvMzMvMjMvOGVhNDU5NTAtZWYxMS00MjdjLWIwMzMtNzJiMTE5MTIyMDFlLzE2ODQ5NDIwMzcxMDEwMDMyNDA4XzEwMDB4NjY5LmpwZyJdLFsicCIsImVuY29kZSIsImpwZyIsIi1xdWFsaXR5IDgwIl0sWyJwIiwidGh1bWIiLCI1OTB4NTkwXHUwMDNlIl1d?sha=f4618df43c092fe0\" alt=\"\" \/><\/div>\n<\/div>\n","protected":false},"excerpt":{"rendered":"<p>Az\u0259rbaycan Respublikas\u0131 \u0130qtisadi \u015euras\u0131n\u0131n n\u00f6vb\u0259ti iclas\u0131 ke\u00e7irilib. Bu bar\u0259d\u0259 Nazirl\u0259r Kabineti m\u0259lumat yay\u0131b. Bildirilib ki, \u0130qtisadi \u015euras\u0131n\u0131n s\u0259dri, Ba\u015f nazir \u018fli \u018fs\u0259dovun r\u0259hb\u0259rliyi il\u0259 ke\u00e7iril\u0259n iclas\u0131n g\u00fcnd\u0259liyind\u0259 cari ilin \u00f6t\u0259n d\u00f6vr\u00fcnd\u0259 iqtisadi v\u0259ziyy\u0259t, qlobal v\u0259 regional iqtisadi proqnozlar, Az\u0259rbaycanda 2023-c\u00fc il v\u0259 ortam\u00fcdd\u0259tli d\u00f6vr \u00fc\u00e7\u00fcn sosial-iqtisadi art\u0131m proqnozlar\u0131, o c\u00fcml\u0259d\u0259n neft-qaz sektorunun proqnozlar\u0131, habel\u0259 vergi inzibat\u00e7\u0131l\u0131\u011f\u0131n\u0131n t\u0259kmill\u0259\u015fdirilm\u0259si, investisiya t\u0259\u015fviqi v\u0259 iqtisadi sah\u0259d\u0259 \u015f\u0259ffafl\u0131\u011f\u0131n t\u0259min edilm\u0259si il\u0259 ba\u011fl\u0131 d\u0259yi\u015fiklikl\u0259rin layih\u0259si, D\u00fcnya Bank\u0131 Qrupunun \u201c\u018flveri\u015fli Biznes M\u00fchiti\u201d layih\u0259sinin indikatorlar\u0131 \u00fczr\u0259 g\u00f6r\u00fclm\u00fc\u015f i\u015fl\u0259r, icra olunmal\u0131 t\u0259dbirl\u0259r v\u0259 dig\u0259r cari m\u0259s\u0259l\u0259l\u0259r m\u00fczakir\u0259 olunub. \u0130clasda&hellip;<\/p>\n","protected":false},"author":2,"featured_media":601973,"comment_status":"closed","ping_status":"closed","sticky":false,"template":"","format":"standard","meta":{"om_disable_all_campaigns":false,"_monsterinsights_skip_tracking":false,"_monsterinsights_sitenote_active":false,"_monsterinsights_sitenote_note":"","_monsterinsights_sitenote_category":0},"categories":[26],"tags":[],"aioseo_notices":[],"gutentor_comment":0,"rttpg_featured_image_url":{"full":["https:\/\/arantv.az\/wp-content\/uploads\/2023\/05\/16849420372304111991_1000x669.jpg",620,413,false],"landscape":["https:\/\/arantv.az\/wp-content\/uploads\/2023\/05\/16849420372304111991_1000x669.jpg",620,413,false],"portraits":["https:\/\/arantv.az\/wp-content\/uploads\/2023\/05\/16849420372304111991_1000x669.jpg",620,413,false],"thumbnail":["https:\/\/arantv.az\/wp-content\/uploads\/2023\/05\/16849420372304111991_1000x669-500x280.jpg",500,280,true],"medium":["https:\/\/arantv.az\/wp-content\/uploads\/2023\/05\/16849420372304111991_1000x669-548x365.jpg",548,365,true],"large":["https:\/\/arantv.az\/wp-content\/uploads\/2023\/05\/16849420372304111991_1000x669.jpg",620,413,false],"1536x1536":["https:\/\/arantv.az\/wp-content\/uploads\/2023\/05\/16849420372304111991_1000x669.jpg",620,413,false],"2048x2048":["https:\/\/arantv.az\/wp-content\/uploads\/2023\/05\/16849420372304111991_1000x669.jpg",620,413,false],"post-thumbnail":["https:\/\/arantv.az\/wp-content\/uploads\/2023\/05\/16849420372304111991_1000x669-240x172.jpg",240,172,true],"advps-thumb-one":["https:\/\/arantv.az\/wp-content\/uploads\/2023\/05\/16849420372304111991_1000x669.jpg",620,413,false]},"rttpg_author":{"display_name":"V\u00fcsal Rafiqo\u011flu","author_link":"https:\/\/arantv.az\/?author=2"},"rttpg_comment":0,"rttpg_category":"<a href=\"https:\/\/arantv.az\/?cat=26\" rel=\"category\">Sosial<\/a>","rttpg_excerpt":"Az\u0259rbaycan Respublikas\u0131 \u0130qtisadi \u015euras\u0131n\u0131n n\u00f6vb\u0259ti iclas\u0131 ke\u00e7irilib. Bu bar\u0259d\u0259 Nazirl\u0259r Kabineti m\u0259lumat yay\u0131b. Bildirilib ki, \u0130qtisadi \u015euras\u0131n\u0131n s\u0259dri, Ba\u015f nazir \u018fli \u018fs\u0259dovun r\u0259hb\u0259rliyi il\u0259 ke\u00e7iril\u0259n iclas\u0131n g\u00fcnd\u0259liyind\u0259 cari ilin \u00f6t\u0259n d\u00f6vr\u00fcnd\u0259 iqtisadi v\u0259ziyy\u0259t, qlobal v\u0259 regional iqtisadi proqnozlar, Az\u0259rbaycanda 2023-c\u00fc il v\u0259 ortam\u00fcdd\u0259tli d\u00f6vr \u00fc\u00e7\u00fcn sosial-iqtisadi art\u0131m proqnozlar\u0131, o c\u00fcml\u0259d\u0259n neft-qaz sektorunun proqnozlar\u0131, habel\u0259 vergi&hellip;","_links":{"self":[{"href":"https:\/\/arantv.az\/index.php?rest_route=\/wp\/v2\/posts\/601972"}],"collection":[{"href":"https:\/\/arantv.az\/index.php?rest_route=\/wp\/v2\/posts"}],"about":[{"href":"https:\/\/arantv.az\/index.php?rest_route=\/wp\/v2\/types\/post"}],"author":[{"embeddable":true,"href":"https:\/\/arantv.az\/index.php?rest_route=\/wp\/v2\/users\/2"}],"replies":[{"embeddable":true,"href":"https:\/\/arantv.az\/index.php?rest_route=%2Fwp%2Fv2%2Fcomments&post=601972"}],"version-history":[{"count":0,"href":"https:\/\/arantv.az\/index.php?rest_route=\/wp\/v2\/posts\/601972\/revisions"}],"wp:featuredmedia":[{"embeddable":true,"href":"https:\/\/arantv.az\/index.php?rest_route=\/wp\/v2\/media\/601973"}],"wp:attachment":[{"href":"https:\/\/arantv.az\/index.php?rest_route=%2Fwp%2Fv2%2Fmedia&parent=601972"}],"wp:term":[{"taxonomy":"category","embeddable":true,"href":"https:\/\/arantv.az\/index.php?rest_route=%2Fwp%2Fv2%2Fcategories&post=601972"},{"taxonomy":"post_tag","embeddable":true,"href":"https:\/\/arantv.az\/index.php?rest_route=%2Fwp%2Fv2%2Ftags&post=601972"}],"curies":[{"name":"wp","href":"https:\/\/api.w.org\/{rel}","templated":true}]}}