{"id":601975,"date":"2023-05-24T19:39:39","date_gmt":"2023-05-24T15:39:39","guid":{"rendered":"https:\/\/arantv.az\/?p=601975"},"modified":"2023-05-24T19:39:39","modified_gmt":"2023-05-24T15:39:39","slug":"pasinyan-erm%c9%99nistan-v%c9%99-az%c9%99rbaycan-h%c9%99l%c9%99-sovet-dovrund%c9%99n-qalan-anklavlar-m%c9%99s%c9%99l%c9%99sind%c9%99-raziliga-g%c9%99lm%c9%99yib","status":"publish","type":"post","link":"https:\/\/arantv.az\/?p=601975","title":{"rendered":"Pa\u015finyan: \u201cErm\u0259nistan v\u0259 Az\u0259rbaycan h\u0259l\u0259 sovet d\u00f6vr\u00fcnd\u0259n qalan anklavlar m\u0259s\u0259l\u0259sind\u0259 raz\u0131l\u0131\u011fa g\u0259lm\u0259yib\u201d"},"content":{"rendered":"<p>Erm\u0259nistan v\u0259 Az\u0259rbaycan s\u00fclh m\u00fcqavil\u0259si layih\u0259sinin b\u0259zi b\u0259ndl\u0259ri \u00fczr\u0259 raz\u0131l\u0131\u011fa g\u0259l\u0259 bilib, lakin sovet d\u00f6vr\u00fcnd\u0259n qalan anklavlar\u0131n m\u00fclkiyy\u0259t m\u0259s\u0259l\u0259si h\u0259ll olunmam\u0131\u015f qal\u0131r.<\/p>\n<p>Bu bar\u0259d\u0259 \u00e7\u0259r\u015f\u0259nb\u0259 g\u00fcn\u00fc Erm\u0259nistan\u0131n ba\u015f naziri Nikol Pa\u015finyan parlamentd\u0259 bildirib.<\/p>\n<p>\u201cBildiyiniz kimi, bizim raz\u0131la\u015fd\u0131\u011f\u0131m\u0131z m\u0259s\u0259l\u0259l\u0259r var, lakin anklavlar m\u0259s\u0259l\u0259si h\u0259l\u0259 raz\u0131la\u015fd\u0131r\u0131lmay\u0131b, b\u00fct\u00fcn variantlar m\u00fczakir\u0259 olunur\u201d, &#8211;\u00a0 ba\u015f nazir b\u0259yan edib.<\/p>\n<p>Pa\u015finyan\u0131n s\u00f6zl\u0259rin\u0259 g\u00f6r\u0259, t\u0259r\u0259fl\u0259r bu m\u0259s\u0259l\u0259 il\u0259 ba\u011fl\u0131 dan\u0131\u015f\u0131qlar apar\u0131r v\u0259 \u201cm\u00fcmk\u00fcn h\u0259ll yollar\u0131ndan biri anklavlar\u0131n haz\u0131rda olduqlar\u0131 \u00f6lk\u0259nin bir hiss\u0259si kimi tan\u0131nmas\u0131d\u0131r\u201d.<\/p>\n<p>M\u0259nb\u0259: TASS<\/p>\n","protected":false},"excerpt":{"rendered":"<p>Erm\u0259nistan v\u0259 Az\u0259rbaycan s\u00fclh m\u00fcqavil\u0259si layih\u0259sinin b\u0259zi b\u0259ndl\u0259ri \u00fczr\u0259 raz\u0131l\u0131\u011fa g\u0259l\u0259 bilib, lakin sovet d\u00f6vr\u00fcnd\u0259n qalan anklavlar\u0131n m\u00fclkiyy\u0259t m\u0259s\u0259l\u0259si h\u0259ll olunmam\u0131\u015f qal\u0131r. Bu bar\u0259d\u0259 \u00e7\u0259r\u015f\u0259nb\u0259 g\u00fcn\u00fc Erm\u0259nistan\u0131n ba\u015f naziri Nikol Pa\u015finyan parlamentd\u0259 bildirib. \u201cBildiyiniz kimi, bizim raz\u0131la\u015fd\u0131\u011f\u0131m\u0131z m\u0259s\u0259l\u0259l\u0259r var, lakin anklavlar m\u0259s\u0259l\u0259si h\u0259l\u0259 raz\u0131la\u015fd\u0131r\u0131lmay\u0131b, b\u00fct\u00fcn variantlar m\u00fczakir\u0259 olunur\u201d, &#8211;\u00a0 ba\u015f nazir b\u0259yan edib. Pa\u015finyan\u0131n s\u00f6zl\u0259rin\u0259 g\u00f6r\u0259, t\u0259r\u0259fl\u0259r bu m\u0259s\u0259l\u0259 il\u0259 ba\u011fl\u0131 dan\u0131\u015f\u0131qlar apar\u0131r v\u0259 \u201cm\u00fcmk\u00fcn h\u0259ll yollar\u0131ndan biri anklavlar\u0131n haz\u0131rda olduqlar\u0131 \u00f6lk\u0259nin bir hiss\u0259si kimi tan\u0131nmas\u0131d\u0131r\u201d. M\u0259nb\u0259: TASS<\/p>\n","protected":false},"author":2,"featured_media":601976,"comment_status":"closed","ping_status":"closed","sticky":false,"template":"","format":"standard","meta":{"om_disable_all_campaigns":false,"_monsterinsights_skip_tracking":false,"_monsterinsights_sitenote_active":false,"_monsterinsights_sitenote_note":"","_monsterinsights_sitenote_category":0},"categories":[7],"tags":[],"aioseo_notices":[],"gutentor_comment":0,"rttpg_featured_image_url":{"full":["https:\/\/arantv.az\/wp-content\/uploads\/2023\/05\/2021-05-10T122023Z_44458278_RC20DN9HS8JR_RTRMADP_3_ARMENIA-PARLIAMENT-pic_32ratio_1200x800-1200x800-37946.jpg",620,413,false],"landscape":["https:\/\/arantv.az\/wp-content\/uploads\/2023\/05\/2021-05-10T122023Z_44458278_RC20DN9HS8JR_RTRMADP_3_ARMENIA-PARLIAMENT-pic_32ratio_1200x800-1200x800-37946.jpg",620,413,false],"portraits":["https:\/\/arantv.az\/wp-content\/uploads\/2023\/05\/2021-05-10T122023Z_44458278_RC20DN9HS8JR_RTRMADP_3_ARMENIA-PARLIAMENT-pic_32ratio_1200x800-1200x800-37946.jpg",620,413,false],"thumbnail":["https:\/\/arantv.az\/wp-content\/uploads\/2023\/05\/2021-05-10T122023Z_44458278_RC20DN9HS8JR_RTRMADP_3_ARMENIA-PARLIAMENT-pic_32ratio_1200x800-1200x800-37946-500x280.jpg",500,280,true],"medium":["https:\/\/arantv.az\/wp-content\/uploads\/2023\/05\/2021-05-10T122023Z_44458278_RC20DN9HS8JR_RTRMADP_3_ARMENIA-PARLIAMENT-pic_32ratio_1200x800-1200x800-37946-548x365.jpg",548,365,true],"large":["https:\/\/arantv.az\/wp-content\/uploads\/2023\/05\/2021-05-10T122023Z_44458278_RC20DN9HS8JR_RTRMADP_3_ARMENIA-PARLIAMENT-pic_32ratio_1200x800-1200x800-37946.jpg",620,413,false],"1536x1536":["https:\/\/arantv.az\/wp-content\/uploads\/2023\/05\/2021-05-10T122023Z_44458278_RC20DN9HS8JR_RTRMADP_3_ARMENIA-PARLIAMENT-pic_32ratio_1200x800-1200x800-37946.jpg",620,413,false],"2048x2048":["https:\/\/arantv.az\/wp-content\/uploads\/2023\/05\/2021-05-10T122023Z_44458278_RC20DN9HS8JR_RTRMADP_3_ARMENIA-PARLIAMENT-pic_32ratio_1200x800-1200x800-37946.jpg",620,413,false],"post-thumbnail":["https:\/\/arantv.az\/wp-content\/uploads\/2023\/05\/2021-05-10T122023Z_44458278_RC20DN9HS8JR_RTRMADP_3_ARMENIA-PARLIAMENT-pic_32ratio_1200x800-1200x800-37946-240x172.jpg",240,172,true],"advps-thumb-one":["https:\/\/arantv.az\/wp-content\/uploads\/2023\/05\/2021-05-10T122023Z_44458278_RC20DN9HS8JR_RTRMADP_3_ARMENIA-PARLIAMENT-pic_32ratio_1200x800-1200x800-37946.jpg",620,413,false]},"rttpg_author":{"display_name":"V\u00fcsal Rafiqo\u011flu","author_link":"https:\/\/arantv.az\/?author=2"},"rttpg_comment":0,"rttpg_category":"<a href=\"https:\/\/arantv.az\/?cat=7\" rel=\"category\">D\u00fcnya<\/a>","rttpg_excerpt":"Erm\u0259nistan v\u0259 Az\u0259rbaycan s\u00fclh m\u00fcqavil\u0259si layih\u0259sinin b\u0259zi b\u0259ndl\u0259ri \u00fczr\u0259 raz\u0131l\u0131\u011fa g\u0259l\u0259 bilib, lakin sovet d\u00f6vr\u00fcnd\u0259n qalan anklavlar\u0131n m\u00fclkiyy\u0259t m\u0259s\u0259l\u0259si h\u0259ll olunmam\u0131\u015f qal\u0131r. Bu bar\u0259d\u0259 \u00e7\u0259r\u015f\u0259nb\u0259 g\u00fcn\u00fc Erm\u0259nistan\u0131n ba\u015f naziri Nikol Pa\u015finyan parlamentd\u0259 bildirib. \u201cBildiyiniz kimi, bizim raz\u0131la\u015fd\u0131\u011f\u0131m\u0131z m\u0259s\u0259l\u0259l\u0259r var, lakin anklavlar m\u0259s\u0259l\u0259si h\u0259l\u0259 raz\u0131la\u015fd\u0131r\u0131lmay\u0131b, b\u00fct\u00fcn variantlar m\u00fczakir\u0259 olunur\u201d, &#8211;\u00a0 ba\u015f nazir b\u0259yan edib. Pa\u015finyan\u0131n s\u00f6zl\u0259rin\u0259&hellip;","_links":{"self":[{"href":"https:\/\/arantv.az\/index.php?rest_route=\/wp\/v2\/posts\/601975"}],"collection":[{"href":"https:\/\/arantv.az\/index.php?rest_route=\/wp\/v2\/posts"}],"about":[{"href":"https:\/\/arantv.az\/index.php?rest_route=\/wp\/v2\/types\/post"}],"author":[{"embeddable":true,"href":"https:\/\/arantv.az\/index.php?rest_route=\/wp\/v2\/users\/2"}],"replies":[{"embeddable":true,"href":"https:\/\/arantv.az\/index.php?rest_route=%2Fwp%2Fv2%2Fcomments&post=601975"}],"version-history":[{"count":0,"href":"https:\/\/arantv.az\/index.php?rest_route=\/wp\/v2\/posts\/601975\/revisions"}],"wp:featuredmedia":[{"embeddable":true,"href":"https:\/\/arantv.az\/index.php?rest_route=\/wp\/v2\/media\/601976"}],"wp:attachment":[{"href":"https:\/\/arantv.az\/index.php?rest_route=%2Fwp%2Fv2%2Fmedia&parent=601975"}],"wp:term":[{"taxonomy":"category","embeddable":true,"href":"https:\/\/arantv.az\/index.php?rest_route=%2Fwp%2Fv2%2Fcategories&post=601975"},{"taxonomy":"post_tag","embeddable":true,"href":"https:\/\/arantv.az\/index.php?rest_route=%2Fwp%2Fv2%2Ftags&post=601975"}],"curies":[{"name":"wp","href":"https:\/\/api.w.org\/{rel}","templated":true}]}}