{"id":602046,"date":"2023-05-25T09:42:16","date_gmt":"2023-05-25T05:42:16","guid":{"rendered":"https:\/\/arantv.az\/?p=602046"},"modified":"2023-05-25T09:42:16","modified_gmt":"2023-05-25T05:42:16","slug":"tarixi-z%c9%99f%c9%99rimiz-q%c9%99hr%c9%99manliq-dastanidir","status":"publish","type":"post","link":"https:\/\/arantv.az\/?p=602046","title":{"rendered":"Tarixi Z\u0259f\u0259rimiz q\u0259hr\u0259manl\u0131q dastan\u0131d\u0131r"},"content":{"rendered":"<p><u><strong>28 May &#8211; M\u00fcst\u0259qillik G\u00fcn\u00fcd\u00fcr<\/strong><\/u><\/p>\n<p><em><strong>105 illik m\u00fcst\u0259qillik tariximizin s\u0259hif\u0259l\u0259rini v\u0259r\u0259ql\u0259dikc\u0259 xalq\u0131m\u0131z\u0131n yenilm\u0259zliyi, m\u0259\u011frurlu\u011fu, tarixin\u0259 sahib \u00e7\u0131xmas\u0131 h\u0259r bir az\u0259rbaycanl\u0131da q\u00fcrur hissi yarad\u0131r<\/strong><\/em><\/p>\n<p>2020-ci il Az\u0259rbaycan\u0131n \u00e7ox\u0259srlik tarixin\u0259 Z\u0259f\u0259r ili kimi yaz\u0131ld\u0131. M\u00fcst\u0259qilliyimizin b\u0259rpas\u0131n\u0131n 27 ili torpaqlar\u0131m\u0131z\u0131n i\u015f\u011faldan azad edilm\u0259si \u00fc\u00e7\u00fcn haz\u0131rl\u0131q i\u015fl\u0259rin\u0259 y\u00f6n\u0259ldildi. Bu ill\u0259r \u0259rzind\u0259 h\u0259r bir tarixi g\u00fcn\u00fc, bayram\u0131 qeyd ed\u0259rk\u0259n bu arzu ifad\u0259 edilirdi ki, tezlikl\u0259 torpaqlar\u0131m\u0131z i\u015f\u011fal\u00e7\u0131lardan t\u0259mizl\u0259nsin, v\u0259t\u0259nda\u015flar\u0131n pozulmu\u015f h\u00fcquqlar\u0131 b\u0259rpa edilsin, soyda\u015flar\u0131m\u0131z do\u011fma yurd-yuvalar\u0131na qay\u0131ts\u0131nlar. M\u00fcst\u0259qilliyimizin b\u0259rpas\u0131n\u0131n 30-cu il d\u00f6n\u00fcm\u00fcn\u00fc torpaqlar\u0131m\u0131z\u0131n tarixi sahibin\u0259 qovu\u015fmas\u0131, qalibiyy\u0259timiz ruhunda qeyd etdik. T\u0259bii ki, bunlar\u0131 qeyd etm\u0259kd\u0259 m\u0259qs\u0259dimiz s\u0259b\u0259bsiz deyil. B\u00fct\u00fcn bunlar\u0131n fonunda d\u00f6vl\u0259t\u00e7ilik tariximizd\u0259 m\u00fcst\u0259sna \u0259h\u0259miyy\u0259tli m\u0259rh\u0259l\u0259l\u0259rin, x\u00fcsus\u0259n m\u00fcst\u0259qilliyin \u0259ld\u0259 edilm\u0259si v\u0259 b\u0259rpas\u0131 kimi tarixi g\u00fcnl\u0259rin onlar\u0131n mahiyy\u0259ti v\u0259 m\u0259zmununa uy\u011fun daha d\u0259qiq ifad\u0259 olunmas\u0131 b\u00f6y\u00fck \u00f6n\u0259m k\u0259sb etdi. D\u00f6vl\u0259t ba\u015f\u00e7\u0131s\u0131 \u0130lham \u018fliyevin 15 oktyabr 2021-ci ild\u0259 t\u0259sdiql\u0259diyi \u00abM\u00fcst\u0259qillik G\u00fcn\u00fc haqq\u0131nda\u00bb Az\u0259rbaycan Respublikas\u0131n\u0131n Qanununda da bu m\u00fch\u00fcm m\u0259qamlar \u00f6z \u0259ksini tap\u0131b.<\/p>\n<p>1918-ci il may\u0131n 28-d\u0259 Az\u0259rbaycan Xalq C\u00fcmhuriyy\u0259tinin Milli \u015euras\u0131 \u0130stiqlal B\u0259yannam\u0259sini imzalamaqla Az\u0259rbaycan\u0131n m\u00fcst\u0259qilliyini d\u00fcnyaya b\u0259yan etmi\u015f, xalq\u0131m\u0131z\u0131n \u00e7ox\u0259srlik d\u00f6vl\u0259t\u00e7ilik \u0259n\u0259n\u0259l\u0259rini davam etdirmi\u015fdir. Q\u0131sa d\u00f6vr \u0259rzind\u0259 Az\u0259rbaycan\u0131n ilk parlamenti, h\u00f6kum\u0259ti yarad\u0131lm\u0131\u015f, d\u00f6vl\u0259t atributlar\u0131 t\u0259sis olunmu\u015f, s\u0259rh\u0259dl\u0259ri m\u00fc\u0259yy\u0259n edilmi\u015f, d\u00f6vl\u0259t quruculu\u011fu sah\u0259sind\u0259 m\u00fch\u00fcm t\u0259dbirl\u0259r h\u0259yata ke\u00e7irilmi\u015f, C\u00fcmhuriyy\u0259tin beyn\u0259lxalq m\u00fcnasib\u0259tl\u0259r sisteminin subyekti kimi tan\u0131nmas\u0131, diplomatik m\u00fcst\u0259vid\u0259 milli maraqlar\u0131n qorunmas\u0131 istiqam\u0259tind\u0259 m\u00fch\u00fcm add\u0131mlar at\u0131lm\u0131\u015fd\u0131r. Yeni f\u0259aliyy\u0259t\u0259 ba\u015flam\u0131\u015f parlamentin q\u0259bul etdiyi qanunlar milli m\u00fcst\u0259qilliyin m\u00f6hk\u0259ml\u0259ndirilm\u0259sind\u0259, \u00f6lk\u0259d\u0259 siyasi, iqtisadi v\u0259 m\u0259d\u0259ni inki\u015faf\u0131n t\u0259min olunmas\u0131nda, demokratik prinsipl\u0259rin t\u0259sbit edilm\u0259sind\u0259 \u0259sasl\u0131 rol oynam\u0131\u015fd\u0131r. C\u0259mi 23 ay m\u00f6vcud olmu\u015f Az\u0259rbaycan Xalq C\u00fcmhuriyy\u0259ti m\u00fcs\u0259lman \u015e\u0259rqind\u0259 demokratiya \u0259n\u0259n\u0259l\u0259rinin formala\u015fmas\u0131na \u0259h\u0259miyy\u0259tli t\u0259sir g\u00f6st\u0259rmi\u015fdir.<\/p>\n<p>1991-ci il oktyabr\u0131n 18-d\u0259 \u201cAz\u0259rbaycan Respublikas\u0131n\u0131n d\u00f6vl\u0259t m\u00fcst\u0259qilliyi haqq\u0131nda\u201d Konstitusiya Akt\u0131 q\u0259bul olunmu\u015fdur. Konstitusiya Akt\u0131nda 1918-ci il 28 may tarixli \u0130stiqlal B\u0259yannam\u0259sin\u0259 v\u0259 \u201cAz\u0259rbaycan Respublikas\u0131n\u0131n d\u00f6vl\u0259t m\u00fcst\u0259qilliyini b\u0259rpa etm\u0259k haqq\u0131nda\u201d Az\u0259rbaycan Respublikas\u0131 Ali Sovetinin 1991-ci il 30 avqust tarixli B\u0259yannam\u0259sin\u0259 istinad olunmu\u015f, Az\u0259rbaycan Respublikas\u0131n\u0131n Az\u0259rbaycan Xalq C\u00fcmhuriyy\u0259tinin varisi oldu\u011fu t\u0259sbit edilmi\u015fdir. Bel\u0259likl\u0259, \u201cAz\u0259rbaycan Respublikas\u0131n\u0131n d\u00f6vl\u0259t m\u00fcst\u0259qilliyi haqq\u0131nda\u201d Konstitusiya Akt\u0131na \u0259sas\u0259n Az\u0259rbaycan xalq\u0131 1991-ci il oktyabr\u0131n 18-d\u0259 \u00f6z m\u00fcst\u0259qilliyini b\u0259rpa etmi\u015fdir. Konstitusiyan\u0131n 94-c\u00fc madd\u0259sinin I hiss\u0259sinin 1-ci b\u0259ndin\u0259 \u0259sas\u0259n Milli M\u0259clis 1918-ci il may\u0131n 28-d\u0259 \u0130stiqlal B\u0259yannam\u0259si il\u0259 Az\u0259rbaycan Respublikas\u0131n\u0131n d\u00f6vl\u0259t m\u00fcst\u0259qilliyinin elan olundu\u011fu, 1991-ci il oktyabr\u0131n 18-d\u0259 is\u0259 \u201cAz\u0259rbaycan Respublikas\u0131n\u0131n d\u00f6vl\u0259t m\u00fcst\u0259qilliyi haqq\u0131nda\u201d Konstitusiya Akt\u0131 il\u0259 Az\u0259rbaycan\u0131n d\u00f6vl\u0259t m\u00fcst\u0259qilliyinin b\u0259rpa edildiyini n\u0259z\u0259r\u0259 al\u0131naraq q\u0259rara al\u0131nd\u0131 ki, may\u0131n 28-i M\u00fcst\u0259qillik G\u00fcn\u00fc, oktyabr\u0131n 18-i is\u0259 M\u00fcst\u0259qilliyin B\u0259rpas\u0131 G\u00fcn\u00fc elan edilsin.<\/p>\n<p>\u018fb\u0259s yer\u0259 deyilmir ki, tarixin\u0259 sahib \u00e7\u0131xan xalq yenilm\u0259zdir. D\u00f6vl\u0259timizin ba\u015f\u00e7\u0131s\u0131 \u0130lham \u018fliyevin S\u0259r\u0259ncam\u0131 \u0259sas\u0131nda 2018-ci ilin \u00f6lk\u0259mizd\u0259 \u00abAz\u0259rbaycan Xalq C\u00fcmhuriyy\u0259ti \u0130li\u00bb elan edilm\u0259si tarixi paralell\u0259r fonunda m\u00fcst\u0259qillik tariximizin v\u0259r\u0259ql\u0259nm\u0259sind\u0259, h\u0259r bir s\u0259hif\u0259sinin oxunmas\u0131nda, m\u00fcst\u0259qillik yolumuzun he\u00e7 d\u0259 hamar olmad\u0131\u011f\u0131n\u0131 indiki v\u0259 g\u0259l\u0259c\u0259k n\u0259sill\u0259r\u0259 \u00e7atd\u0131r\u0131lmas\u0131nda m\u00fch\u00fcm rol oynad\u0131. Bu reall\u0131q x\u00fcsusi vur\u011fulanmal\u0131d\u0131r ki, Az\u0259rbaycan Xalq C\u00fcmhuriyy\u0259ti d\u00f6vr\u00fcnd\u0259 h\u0259yata ke\u00e7iril\u0259n t\u0259dbirl\u0259r m\u00fcst\u0259qil d\u00f6vl\u0259t\u00e7iliyimizin \u0259saslar\u0131n\u0131n yarad\u0131lmas\u0131 v\u0259 g\u0259l\u0259c\u0259k inki\u015faf yolunun m\u00fc\u0259yy\u0259nl\u0259\u015fdirilm\u0259si bax\u0131m\u0131ndan m\u00fch\u00fcm \u0259h\u0259miyy\u0259t k\u0259sb etdi. Demokratik c\u0259miyy\u0259tin, insan h\u00fcquq v\u0259 azadl\u0131qlar\u0131n\u0131n b\u0259rq\u0259rar olmas\u0131, etnik v\u0259 dini m\u0259nsubiyy\u0259td\u0259n as\u0131l\u0131 olmayaraq b\u00fct\u00fcn v\u0259t\u0259nda\u015flar\u0131n b\u0259rab\u0259r h\u00fcquqlar\u0131n\u0131n tan\u0131nmas\u0131, h\u0259tta bir \u00e7ox Avropa \u00f6lk\u0259l\u0259rind\u0259n daha \u0259vv\u0259l qad\u0131nlara se\u00e7ki h\u00fcququnun verilm\u0259si, Az\u0259rbaycan dilinin d\u00f6vl\u0259t dili elan edilm\u0259si, nizami milli ordunun, t\u0259hl\u00fck\u0259sizlik strukturlar\u0131n\u0131n qurulmas\u0131 v\u0259 sair kimi m\u00fch\u00fcm i\u015fl\u0259r Xalq C\u00fcmhuriyy\u0259ti h\u00f6kum\u0259tinin y\u00fcr\u00fctd\u00fcy\u00fc siyas\u0259tin miqyas\u0131n\u0131, mahiyy\u0259t v\u0259 m\u0259nas\u0131n\u0131 \u0259yani \u015f\u0259kild\u0259 s\u0259ciyy\u0259l\u0259ndirir. Ancaq b\u00fct\u00fcn bunlara baxmayaraq, 105 il bundan \u0259vv\u0259l elan edilm\u0259si m\u00fcst\u0259qil Az\u0259rbaycan\u0131n taleyin\u0259 uzun\u00f6m\u00fcrl\u00fcl\u00fck yaz\u0131lmad\u0131. M\u00fcxt\u0259lif maraqlarla \u00f6lk\u0259y\u0259 y\u00fcr\u00fc\u015f ed\u0259n xarici h\u0259rbi q\u00fcvv\u0259l\u0259rin \u00e7oxsayl\u0131 t\u0259zyiql\u0259ri n\u0259tic\u0259sind\u0259 g\u0259nc d\u00f6vl\u0259tin parlamenti 1920-ci il aprelin 27-d\u0259 h\u00f6kum\u0259ti t\u0259hvil verdi. Bel\u0259likl\u0259, Az\u0259rbaycan Xalq C\u00fcmhuriyy\u0259tinin 23 ayl\u0131q \u00f6mr\u00fcn\u0259 son qoyuldu.<\/p>\n<p>Lakin azad, m\u00fcst\u0259qil ya\u015famaq ist\u0259yi olan bir xalq\u0131 he\u00e7 k\u0259s k\u00f6l\u0259likd\u0259 saxlaya bilm\u0259z. 1918-ci ilin may\u0131ndan 70 il sonra Az\u0259rbaycan xalq\u0131n\u0131n azadl\u0131q ist\u0259yi daha da alovland\u0131, yenid\u0259n aya\u011fa qalxd\u0131, m\u00fcst\u0259qilliyini t\u0259l\u0259b etdi. Bu yolda m\u0259hrumiyy\u0259tl\u0259r\u0259 d\u00fc\u00e7ar edildi, \u015f\u0259hidl\u0259r verdi, lakin yolundan d\u00f6nm\u0259di. 1991-ci il oktyabr\u0131n 18-d\u0259 Az\u0259rbaycan \u00f6z d\u00f6vl\u0259t m\u00fcst\u0259qilliyini yenid\u0259n b\u0259rpa etdi. Xalq\u0131m\u0131z bu sevinci d\u0259 \u00e7ox ya\u015faya bilm\u0259di. Bel\u0259 ki, m\u00fcst\u0259qilliyimizin ilk ill\u0259rind\u0259 \u00f6lk\u0259miz\u0259 r\u0259hb\u0259rlik ed\u0259nl\u0259rin s\u0259ri\u015ft\u0259sizliyi, idar\u0259\u00e7ilik qabiliyy\u0259tl\u0259rinin yoxlu\u011fu, \u015f\u0259xsi ambisiyalar\u0131n\u0131 d\u00f6vl\u0259t maraqlar\u0131ndan \u00fcst\u00fcn tutmalar\u0131 \u00f6lk\u0259d\u0259 ictimai-siyasi durumun g\u0259rginl\u0259\u015fm\u0259sin\u0259, xaosun, anarxiyan\u0131n, \u00f6zba\u015f\u0131nal\u0131qlar\u0131n ba\u015f al\u0131b getm\u0259sin\u0259 s\u0259b\u0259b olmu\u015fdu. \u00d6lk\u0259 v\u0259t\u0259nda\u015f qar\u015f\u0131durmas\u0131n\u0131 ya\u015fay\u0131r, sabaha olan \u00fcmidl\u0259r tamamil\u0259 itirdi. M\u00fcst\u0259qilliyini, bir d\u00f6vl\u0259t olaraq varl\u0131\u011f\u0131n\u0131 itirm\u0259k t\u0259hl\u00fck\u0259sini ya\u015fayan Az\u0259rbaycan\u0131 bu \u00e7\u0259tin v\u0259ziyy\u0259td\u0259n xilaskar\u0131 Ulu \u00d6nd\u0259r Heyd\u0259r \u018fliyevin d\u00fc\u015f\u00fcn\u00fclm\u00fc\u015f v\u0259 m\u0259qs\u0259dy\u00f6nl\u00fc siyas\u0259ti, z\u0259ngin t\u0259cr\u00fcb\u0259si, idar\u0259\u00e7iliyi \u00e7\u0131xard\u0131. 1993-c\u00fc ild\u0259 xalq\u0131n t\u0259kidli t\u0259l\u0259bi il\u0259 \u00dcmummilli Lider Heyd\u0259r \u018fliyevin hakimiyy\u0259t\u0259 qay\u0131d\u0131\u015f\u0131 Az\u0259rbaycan\u0131n m\u00fcst\u0259qillik tarixinin yeni, parlaq s\u0259hif\u0259sini yazd\u0131. D\u00f6vl\u0259t ba\u015f\u00e7\u0131s\u0131 \u0130lham \u018fliyev \u00abBizim \u0259sl m\u00fcst\u0259qillik tariximiz Ulu \u00d6nd\u0259r Heyd\u0259r \u018fliyevin ad\u0131 il\u0259 ba\u011fl\u0131d\u0131r\u00bb s\u00f6yl\u0259y\u0259r\u0259k bildirir ki, \u00e7\u00fcnki ona q\u0259d\u0259r m\u00fcst\u0259qillik s\u00f6zd\u0259 var idi, amma faktiki olaraq yox idi. Az\u0259rbaycan m\u00fcst\u0259qil siyas\u0259t apara bilirdi? Yox! \u00d6z h\u00fcdudlar\u0131n\u0131 qoruya bilirdi? Yox! Beyn\u0259lxalq al\u0259md\u0259 \u00f6z s\u00f6z\u00fcn\u00fc dey\u0259 bilirdi? Yox! B\u0259s bu, n\u0259 m\u00fcst\u0259qillikdir?<\/p>\n<p>C\u0259nab \u0130lham \u018fliyev bu m\u0259qam\u0131 da vur\u011fulay\u0131r ki, \u0259lb\u0259tt\u0259 ki, o d\u00f6vr\u00fc d\u00fczg\u00fcn t\u0259hlil ed\u0259rk\u0259n biz g\u0259l\u0259c\u0259kd\u0259 d\u0259 \u00f6z\u00fcm\u00fcz\u00fc h\u0259r hans\u0131 bir riskl\u0259rd\u0259n s\u0131\u011fortalanm\u0131\u015f olar\u0131q: \u00abO d\u00f6vr\u00fc bilm\u0259y\u0259n, o vaxt ya\u015famayan g\u0259nc n\u0259sil bilm\u0259lidir ki, n\u0259yin bahas\u0131na biz m\u00fcst\u0259qilliyi qoruyub saxlaya bilmi\u015fik. Kim\u0259 biz borcluyuq. \u018fg\u0259r Heyd\u0259r \u018fliyev o vaxt hakimiyy\u0259t\u0259 g\u0259lm\u0259s\u0259ydi, bu g\u00fcn Az\u0259rbaycan b\u0259lk\u0259 d\u0259 ancaq kimins\u0259 \u0259linin alt\u0131nda bir oyuncaq d\u00f6vl\u0259t kimi, bir yar\u0131mm\u00fcst\u0259ml\u0259k\u0259 kimi ya\u015faya bil\u0259rdi.\u00bb<\/p>\n<p>Ulu \u00d6nd\u0259r m\u00fcst\u0259qil Az\u0259rbaycana r\u0259hb\u0259rlik etdiyi 1993-2003-c\u00fc ill\u0259r h\u0259lledici ill\u0259rdir. D\u00f6vl\u0259t\u00e7iliyin \u0259saslar\u0131 qoyuldu. Siyasi islahatlara start verildi, \u00e7oxpartiyal\u0131 sistem yarand\u0131. Az\u0259rbaycan beyn\u0259lxalq t\u0259cridd\u0259n xilas oldu. \u00d6lk\u0259miz\u0259 b\u00f6y\u00fck investisiyalar c\u0259lb edildi. Ordu quruculu\u011funa ba\u015flan\u0131ld\u0131. Nizami ordunun yarad\u0131lmas\u0131, kadrlar\u0131n yeti\u015fdirilm\u0259si istiqam\u0259tind\u0259 \u00f6n\u0259mli add\u0131mlar at\u0131ld\u0131. O kadrlar bu g\u00fcn d\u0259 \u00f6lk\u0259mizin m\u00fcxt\u0259lif sah\u0259l\u0259rind\u0259 \u00f6z t\u00f6hf\u0259l\u0259rini verirl\u0259r. M\u00fcasir m\u00fcst\u0259qil Az\u0259rbaycan he\u00e7 t\u0259sad\u00fcfi Heyd\u0259r \u018fliyevin \u015fah \u0259s\u0259ri adland\u0131r\u0131lm\u0131r. \u00dcmummilli Lider h\u0259l\u0259 1992-ci ild\u0259 xalq\u0131n b\u00f6y\u00fck \u0259ks\u0259riyy\u0259tinin istiy\u0259ni ifad\u0259 ed\u0259n 91 n\u0259f\u0259r ziyal\u0131n\u0131n Yeni Az\u0259rbaycan Partiyas\u0131n\u0131n yarad\u0131lmas\u0131 il\u0259 ba\u011fl\u0131 m\u00fcraci\u0259tin\u0259 cavab\u0131nda Az\u0259rbaycan\u0131n m\u00fcst\u0259qilliyini tarixi nailiyy\u0259timiz kimi d\u0259y\u0259rl\u0259ndir\u0259r\u0259k h\u0259r k\u0259si onun qoruma\u011fa \u00e7a\u011f\u0131rm\u0131\u015fd\u0131r. Dahi \u015f\u0259xsiyy\u0259tin aforizm\u0259 \u00e7evril\u0259n \u00abM\u00fcst\u0259qilliyin \u0259ld\u0259 olunmas\u0131 n\u0259 q\u0259d\u0259r \u00e7\u0259tindirs\u0259, onun saxlan\u0131lmas\u0131, daimi, \u0259b\u0259di olmas\u0131 bundan da \u00e7\u0259tindir\u00bb tezisi m\u00fcst\u0259qillik tariximizin ayr\u0131-ayr\u0131 m\u0259rh\u0259l\u0259l\u0259rini m\u00fcqayis\u0259 etdikd\u0259 daha ayd\u0131n g\u00f6r\u00fcr\u00fck. Reall\u0131q budur ki, 1993-c\u00fc ild\u0259 Ulu \u00d6nd\u0259r Heyd\u0259r \u018fliyev xalq\u0131n t\u0259kidli t\u0259l\u0259bi il\u0259 hakimiyy\u0259t\u0259 qay\u0131tmasayd\u0131, bu g\u00fcn Az\u0259rbaycan\u0131n hans\u0131 v\u0259ziyy\u0259td\u0259 oldu\u011funu d\u00fc\u015f\u00fcnm\u0259k \u00e7\u0259tin deyildi. \u00d6lk\u0259, xalq o zaman xo\u015fb\u0259xt, g\u0259l\u0259c\u0259y\u0259 inamla add\u0131mlay\u0131r ki, onu d\u00fc\u015f\u00fcn\u0259n, inki\u015faf\u0131na, t\u0259r\u0259qqisin\u0259 s\u0259y g\u00f6st\u0259r\u0259n, imzas\u0131n\u0131n imzalar aras\u0131nda g\u00f6r\u00fcnm\u0259sind\u0259 maraql\u0131 olan, \u0259n \u0259sas\u0131 m\u00fcst\u0259qil siyas\u0259t y\u00fcr\u00fctm\u0259yi bacaran, b\u00fct\u00fcn hallarda d\u0259yi\u015fm\u0259z m\u00f6vqeyini ortaya qoyan Lideri vard\u0131r. Az\u0259rbaycan xalq\u0131 o xo\u015fb\u0259xtliyi ya\u015fayan xalqlardand\u0131r. H\u0259r zaman \u00f6lk\u0259sin\u0259, xalq\u0131na ba\u011fl\u0131 olan Ulu \u00d6nd\u0259r Heyd\u0259r \u018fliyev hakimiyy\u0259tinin h\u0259r iki d\u00f6vr\u00fcnd\u0259 Az\u0259rbaycan\u0131n g\u0259l\u0259c\u0259yi bar\u0259d\u0259 d\u00fc\u015f\u00fcnm\u00fc\u015f, t\u0259r\u0259qqisi \u00fc\u00e7\u00fcn b\u00fct\u00fcn q\u00fcvv\u0259 v\u0259 bacar\u0131\u011f\u0131n\u0131 ortaya qoymu\u015fdur. \u00dcmummilli Lider bildirmi\u015fdir: \u00abM\u0259nim h\u0259yat\u0131m\u0131n m\u0259qs\u0259di Az\u0259rbaycand\u0131r, Az\u0259rbaycan xalq\u0131d\u0131r, Az\u0259rbaycan Respublikas\u0131d\u0131r, Az\u0259rbaycan v\u0259t\u0259nda\u015f\u0131d\u0131r. \u018fg\u0259r m\u0259n buna nail ola bils\u0259m, \u0259n xo\u015fb\u0259xt adam kimi h\u0259yat\u0131m\u0131 ba\u015fa \u00e7atd\u0131raca\u011fam.\u00bb<\/p>\n<p>2003-c\u00fc ild\u0259 xalq Heyd\u0259r \u018fliyev siyas\u0259tin\u0259 s\u0259s verdi. C\u0259nab \u0130lham \u018fliyev 2003-c\u00fc ild\u0259 Prezident se\u00e7ildikd\u0259n sonra ke\u00e7iril\u0259n andi\u00e7m\u0259 m\u0259rasimind\u0259 bildirmi\u015fdir ki, Az\u0259rbaycan\u0131n daha q\u00fcdr\u0259tli, z\u0259ngin d\u00f6vl\u0259t\u0259 \u00e7evrilm\u0259si \u00fc\u00e7\u00fcn Heyd\u0259r \u018fliyev siyas\u0259ti davam etdirilm\u0259lidir. H\u0259yat onu g\u00f6st\u0259rdi ki, c\u0259nab \u0130lham \u018fliyevin 20 il\u0259 yax\u0131n Prezidentlik d\u00f6vr\u00fcn\u00fcn 17 ilind\u0259 torpaqlar\u0131m\u0131z\u0131n i\u015f\u011faldan azad edilm\u0259si istiqam\u0259tind\u0259 xeyli i\u015fl\u0259r g\u00f6r\u00fcld\u00fc. \u00abBu d\u00f6vr\u00fc xarakteriz\u0259 etm\u0259k \u00fc\u00e7\u00fcn \u00e7ox vaxt laz\u0131md\u0131r. H\u0259r \u015fey g\u00f6z qaba\u011f\u0131ndad\u0131r. \u018fmin\u0259m ki, bizim tarix\u00e7il\u0259rimiz, politoloqlar\u0131m\u0131z, aliml\u0259rimiz bu d\u00f6vr\u00fc d\u0259 m\u0259qal\u0259l\u0259rd\u0259, kitablarda, d\u0259rslikl\u0259rd\u0259 d\u00fczg\u00fcn \u0259ks etdir\u0259c\u0259kl\u0259r. \u00c7\u00fcnki bu, g\u0259nc \u00f6lk\u0259mizin yeni d\u00f6vr\u00fc idi, \u0259vv\u0259lki d\u00f6vr\u0259 \u0259saslanm\u0131\u015f, o m\u00f6hk\u0259m t\u0259m\u0259l\u0259 \u0259saslanm\u0131\u015f, amma yeni d\u00f6vr\u00fcd\u00fcr. \u00c7\u00fcnki bu da t\u0259biidir. \u00c7\u00fcnki h\u0259r d\u00f6vr\u00fcn \u00f6z t\u0259l\u0259bl\u0259ri var\u00bb s\u00f6yl\u0259y\u0259n c\u0259nab \u0130lham \u018fliyev bildirir ki, 1990-c\u0131 ill\u0259rin t\u0259l\u0259bl\u0259ri il\u0259 XXI \u0259srd\u0259 ya\u015faya bilm\u0259rik. M\u00fcharib\u0259d\u0259n sonra yeni d\u00f6vr ba\u015flay\u0131r: \u00ab\u018fvv\u0259lki d\u00f6vrl\u0259rd\u0259 \u0259ld\u0259 edilmi\u015f b\u00fct\u00fcn u\u011furlar\u0131 biz k\u0259nara qoymal\u0131y\u0131q. B\u0259li, bu, bizim \u00fc\u00e7\u00fcn fundament yaratd\u0131, baza yaratd\u0131, imkan yaratd\u0131 ki, biz \u0259sas m\u0259qs\u0259dimiz\u0259 \u00e7ataq. Ancaq \u0259g\u0259r biz oturub b\u00fct\u00fcn g\u00fcn\u00fc o d\u00f6vr haqq\u0131nda dan\u0131\u015fsaq, g\u0259l\u0259c\u0259k haqq\u0131nda d\u00fc\u015f\u00fcnm\u0259s\u0259k, onda n\u0259 olacaq. Biz g\u0259l\u0259c\u0259k haqq\u0131nda d\u00fc\u015f\u00fcnm\u0259liyik. Biz zaman\u0131 qabaqlamal\u0131y\u0131q. M\u0259n demi\u015f\u0259m, indi Qaraba\u011f\u0131n b\u0259rpas\u0131 il\u0259 ba\u011fl\u0131 bizim \u0259sas r\u0259qibimiz zamand\u0131r. \u00d6lk\u0259nin g\u0259l\u0259c\u0259yini el\u0259 planla\u015fd\u0131rmal\u0131y\u0131q ki, uzunm\u00fcdd\u0259tli dayan\u0131ql\u0131 inki\u015faf t\u0259min edilsin, m\u00fcst\u0259qillik \u0259b\u0259di olsun, \u00f6lk\u0259mizin q\u00fcdr\u0259ti arts\u0131n, t\u0259sir imkanlar\u0131m\u0131z arts\u0131n v\u0259 daim Az\u0259rbaycan xalq\u0131 t\u0259hl\u00fck\u0259sizlik \u015f\u0259raitind\u0259 \u00f6z d\u0259d\u0259-baba torpa\u011f\u0131nda ya\u015fas\u0131n.\u00bb<\/p>\n<p>Art\u0131q yeni d\u00f6vr\u00fcn yeni reall\u0131qlar\u0131na uy\u011fun olaraq u\u011furlu add\u0131mlar at\u0131l\u0131r v\u0259 n\u0259tic\u0259 g\u00f6z \u00f6n\u00fcnd\u0259dir. D\u00f6vl\u0259t ba\u015f\u00e7\u0131s\u0131 \u0130lham \u018fliyevin may\u0131n 10-da Ulu \u00d6nd\u0259r Heyd\u0259r \u018fliyevin anadan olmas\u0131n\u0131n 100 illik yubileyi il\u0259 \u0259laq\u0259dar Qaraba\u011f\u0131n tac\u0131 \u015eu\u015fadan s\u0259sl\u0259ndirdiyi \u201c\u0130kinci Qaraba\u011f m\u00fcharib\u0259sind\u0259ki Q\u0259l\u0259b\u0259 is\u0259 bizim tarixi u\u011furumuzdur, tarixi Z\u0259f\u0259rimizdir. Bu Z\u0259f\u0259r Az\u0259rbaycan durduqca qalacaq, bizim q\u0259lbimizd\u0259, yadda\u015f\u0131m\u0131zda, kitablarda, \u0259s\u0259rl\u0259rd\u0259. Bu, q\u0259hr\u0259manl\u0131q dastan\u0131d\u0131r. Bu, misli g\u00f6r\u00fcnm\u0259mi\u015f q\u0259hr\u0259manl\u0131qd\u0131r. Erm\u0259nistan 30 il \u0259rzind\u0259 \u00f6z himay\u0259darlar\u0131n\u0131n d\u0259st\u0259yi il\u0259 bu torpaqlar\u0131 biz\u0259 verm\u0259m\u0259k \u00fc\u00e7\u00fcn gec\u0259-g\u00fcnd\u00fcz \u0259ll\u0259\u015firdi. H\u0259m co\u011frafi relyef\u0259 arxalan\u0131rd\u0131, 5, 6, b\u0259z\u0259n 7 x\u0259tt m\u00fcdafi\u0259 istehkam qur\u011fular\u0131na arxalan\u0131rd\u0131 v\u0259 himay\u0259darlar\u0131na arxalan\u0131rd\u0131. Hesab edirdi ki, biz bu v\u0259ziyy\u0259tl\u0259 bar\u0131\u015faca\u011f\u0131q. Amma m\u0259n deyirdim ki, yox, bar\u0131\u015fmayaca\u011f\u0131q. Deyirdim bunu, g\u0259r\u0259k m\u0259ni e\u015fid\u0259ydil\u0259r. Deyirdim ki, gec-tez g\u0259l\u0259c\u0259yik, bir t\u0259pikl\u0259 d\u00fc\u015fm\u0259ni qovaca\u011f\u0131q, \u00f6z Bayra\u011f\u0131m\u0131z\u0131 qald\u0131raca\u011f\u0131q v\u0259 \u00f6z do\u011fma torpaqlar\u0131m\u0131zda ya\u015fayaca\u011f\u0131q. \u0130kinci Qaraba\u011f m\u00fcharib\u0259si b\u00fct\u00fcn d\u00fcnyaya Az\u0259rbaycan xalq\u0131n\u0131n \u0259yilm\u0259z ruhunu g\u00f6st\u0259rdi. Bizi qaba\u011fa aparan m\u0259hz bu idi\u201d fikirl\u0259r Az\u0259rbaycan\u0131n 30 illik i\u015f\u011fal d\u00f6vr\u00fcnd\u0259 hans\u0131 arzu il\u0259 ya\u015fad\u0131\u011f\u0131n\u0131 v\u0259 bu g\u00fcnd\u0259n sabaha baxaraq hans\u0131 h\u0259d\u0259fl\u0259ri m\u00fc\u0259yy\u0259nl\u0259\u015fdirdiyini n\u00fcmayi\u015f etdirir. Az\u0259rbaycan m\u00fcst\u0259qillik yolu il\u0259 inamla add\u0131mlay\u0131r. M\u00fcst\u0259qilliyimiz \u0259b\u0259didir v\u0259 sars\u0131lmazd\u0131r.<\/p>\n<p><strong>Yegan\u0259 \u018fliyeva, \u00ab\u0130ki sahil\u00bb<\/strong><\/p>\n","protected":false},"excerpt":{"rendered":"<p>28 May &#8211; M\u00fcst\u0259qillik G\u00fcn\u00fcd\u00fcr 105 illik m\u00fcst\u0259qillik tariximizin s\u0259hif\u0259l\u0259rini v\u0259r\u0259ql\u0259dikc\u0259 xalq\u0131m\u0131z\u0131n yenilm\u0259zliyi, m\u0259\u011frurlu\u011fu, tarixin\u0259 sahib \u00e7\u0131xmas\u0131 h\u0259r bir az\u0259rbaycanl\u0131da q\u00fcrur hissi yarad\u0131r 2020-ci il Az\u0259rbaycan\u0131n \u00e7ox\u0259srlik tarixin\u0259 Z\u0259f\u0259r ili kimi yaz\u0131ld\u0131. M\u00fcst\u0259qilliyimizin b\u0259rpas\u0131n\u0131n 27 ili torpaqlar\u0131m\u0131z\u0131n i\u015f\u011faldan azad edilm\u0259si \u00fc\u00e7\u00fcn haz\u0131rl\u0131q i\u015fl\u0259rin\u0259 y\u00f6n\u0259ldildi. Bu ill\u0259r \u0259rzind\u0259 h\u0259r bir tarixi g\u00fcn\u00fc, bayram\u0131 qeyd ed\u0259rk\u0259n bu arzu ifad\u0259 edilirdi ki, tezlikl\u0259 torpaqlar\u0131m\u0131z i\u015f\u011fal\u00e7\u0131lardan t\u0259mizl\u0259nsin, v\u0259t\u0259nda\u015flar\u0131n pozulmu\u015f h\u00fcquqlar\u0131 b\u0259rpa edilsin, soyda\u015flar\u0131m\u0131z do\u011fma yurd-yuvalar\u0131na qay\u0131ts\u0131nlar. M\u00fcst\u0259qilliyimizin b\u0259rpas\u0131n\u0131n 30-cu il d\u00f6n\u00fcm\u00fcn\u00fc torpaqlar\u0131m\u0131z\u0131n tarixi sahibin\u0259 qovu\u015fmas\u0131, qalibiyy\u0259timiz ruhunda qeyd etdik. T\u0259bii ki, bunlar\u0131 qeyd etm\u0259kd\u0259&hellip;<\/p>\n","protected":false},"author":2,"featured_media":602047,"comment_status":"closed","ping_status":"closed","sticky":false,"template":"","format":"standard","meta":{"om_disable_all_campaigns":false,"_monsterinsights_skip_tracking":false,"_monsterinsights_sitenote_active":false,"_monsterinsights_sitenote_note":"","_monsterinsights_sitenote_category":0},"categories":[1],"tags":[],"aioseo_notices":[],"gutentor_comment":0,"rttpg_featured_image_url":{"full":["https:\/\/arantv.az\/wp-content\/uploads\/2023\/05\/912e79cd163350368725159899210244786.jpg",975,540,false],"landscape":["https:\/\/arantv.az\/wp-content\/uploads\/2023\/05\/912e79cd163350368725159899210244786.jpg",975,540,false],"portraits":["https:\/\/arantv.az\/wp-content\/uploads\/2023\/05\/912e79cd163350368725159899210244786.jpg",975,540,false],"thumbnail":["https:\/\/arantv.az\/wp-content\/uploads\/2023\/05\/912e79cd163350368725159899210244786-500x280.jpg",500,280,true],"medium":["https:\/\/arantv.az\/wp-content\/uploads\/2023\/05\/912e79cd163350368725159899210244786-660x365.jpg",660,365,true],"large":["https:\/\/arantv.az\/wp-content\/uploads\/2023\/05\/912e79cd163350368725159899210244786-840x465.jpg",640,354,true],"1536x1536":["https:\/\/arantv.az\/wp-content\/uploads\/2023\/05\/912e79cd163350368725159899210244786.jpg",975,540,false],"2048x2048":["https:\/\/arantv.az\/wp-content\/uploads\/2023\/05\/912e79cd163350368725159899210244786.jpg",975,540,false],"post-thumbnail":["https:\/\/arantv.az\/wp-content\/uploads\/2023\/05\/912e79cd163350368725159899210244786-240x172.jpg",240,172,true],"advps-thumb-one":["https:\/\/arantv.az\/wp-content\/uploads\/2023\/05\/912e79cd163350368725159899210244786.jpg",975,540,false]},"rttpg_author":{"display_name":"V\u00fcsal Rafiqo\u011flu","author_link":"https:\/\/arantv.az\/?author=2"},"rttpg_comment":0,"rttpg_category":"<a href=\"https:\/\/arantv.az\/?cat=1\" rel=\"category\">C\u0259miyy\u0259t<\/a>","rttpg_excerpt":"28 May &#8211; M\u00fcst\u0259qillik G\u00fcn\u00fcd\u00fcr 105 illik m\u00fcst\u0259qillik tariximizin s\u0259hif\u0259l\u0259rini v\u0259r\u0259ql\u0259dikc\u0259 xalq\u0131m\u0131z\u0131n yenilm\u0259zliyi, m\u0259\u011frurlu\u011fu, tarixin\u0259 sahib \u00e7\u0131xmas\u0131 h\u0259r bir az\u0259rbaycanl\u0131da q\u00fcrur hissi yarad\u0131r 2020-ci il Az\u0259rbaycan\u0131n \u00e7ox\u0259srlik tarixin\u0259 Z\u0259f\u0259r ili kimi yaz\u0131ld\u0131. M\u00fcst\u0259qilliyimizin b\u0259rpas\u0131n\u0131n 27 ili torpaqlar\u0131m\u0131z\u0131n i\u015f\u011faldan azad edilm\u0259si \u00fc\u00e7\u00fcn haz\u0131rl\u0131q i\u015fl\u0259rin\u0259 y\u00f6n\u0259ldildi. Bu ill\u0259r \u0259rzind\u0259 h\u0259r bir tarixi g\u00fcn\u00fc, bayram\u0131 qeyd ed\u0259rk\u0259n bu&hellip;","_links":{"self":[{"href":"https:\/\/arantv.az\/index.php?rest_route=\/wp\/v2\/posts\/602046"}],"collection":[{"href":"https:\/\/arantv.az\/index.php?rest_route=\/wp\/v2\/posts"}],"about":[{"href":"https:\/\/arantv.az\/index.php?rest_route=\/wp\/v2\/types\/post"}],"author":[{"embeddable":true,"href":"https:\/\/arantv.az\/index.php?rest_route=\/wp\/v2\/users\/2"}],"replies":[{"embeddable":true,"href":"https:\/\/arantv.az\/index.php?rest_route=%2Fwp%2Fv2%2Fcomments&post=602046"}],"version-history":[{"count":0,"href":"https:\/\/arantv.az\/index.php?rest_route=\/wp\/v2\/posts\/602046\/revisions"}],"wp:featuredmedia":[{"embeddable":true,"href":"https:\/\/arantv.az\/index.php?rest_route=\/wp\/v2\/media\/602047"}],"wp:attachment":[{"href":"https:\/\/arantv.az\/index.php?rest_route=%2Fwp%2Fv2%2Fmedia&parent=602046"}],"wp:term":[{"taxonomy":"category","embeddable":true,"href":"https:\/\/arantv.az\/index.php?rest_route=%2Fwp%2Fv2%2Fcategories&post=602046"},{"taxonomy":"post_tag","embeddable":true,"href":"https:\/\/arantv.az\/index.php?rest_route=%2Fwp%2Fv2%2Ftags&post=602046"}],"curies":[{"name":"wp","href":"https:\/\/api.w.org\/{rel}","templated":true}]}}