{"id":602049,"date":"2023-05-25T09:45:23","date_gmt":"2023-05-25T05:45:23","guid":{"rendered":"https:\/\/arantv.az\/?p=602049"},"modified":"2023-05-25T09:45:23","modified_gmt":"2023-05-25T05:45:23","slug":"zelenski-irana-q%c9%99z%c9%99bl%c9%99ndi-sahid-pua-larinin-%c9%99ks%c9%99riyy%c9%99tini-vururuq","status":"publish","type":"post","link":"https:\/\/arantv.az\/?p=602049","title":{"rendered":"Zelenski \u0130rana q\u0259z\u0259bl\u0259ndi: &#8220;\u015eahid&#8221; PUA-lar\u0131n\u0131n \u0259ks\u0259riyy\u0259tini vururuq"},"content":{"rendered":"<p><strong>\u00dcmumilikd\u0259 Ukraynaya qar\u015f\u0131 t\u0259xmin\u0259n 1160 &#8220;\u015eahid&#8221; PUA-s\u0131ndan istifad\u0259 edilib. Biz \u0259ks\u0259riyy\u0259tini vururuq.<\/strong><\/p>\n<p><strong>ARANTV.AZ<\/strong> Axar.az-a istinad\u0259n x\u0259b\u0259r verir ki, bu a\u00e7\u0131qlama il\u0259 Ukrayna Prezidenti Vladimir Zelenski \u00e7\u0131x\u0131\u015f edib.<\/p>\n<p>Zelenski birba\u015fa \u0130ran xalq\u0131na &#8211; c\u0259miyy\u0259t\u0259, dini r\u0259hb\u0259r\u0259, h\u0259r bir iranl\u0131 ail\u0259y\u0259 v\u0259 \u0130randa h\u00f6kum\u0259t q\u0259rarlar\u0131na t\u0259sir ed\u0259 bil\u0259n insanlara m\u00fcraci\u0259t edib:<\/p>\n<p>&#8220;Sad\u0259 bir sual: siz niy\u0259 Rusiya terrorunun \u015f\u0259riki olmal\u0131s\u0131n\u0131z? Niy\u0259 \u015f\u0259r d\u00f6vl\u0259tin t\u0259r\u0259find\u0259siniz? D\u00fcnya ba\u015f ver\u0259nl\u0259ri g\u00f6r\u00fcr v\u0259 siz ham\u0131n\u0131z \u0130randa g\u00f6r\u00fcrs\u00fcn\u00fcz. \u015e\u0259r\u0259 d\u0259st\u0259yi inkar etm\u0259k m\u00fcmk\u00fcn deyil&#8221;.<\/p>\n<p>O qeyd edib ki, ukraynal\u0131lar bu \u00f6lk\u0259nin Rusiyaya \u00f6t\u00fcrd\u00fcy\u00fc \u0130ran kamikadze pilotsuz t\u0259yyar\u0259l\u0259rinin \u0259ks\u0259riyy\u0259tini vurma\u011f\u0131 \u00f6yr\u0259ns\u0259l\u0259r d\u0259, h\u0259l\u0259 d\u0259 z\u0259rb\u0259l\u0259r var.<\/p>\n","protected":false},"excerpt":{"rendered":"<p>\u00dcmumilikd\u0259 Ukraynaya qar\u015f\u0131 t\u0259xmin\u0259n 1160 &#8220;\u015eahid&#8221; PUA-s\u0131ndan istifad\u0259 edilib. Biz \u0259ks\u0259riyy\u0259tini vururuq. ARANTV.AZ Axar.az-a istinad\u0259n x\u0259b\u0259r verir ki, bu a\u00e7\u0131qlama il\u0259 Ukrayna Prezidenti Vladimir Zelenski \u00e7\u0131x\u0131\u015f edib. Zelenski birba\u015fa \u0130ran xalq\u0131na &#8211; c\u0259miyy\u0259t\u0259, dini r\u0259hb\u0259r\u0259, h\u0259r bir iranl\u0131 ail\u0259y\u0259 v\u0259 \u0130randa h\u00f6kum\u0259t q\u0259rarlar\u0131na t\u0259sir ed\u0259 bil\u0259n insanlara m\u00fcraci\u0259t edib: &#8220;Sad\u0259 bir sual: siz niy\u0259 Rusiya terrorunun \u015f\u0259riki olmal\u0131s\u0131n\u0131z? Niy\u0259 \u015f\u0259r d\u00f6vl\u0259tin t\u0259r\u0259find\u0259siniz? D\u00fcnya ba\u015f ver\u0259nl\u0259ri g\u00f6r\u00fcr v\u0259 siz ham\u0131n\u0131z \u0130randa g\u00f6r\u00fcrs\u00fcn\u00fcz. \u015e\u0259r\u0259 d\u0259st\u0259yi inkar etm\u0259k m\u00fcmk\u00fcn deyil&#8221;. O qeyd edib ki, ukraynal\u0131lar bu \u00f6lk\u0259nin Rusiyaya \u00f6t\u00fcrd\u00fcy\u00fc \u0130ran kamikadze pilotsuz t\u0259yyar\u0259l\u0259rinin&hellip;<\/p>\n","protected":false},"author":2,"featured_media":602050,"comment_status":"closed","ping_status":"closed","sticky":false,"template":"","format":"standard","meta":{"om_disable_all_campaigns":false,"_monsterinsights_skip_tracking":false,"_monsterinsights_sitenote_active":false,"_monsterinsights_sitenote_note":"","_monsterinsights_sitenote_category":0},"categories":[7],"tags":[],"aioseo_notices":[],"gutentor_comment":0,"rttpg_featured_image_url":{"full":["https:\/\/arantv.az\/wp-content\/uploads\/2023\/05\/1124565.jpg",800,600,false],"landscape":["https:\/\/arantv.az\/wp-content\/uploads\/2023\/05\/1124565.jpg",800,600,false],"portraits":["https:\/\/arantv.az\/wp-content\/uploads\/2023\/05\/1124565.jpg",800,600,false],"thumbnail":["https:\/\/arantv.az\/wp-content\/uploads\/2023\/05\/1124565-500x280.jpg",500,280,true],"medium":["https:\/\/arantv.az\/wp-content\/uploads\/2023\/05\/1124565-487x365.jpg",487,365,true],"large":["https:\/\/arantv.az\/wp-content\/uploads\/2023\/05\/1124565.jpg",640,480,false],"1536x1536":["https:\/\/arantv.az\/wp-content\/uploads\/2023\/05\/1124565.jpg",800,600,false],"2048x2048":["https:\/\/arantv.az\/wp-content\/uploads\/2023\/05\/1124565.jpg",800,600,false],"post-thumbnail":["https:\/\/arantv.az\/wp-content\/uploads\/2023\/05\/1124565-240x172.jpg",240,172,true],"advps-thumb-one":["https:\/\/arantv.az\/wp-content\/uploads\/2023\/05\/1124565.jpg",800,600,false]},"rttpg_author":{"display_name":"V\u00fcsal Rafiqo\u011flu","author_link":"https:\/\/arantv.az\/?author=2"},"rttpg_comment":0,"rttpg_category":"<a href=\"https:\/\/arantv.az\/?cat=7\" rel=\"category\">D\u00fcnya<\/a>","rttpg_excerpt":"\u00dcmumilikd\u0259 Ukraynaya qar\u015f\u0131 t\u0259xmin\u0259n 1160 &#8220;\u015eahid&#8221; PUA-s\u0131ndan istifad\u0259 edilib. Biz \u0259ks\u0259riyy\u0259tini vururuq. ARANTV.AZ Axar.az-a istinad\u0259n x\u0259b\u0259r verir ki, bu a\u00e7\u0131qlama il\u0259 Ukrayna Prezidenti Vladimir Zelenski \u00e7\u0131x\u0131\u015f edib. Zelenski birba\u015fa \u0130ran xalq\u0131na &#8211; c\u0259miyy\u0259t\u0259, dini r\u0259hb\u0259r\u0259, h\u0259r bir iranl\u0131 ail\u0259y\u0259 v\u0259 \u0130randa h\u00f6kum\u0259t q\u0259rarlar\u0131na t\u0259sir ed\u0259 bil\u0259n insanlara m\u00fcraci\u0259t edib: &#8220;Sad\u0259 bir sual: siz niy\u0259 Rusiya&hellip;","_links":{"self":[{"href":"https:\/\/arantv.az\/index.php?rest_route=\/wp\/v2\/posts\/602049"}],"collection":[{"href":"https:\/\/arantv.az\/index.php?rest_route=\/wp\/v2\/posts"}],"about":[{"href":"https:\/\/arantv.az\/index.php?rest_route=\/wp\/v2\/types\/post"}],"author":[{"embeddable":true,"href":"https:\/\/arantv.az\/index.php?rest_route=\/wp\/v2\/users\/2"}],"replies":[{"embeddable":true,"href":"https:\/\/arantv.az\/index.php?rest_route=%2Fwp%2Fv2%2Fcomments&post=602049"}],"version-history":[{"count":0,"href":"https:\/\/arantv.az\/index.php?rest_route=\/wp\/v2\/posts\/602049\/revisions"}],"wp:featuredmedia":[{"embeddable":true,"href":"https:\/\/arantv.az\/index.php?rest_route=\/wp\/v2\/media\/602050"}],"wp:attachment":[{"href":"https:\/\/arantv.az\/index.php?rest_route=%2Fwp%2Fv2%2Fmedia&parent=602049"}],"wp:term":[{"taxonomy":"category","embeddable":true,"href":"https:\/\/arantv.az\/index.php?rest_route=%2Fwp%2Fv2%2Fcategories&post=602049"},{"taxonomy":"post_tag","embeddable":true,"href":"https:\/\/arantv.az\/index.php?rest_route=%2Fwp%2Fv2%2Ftags&post=602049"}],"curies":[{"name":"wp","href":"https:\/\/api.w.org\/{rel}","templated":true}]}}