{"id":602053,"date":"2023-05-25T09:47:05","date_gmt":"2023-05-25T05:47:05","guid":{"rendered":"https:\/\/arantv.az\/?p=602053"},"modified":"2023-05-25T09:47:05","modified_gmt":"2023-05-25T05:47:05","slug":"bakida-yuk-masini-velosipedcini-vurub-oldurdu-2","status":"publish","type":"post","link":"https:\/\/arantv.az\/?p=602053","title":{"rendered":"Bak\u0131da y\u00fck ma\u015f\u0131n\u0131 velosiped\u00e7ini vurub \u00f6ld\u00fcrd\u00fc"},"content":{"rendered":"<p><strong>Bak\u0131da \u00f6l\u00fcml\u0259 n\u0259tic\u0259l\u0259n\u0259n yol q\u0259zas\u0131 ba\u015f verib.<\/strong><\/p>\n<p><strong>ARANTV.AZ<\/strong>\u00a0 <a href=\"http:\/\/az.trend.az\/\" target=\"_blank\" rel=\"noopener\">Trend<\/a>-\u0259 istinad\u0259n bildirir ki,\u00a0hadis\u0259 Pirallah\u0131-Qala yolunda ba\u015f verib. 1965-ci il t\u0259v\u0259ll\u00fcdl\u00fc \u0130smay\u0131lov Az\u0259r \u0130slam o\u011flu idar\u0259 etdiyi &#8220;Ford Transit&#8221; markal\u0131, 99-VY-003 d\u00f6vl\u0259t qeydiyyat ni\u015fanl\u0131 avtomobil il\u0259 Pirallah\u0131-Qala yolu, Qala q\u0259s\u0259b\u0259si \u0259rizisind\u0259 h\u0259r\u0259k\u0259td\u0259 olark\u0259n yolu ke\u00e7\u0259n velosiped\u00e7i, 1979-cu il t\u0259v\u0259ll\u00fcdl\u00fc \u018fbilov Dam\u0259d Mir\u0259l\u0259m o\u011flunu vuraraq \u00f6ld\u00fcr\u00fcb.<\/p>\n<p>Faktla ba\u011fl\u0131 X\u0259z\u0259r RP\u0130-d\u0259 Az\u0259rbaycan Respublikas\u0131 CM-nin 263.2-ci madd\u0259si il\u0259 cinay\u0259t i\u015fi ba\u015flanaraq istintaq edilir.<\/p>\n","protected":false},"excerpt":{"rendered":"<p>Bak\u0131da \u00f6l\u00fcml\u0259 n\u0259tic\u0259l\u0259n\u0259n yol q\u0259zas\u0131 ba\u015f verib. ARANTV.AZ\u00a0 Trend-\u0259 istinad\u0259n bildirir ki,\u00a0hadis\u0259 Pirallah\u0131-Qala yolunda ba\u015f verib. 1965-ci il t\u0259v\u0259ll\u00fcdl\u00fc \u0130smay\u0131lov Az\u0259r \u0130slam o\u011flu idar\u0259 etdiyi &#8220;Ford Transit&#8221; markal\u0131, 99-VY-003 d\u00f6vl\u0259t qeydiyyat ni\u015fanl\u0131 avtomobil il\u0259 Pirallah\u0131-Qala yolu, Qala q\u0259s\u0259b\u0259si \u0259rizisind\u0259 h\u0259r\u0259k\u0259td\u0259 olark\u0259n yolu ke\u00e7\u0259n velosiped\u00e7i, 1979-cu il t\u0259v\u0259ll\u00fcdl\u00fc \u018fbilov Dam\u0259d Mir\u0259l\u0259m o\u011flunu vuraraq \u00f6ld\u00fcr\u00fcb. Faktla ba\u011fl\u0131 X\u0259z\u0259r RP\u0130-d\u0259 Az\u0259rbaycan Respublikas\u0131 CM-nin 263.2-ci madd\u0259si il\u0259 cinay\u0259t i\u015fi ba\u015flanaraq istintaq edilir.<\/p>\n","protected":false},"author":2,"featured_media":602054,"comment_status":"closed","ping_status":"closed","sticky":false,"template":"","format":"standard","meta":{"om_disable_all_campaigns":false,"_monsterinsights_skip_tracking":false,"_monsterinsights_sitenote_active":false,"_monsterinsights_sitenote_note":"","_monsterinsights_sitenote_category":0},"categories":[5],"tags":[],"aioseo_notices":[],"gutentor_comment":0,"rttpg_featured_image_url":{"full":["https:\/\/arantv.az\/wp-content\/uploads\/2023\/05\/1124578.jpg",800,600,false],"landscape":["https:\/\/arantv.az\/wp-content\/uploads\/2023\/05\/1124578.jpg",800,600,false],"portraits":["https:\/\/arantv.az\/wp-content\/uploads\/2023\/05\/1124578.jpg",800,600,false],"thumbnail":["https:\/\/arantv.az\/wp-content\/uploads\/2023\/05\/1124578-500x280.jpg",500,280,true],"medium":["https:\/\/arantv.az\/wp-content\/uploads\/2023\/05\/1124578-487x365.jpg",487,365,true],"large":["https:\/\/arantv.az\/wp-content\/uploads\/2023\/05\/1124578.jpg",640,480,false],"1536x1536":["https:\/\/arantv.az\/wp-content\/uploads\/2023\/05\/1124578.jpg",800,600,false],"2048x2048":["https:\/\/arantv.az\/wp-content\/uploads\/2023\/05\/1124578.jpg",800,600,false],"post-thumbnail":["https:\/\/arantv.az\/wp-content\/uploads\/2023\/05\/1124578-240x172.jpg",240,172,true],"advps-thumb-one":["https:\/\/arantv.az\/wp-content\/uploads\/2023\/05\/1124578.jpg",800,600,false]},"rttpg_author":{"display_name":"V\u00fcsal Rafiqo\u011flu","author_link":"https:\/\/arantv.az\/?author=2"},"rttpg_comment":0,"rttpg_category":"<a href=\"https:\/\/arantv.az\/?cat=5\" rel=\"category\">Hadis\u0259<\/a>","rttpg_excerpt":"Bak\u0131da \u00f6l\u00fcml\u0259 n\u0259tic\u0259l\u0259n\u0259n yol q\u0259zas\u0131 ba\u015f verib. ARANTV.AZ\u00a0 Trend-\u0259 istinad\u0259n bildirir ki,\u00a0hadis\u0259 Pirallah\u0131-Qala yolunda ba\u015f verib. 1965-ci il t\u0259v\u0259ll\u00fcdl\u00fc \u0130smay\u0131lov Az\u0259r \u0130slam o\u011flu idar\u0259 etdiyi &#8220;Ford Transit&#8221; markal\u0131, 99-VY-003 d\u00f6vl\u0259t qeydiyyat ni\u015fanl\u0131 avtomobil il\u0259 Pirallah\u0131-Qala yolu, Qala q\u0259s\u0259b\u0259si \u0259rizisind\u0259 h\u0259r\u0259k\u0259td\u0259 olark\u0259n yolu ke\u00e7\u0259n velosiped\u00e7i, 1979-cu il t\u0259v\u0259ll\u00fcdl\u00fc \u018fbilov Dam\u0259d Mir\u0259l\u0259m o\u011flunu vuraraq \u00f6ld\u00fcr\u00fcb. Faktla ba\u011fl\u0131&hellip;","_links":{"self":[{"href":"https:\/\/arantv.az\/index.php?rest_route=\/wp\/v2\/posts\/602053"}],"collection":[{"href":"https:\/\/arantv.az\/index.php?rest_route=\/wp\/v2\/posts"}],"about":[{"href":"https:\/\/arantv.az\/index.php?rest_route=\/wp\/v2\/types\/post"}],"author":[{"embeddable":true,"href":"https:\/\/arantv.az\/index.php?rest_route=\/wp\/v2\/users\/2"}],"replies":[{"embeddable":true,"href":"https:\/\/arantv.az\/index.php?rest_route=%2Fwp%2Fv2%2Fcomments&post=602053"}],"version-history":[{"count":0,"href":"https:\/\/arantv.az\/index.php?rest_route=\/wp\/v2\/posts\/602053\/revisions"}],"wp:featuredmedia":[{"embeddable":true,"href":"https:\/\/arantv.az\/index.php?rest_route=\/wp\/v2\/media\/602054"}],"wp:attachment":[{"href":"https:\/\/arantv.az\/index.php?rest_route=%2Fwp%2Fv2%2Fmedia&parent=602053"}],"wp:term":[{"taxonomy":"category","embeddable":true,"href":"https:\/\/arantv.az\/index.php?rest_route=%2Fwp%2Fv2%2Fcategories&post=602053"},{"taxonomy":"post_tag","embeddable":true,"href":"https:\/\/arantv.az\/index.php?rest_route=%2Fwp%2Fv2%2Ftags&post=602053"}],"curies":[{"name":"wp","href":"https:\/\/api.w.org\/{rel}","templated":true}]}}