{"id":602075,"date":"2023-05-25T10:19:24","date_gmt":"2023-05-25T06:19:24","guid":{"rendered":"https:\/\/arantv.az\/?p=602075"},"modified":"2023-05-25T10:19:24","modified_gmt":"2023-05-25T06:19:24","slug":"ilham-%c9%99liyevin-rusiyaya-isguzar-s%c9%99f%c9%99ri-basladi","status":"publish","type":"post","link":"https:\/\/arantv.az\/?p=602075","title":{"rendered":"\u0130lham \u018fliyevin Rusiyaya i\u015fg\u00fczar s\u0259f\u0259ri ba\u015flad\u0131"},"content":{"rendered":"<p>Az\u0259rbaycan Respublikas\u0131n\u0131n Prezidenti\u00a0<strong>\u0130lham \u018fliyev<\/strong>\u00a0Rusiya Federasiyas\u0131n\u0131n Prezidenti Vladimir Putinin d\u0259v\u0259ti il\u0259 may\u0131n 25-d\u0259 Moskvaya i\u015fg\u00fczar s\u0259f\u0259r\u0259 gedib.<\/p>\n<p><a href=\"https:\/\/azertag.az\/xeber\/Azerbaycan_Prezidenti_Ilham_Aliyev_Rusiyaya_isguzar_sefere_gelib-2630909\" target=\"_blank\" rel=\"noopener\">AZ\u018fRTAC<\/a>\u00a0x\u0259b\u0259r verir ki, Moskvan\u0131n Vnukovo-2 beyn\u0259lxalq hava liman\u0131nda d\u00f6vl\u0259timizin ba\u015f\u00e7\u0131s\u0131n\u0131 Rusiya xarici i\u015fl\u0259r nazirinin m\u00fcavini Mixail Qaluzin v\u0259 dig\u0259r r\u0259smi \u015f\u0259xsl\u0259r qar\u015f\u0131lay\u0131blar.<\/p>\n","protected":false},"excerpt":{"rendered":"<p>Az\u0259rbaycan Respublikas\u0131n\u0131n Prezidenti\u00a0\u0130lham \u018fliyev\u00a0Rusiya Federasiyas\u0131n\u0131n Prezidenti Vladimir Putinin d\u0259v\u0259ti il\u0259 may\u0131n 25-d\u0259 Moskvaya i\u015fg\u00fczar s\u0259f\u0259r\u0259 gedib. AZ\u018fRTAC\u00a0x\u0259b\u0259r verir ki, Moskvan\u0131n Vnukovo-2 beyn\u0259lxalq hava liman\u0131nda d\u00f6vl\u0259timizin ba\u015f\u00e7\u0131s\u0131n\u0131 Rusiya xarici i\u015fl\u0259r nazirinin m\u00fcavini Mixail Qaluzin v\u0259 dig\u0259r r\u0259smi \u015f\u0259xsl\u0259r qar\u015f\u0131lay\u0131blar.<\/p>\n","protected":false},"author":2,"featured_media":602076,"comment_status":"closed","ping_status":"closed","sticky":false,"template":"","format":"standard","meta":{"om_disable_all_campaigns":false,"_monsterinsights_skip_tracking":false,"_monsterinsights_sitenote_active":false,"_monsterinsights_sitenote_note":"","_monsterinsights_sitenote_category":0},"categories":[19],"tags":[],"aioseo_notices":[],"gutentor_comment":0,"rttpg_featured_image_url":{"full":["https:\/\/arantv.az\/wp-content\/uploads\/2023\/05\/5f44a63353c24-t0shxN7_yPUZws0-8.jpg",620,413,false],"landscape":["https:\/\/arantv.az\/wp-content\/uploads\/2023\/05\/5f44a63353c24-t0shxN7_yPUZws0-8.jpg",620,413,false],"portraits":["https:\/\/arantv.az\/wp-content\/uploads\/2023\/05\/5f44a63353c24-t0shxN7_yPUZws0-8.jpg",620,413,false],"thumbnail":["https:\/\/arantv.az\/wp-content\/uploads\/2023\/05\/5f44a63353c24-t0shxN7_yPUZws0-8-500x280.jpg",500,280,true],"medium":["https:\/\/arantv.az\/wp-content\/uploads\/2023\/05\/5f44a63353c24-t0shxN7_yPUZws0-8-548x365.jpg",548,365,true],"large":["https:\/\/arantv.az\/wp-content\/uploads\/2023\/05\/5f44a63353c24-t0shxN7_yPUZws0-8.jpg",620,413,false],"1536x1536":["https:\/\/arantv.az\/wp-content\/uploads\/2023\/05\/5f44a63353c24-t0shxN7_yPUZws0-8.jpg",620,413,false],"2048x2048":["https:\/\/arantv.az\/wp-content\/uploads\/2023\/05\/5f44a63353c24-t0shxN7_yPUZws0-8.jpg",620,413,false],"post-thumbnail":["https:\/\/arantv.az\/wp-content\/uploads\/2023\/05\/5f44a63353c24-t0shxN7_yPUZws0-8-240x172.jpg",240,172,true],"advps-thumb-one":["https:\/\/arantv.az\/wp-content\/uploads\/2023\/05\/5f44a63353c24-t0shxN7_yPUZws0-8.jpg",620,413,false]},"rttpg_author":{"display_name":"V\u00fcsal Rafiqo\u011flu","author_link":"https:\/\/arantv.az\/?author=2"},"rttpg_comment":0,"rttpg_category":"<a href=\"https:\/\/arantv.az\/?cat=19\" rel=\"category\">G\u00fcnd\u0259m<\/a>","rttpg_excerpt":"Az\u0259rbaycan Respublikas\u0131n\u0131n Prezidenti\u00a0\u0130lham \u018fliyev\u00a0Rusiya Federasiyas\u0131n\u0131n Prezidenti Vladimir Putinin d\u0259v\u0259ti il\u0259 may\u0131n 25-d\u0259 Moskvaya i\u015fg\u00fczar s\u0259f\u0259r\u0259 gedib. AZ\u018fRTAC\u00a0x\u0259b\u0259r verir ki, Moskvan\u0131n Vnukovo-2 beyn\u0259lxalq hava liman\u0131nda d\u00f6vl\u0259timizin ba\u015f\u00e7\u0131s\u0131n\u0131 Rusiya xarici i\u015fl\u0259r nazirinin m\u00fcavini Mixail Qaluzin v\u0259 dig\u0259r r\u0259smi \u015f\u0259xsl\u0259r qar\u015f\u0131lay\u0131blar.","_links":{"self":[{"href":"https:\/\/arantv.az\/index.php?rest_route=\/wp\/v2\/posts\/602075"}],"collection":[{"href":"https:\/\/arantv.az\/index.php?rest_route=\/wp\/v2\/posts"}],"about":[{"href":"https:\/\/arantv.az\/index.php?rest_route=\/wp\/v2\/types\/post"}],"author":[{"embeddable":true,"href":"https:\/\/arantv.az\/index.php?rest_route=\/wp\/v2\/users\/2"}],"replies":[{"embeddable":true,"href":"https:\/\/arantv.az\/index.php?rest_route=%2Fwp%2Fv2%2Fcomments&post=602075"}],"version-history":[{"count":0,"href":"https:\/\/arantv.az\/index.php?rest_route=\/wp\/v2\/posts\/602075\/revisions"}],"wp:featuredmedia":[{"embeddable":true,"href":"https:\/\/arantv.az\/index.php?rest_route=\/wp\/v2\/media\/602076"}],"wp:attachment":[{"href":"https:\/\/arantv.az\/index.php?rest_route=%2Fwp%2Fv2%2Fmedia&parent=602075"}],"wp:term":[{"taxonomy":"category","embeddable":true,"href":"https:\/\/arantv.az\/index.php?rest_route=%2Fwp%2Fv2%2Fcategories&post=602075"},{"taxonomy":"post_tag","embeddable":true,"href":"https:\/\/arantv.az\/index.php?rest_route=%2Fwp%2Fv2%2Ftags&post=602075"}],"curies":[{"name":"wp","href":"https:\/\/api.w.org\/{rel}","templated":true}]}}