{"id":602081,"date":"2023-05-25T10:22:28","date_gmt":"2023-05-25T06:22:28","guid":{"rendered":"https:\/\/arantv.az\/?p=602081"},"modified":"2023-05-25T10:22:28","modified_gmt":"2023-05-25T06:22:28","slug":"bakida-sahibkar-arvadini-oldur%c9%99n-%c9%99rl%c9%99-bagli-q%c9%99rar-aciqlandi","status":"publish","type":"post","link":"https:\/\/arantv.az\/?p=602081","title":{"rendered":"Bak\u0131da sahibkar arvad\u0131n\u0131 \u00f6ld\u00fcr\u0259n \u0259rl\u0259 ba\u011fl\u0131 q\u0259rar a\u00e7\u0131qland\u0131"},"content":{"rendered":"<p>Bak\u0131 Apellyasiya M\u0259hk\u0259m\u0259sind\u0259 arvad\u0131n\u0131 q\u0259tl\u0259 yetirm\u0259kd\u0259 ittiham olunan V\u00fcsal Bayramovun bar\u0259sind\u0259ki h\u00f6kmd\u0259n veril\u0259n apellyasiya \u015fikay\u0259ti \u00fczr\u0259 m\u0259hk\u0259m\u0259 iclas\u0131 ba\u015fa \u00e7at\u0131b.<\/p>\n<p>Pravda.az-\u0131n \u0259ld\u0259 etdiyi m\u0259lumata g\u00f6r\u0259, hakim \u0130brahim \u0130brahimlinin s\u0259drliyi il\u0259 ke\u00e7iril\u0259n prosesd\u0259 q\u0259rar elan olunub.<\/p>\n<p>Q\u0259rara \u0259sas\u0259n, onun apellyasiya \u015fikay\u0259ti t\u0259min edilm\u0259yib.<\/p>\n<p>Bak\u0131 A\u011f\u0131r Cinay\u0259tl\u0259r M\u0259hk\u0259m\u0259sinin h\u00f6km\u00fcn\u0259 \u0259sas\u0259n, V\u00fcsal Bayramov arvad\u0131 Ay\u015f\u0259 Bayramovan\u0131 q\u0259sd\u0259n \u00f6ld\u00fcrm\u0259kd\u0259 t\u0259qsirli bilin\u0259r\u0259k 9 il 2 ay m\u00fcdd\u0259tin\u0259 azadl\u0131qdan m\u0259hrum edilib.<\/p>\n<p>Xat\u0131rladaq ki, hadis\u0259 2022-ci ilin sentyabr ay\u0131nda paytaxt\u0131n Nizami rayonu \u0259razisind\u0259 qeyd\u0259 al\u0131n\u0131b.\u00a0Ay\u015f\u0259 Bayramova bir ne\u00e7\u0259 geyim ma\u011fazas\u0131n\u0131n sahibi olub.<\/p>\n<p>Nizami Rayon Prokurorlu\u011funun yayd\u0131\u011f\u0131 m\u0259lumatda bildirilib ki, sentyabr\u0131n 2-d\u0259 saat 23 rad\u0259l\u0259rind\u0259 M\u0259mm\u0259d\u0259li \u015e\u0259rifli k\u00fc\u00e7\u0259sind\u0259 1995-ci il t\u0259v\u0259ll\u00fcdl\u00fc Ay\u015f\u0259 Bayramovan\u0131n \u00f6ld\u00fcr\u00fclm\u0259si bar\u0259d\u0259 m\u0259lumat daxil olub. Apar\u0131lm\u0131\u015f ara\u015fd\u0131rmalarla z\u0259r\u0259r\u00e7\u0259kmi\u015fin \u0259ri, 1989-cu il t\u0259v\u0259ll\u00fcdl\u00fc V\u00fcsal Bayramovun \u015f\u0259xsi m\u00fcnasib\u0259tl\u0259r z\u0259minind\u0259 aralar\u0131nda yaranm\u0131\u015f m\u00fcnaqi\u015f\u0259 zaman\u0131 b\u0131\u00e7aqla x\u0259sar\u0259tl\u0259r yetir\u0259r\u0259k Ay\u015f\u0259 Bayramovan\u0131n q\u0259sd\u0259n \u00f6ld\u00fcrm\u0259sin\u0259 \u0259sasl\u0131 \u015f\u00fcbh\u0259l\u0259r m\u00fc\u0259yy\u0259n edilib.<\/p>\n<p>Faktla ba\u011fl\u0131 Cinay\u0259t M\u0259c\u0259ll\u0259sinin 120.1-ci (q\u0259sd\u0259n adam \u00f6ld\u00fcrm\u0259) madd\u0259si il\u0259 cinay\u0259t i\u015fi ba\u015flan\u0131b, V\u00fcsal Bayramov bar\u0259sind\u0259 h\u0259bs q\u0259timkan t\u0259dbiri se\u00e7ilib.<\/p>\n","protected":false},"excerpt":{"rendered":"<p>Bak\u0131 Apellyasiya M\u0259hk\u0259m\u0259sind\u0259 arvad\u0131n\u0131 q\u0259tl\u0259 yetirm\u0259kd\u0259 ittiham olunan V\u00fcsal Bayramovun bar\u0259sind\u0259ki h\u00f6kmd\u0259n veril\u0259n apellyasiya \u015fikay\u0259ti \u00fczr\u0259 m\u0259hk\u0259m\u0259 iclas\u0131 ba\u015fa \u00e7at\u0131b. Pravda.az-\u0131n \u0259ld\u0259 etdiyi m\u0259lumata g\u00f6r\u0259, hakim \u0130brahim \u0130brahimlinin s\u0259drliyi il\u0259 ke\u00e7iril\u0259n prosesd\u0259 q\u0259rar elan olunub. Q\u0259rara \u0259sas\u0259n, onun apellyasiya \u015fikay\u0259ti t\u0259min edilm\u0259yib. Bak\u0131 A\u011f\u0131r Cinay\u0259tl\u0259r M\u0259hk\u0259m\u0259sinin h\u00f6km\u00fcn\u0259 \u0259sas\u0259n, V\u00fcsal Bayramov arvad\u0131 Ay\u015f\u0259 Bayramovan\u0131 q\u0259sd\u0259n \u00f6ld\u00fcrm\u0259kd\u0259 t\u0259qsirli bilin\u0259r\u0259k 9 il 2 ay m\u00fcdd\u0259tin\u0259 azadl\u0131qdan m\u0259hrum edilib. Xat\u0131rladaq ki, hadis\u0259 2022-ci ilin sentyabr ay\u0131nda paytaxt\u0131n Nizami rayonu \u0259razisind\u0259 qeyd\u0259 al\u0131n\u0131b.\u00a0Ay\u015f\u0259 Bayramova bir ne\u00e7\u0259 geyim ma\u011fazas\u0131n\u0131n sahibi olub. Nizami Rayon Prokurorlu\u011funun yayd\u0131\u011f\u0131 m\u0259lumatda&hellip;<\/p>\n","protected":false},"author":2,"featured_media":602082,"comment_status":"closed","ping_status":"closed","sticky":false,"template":"","format":"standard","meta":{"om_disable_all_campaigns":false,"_monsterinsights_skip_tracking":false,"_monsterinsights_sitenote_active":false,"_monsterinsights_sitenote_note":"","_monsterinsights_sitenote_category":0},"categories":[5],"tags":[],"aioseo_notices":[],"gutentor_comment":0,"rttpg_featured_image_url":{"full":["https:\/\/arantv.az\/wp-content\/uploads\/2023\/05\/mmm-1.jpg",620,413,false],"landscape":["https:\/\/arantv.az\/wp-content\/uploads\/2023\/05\/mmm-1.jpg",620,413,false],"portraits":["https:\/\/arantv.az\/wp-content\/uploads\/2023\/05\/mmm-1.jpg",620,413,false],"thumbnail":["https:\/\/arantv.az\/wp-content\/uploads\/2023\/05\/mmm-1-500x280.jpg",500,280,true],"medium":["https:\/\/arantv.az\/wp-content\/uploads\/2023\/05\/mmm-1-548x365.jpg",548,365,true],"large":["https:\/\/arantv.az\/wp-content\/uploads\/2023\/05\/mmm-1.jpg",620,413,false],"1536x1536":["https:\/\/arantv.az\/wp-content\/uploads\/2023\/05\/mmm-1.jpg",620,413,false],"2048x2048":["https:\/\/arantv.az\/wp-content\/uploads\/2023\/05\/mmm-1.jpg",620,413,false],"post-thumbnail":["https:\/\/arantv.az\/wp-content\/uploads\/2023\/05\/mmm-1-240x172.jpg",240,172,true],"advps-thumb-one":["https:\/\/arantv.az\/wp-content\/uploads\/2023\/05\/mmm-1.jpg",620,413,false]},"rttpg_author":{"display_name":"V\u00fcsal Rafiqo\u011flu","author_link":"https:\/\/arantv.az\/?author=2"},"rttpg_comment":0,"rttpg_category":"<a href=\"https:\/\/arantv.az\/?cat=5\" rel=\"category\">Hadis\u0259<\/a>","rttpg_excerpt":"Bak\u0131 Apellyasiya M\u0259hk\u0259m\u0259sind\u0259 arvad\u0131n\u0131 q\u0259tl\u0259 yetirm\u0259kd\u0259 ittiham olunan V\u00fcsal Bayramovun bar\u0259sind\u0259ki h\u00f6kmd\u0259n veril\u0259n apellyasiya \u015fikay\u0259ti \u00fczr\u0259 m\u0259hk\u0259m\u0259 iclas\u0131 ba\u015fa \u00e7at\u0131b. Pravda.az-\u0131n \u0259ld\u0259 etdiyi m\u0259lumata g\u00f6r\u0259, hakim \u0130brahim \u0130brahimlinin s\u0259drliyi il\u0259 ke\u00e7iril\u0259n prosesd\u0259 q\u0259rar elan olunub. Q\u0259rara \u0259sas\u0259n, onun apellyasiya \u015fikay\u0259ti t\u0259min edilm\u0259yib. Bak\u0131 A\u011f\u0131r Cinay\u0259tl\u0259r M\u0259hk\u0259m\u0259sinin h\u00f6km\u00fcn\u0259 \u0259sas\u0259n, V\u00fcsal Bayramov arvad\u0131 Ay\u015f\u0259 Bayramovan\u0131 q\u0259sd\u0259n \u00f6ld\u00fcrm\u0259kd\u0259&hellip;","_links":{"self":[{"href":"https:\/\/arantv.az\/index.php?rest_route=\/wp\/v2\/posts\/602081"}],"collection":[{"href":"https:\/\/arantv.az\/index.php?rest_route=\/wp\/v2\/posts"}],"about":[{"href":"https:\/\/arantv.az\/index.php?rest_route=\/wp\/v2\/types\/post"}],"author":[{"embeddable":true,"href":"https:\/\/arantv.az\/index.php?rest_route=\/wp\/v2\/users\/2"}],"replies":[{"embeddable":true,"href":"https:\/\/arantv.az\/index.php?rest_route=%2Fwp%2Fv2%2Fcomments&post=602081"}],"version-history":[{"count":0,"href":"https:\/\/arantv.az\/index.php?rest_route=\/wp\/v2\/posts\/602081\/revisions"}],"wp:featuredmedia":[{"embeddable":true,"href":"https:\/\/arantv.az\/index.php?rest_route=\/wp\/v2\/media\/602082"}],"wp:attachment":[{"href":"https:\/\/arantv.az\/index.php?rest_route=%2Fwp%2Fv2%2Fmedia&parent=602081"}],"wp:term":[{"taxonomy":"category","embeddable":true,"href":"https:\/\/arantv.az\/index.php?rest_route=%2Fwp%2Fv2%2Fcategories&post=602081"},{"taxonomy":"post_tag","embeddable":true,"href":"https:\/\/arantv.az\/index.php?rest_route=%2Fwp%2Fv2%2Ftags&post=602081"}],"curies":[{"name":"wp","href":"https:\/\/api.w.org\/{rel}","templated":true}]}}