{"id":602084,"date":"2023-05-25T10:43:43","date_gmt":"2023-05-25T06:43:43","guid":{"rendered":"https:\/\/arantv.az\/?p=602084"},"modified":"2023-05-25T10:43:43","modified_gmt":"2023-05-25T06:43:43","slug":"k%c9%99rim-v%c9%99liyev-pakistanli-nazirl%c9%99-birg%c9%99-t%c9%99liml%c9%99ri-v%c9%99-erm%c9%99ni-t%c9%99xribatlarini-muzakir%c9%99-edib-foto","status":"publish","type":"post","link":"https:\/\/arantv.az\/?p=602084","title":{"rendered":"K\u0259rim V\u0259liyev pakistanl\u0131 nazirl\u0259 birg\u0259 t\u0259liml\u0259ri v\u0259 erm\u0259ni t\u0259xribatlar\u0131n\u0131 m\u00fczakir\u0259 edib &#8211; FOTO"},"content":{"rendered":"<article class=\"news\">\n<div class=\"news-inner\">\n<p>Pakistan \u0130slam Respublikas\u0131nda r\u0259smi s\u0259f\u0259rd\u0259 olan m\u00fcdafi\u0259 nazirinin birinci m\u00fcavini \u2013 Az\u0259rbaycan Ordusunun Ba\u015f Q\u0259rargah r\u0259isi general-polkovnik K\u0259rim V\u0259liyev Parlamentin M\u00fcdafi\u0259 Palatas\u0131n\u0131 ziyar\u0259t ed\u0259r\u0259k bu \u00f6lk\u0259nin Federal m\u00fcdafi\u0259 naziri Asif Muhammed Xavaca il\u0259 g\u00f6r\u00fc\u015f\u00fcb.<\/p>\n<p>Bu bar\u0259d\u0259 M\u00fcdafi\u0259 Nazirliyi m\u0259lumat yay\u0131b.<\/p>\n<p>Qonaqlar\u0131 salamlayan Pakistan\u0131n m\u00fcdafi\u0259 naziri Az\u0259rbaycan il\u0259 Pakistan aras\u0131nda h\u0259rbi \u0259laq\u0259l\u0259rin y\u00fcks\u0259k s\u0259viyy\u0259d\u0259 oldu\u011funu, \u00f6lk\u0259sinin Az\u0259rbaycan\u0131n \u0259razi b\u00fct\u00f6vl\u00fcy\u00fcn\u00fc tan\u0131d\u0131\u011f\u0131n\u0131 v\u0259 \u00f6lk\u0259mizl\u0259 h\u0259rbi \u0259laq\u0259l\u0259rin geni\u015fl\u0259ndirilm\u0259sin\u0259 x\u00fcsusi \u00f6n\u0259m verdiyini diqq\u0259t\u0259 \u00e7atd\u0131r\u0131b.<br \/>\nD\u00f6vl\u0259tl\u0259rimizin h\u0259m ikit\u0259r\u0259fli \u0259sasda, h\u0259m d\u0259 beyn\u0259lxalq t\u0259\u015fkilatlar \u00e7\u0259r\u00e7iv\u0259sind\u0259 b\u00fct\u00fcn m\u0259s\u0259l\u0259l\u0259rd\u0259 qar\u015f\u0131l\u0131ql\u0131 d\u0259st\u0259k g\u00f6st\u0259rdiyini qeyd ed\u0259n nazir \u00f6lk\u0259l\u0259rimizin yerl\u0259\u015fdiyi b\u00f6lg\u0259l\u0259rd\u0259 yaranm\u0131\u015f v\u0259ziyy\u0259t v\u0259 yeni \u00e7a\u011f\u0131r\u0131\u015flar\u0131n h\u0259rbi \u0259m\u0259kda\u015fl\u0131\u011f\u0131m\u0131z\u0131n m\u00f6hk\u0259ml\u0259ndirilm\u0259sini z\u0259ruri etdiyini diqq\u0259t\u0259 \u00e7atd\u0131r\u0131b.<\/p>\n<p>A.M.Xavaca h\u0259r iki \u00f6lk\u0259 ordular\u0131n\u0131n d\u00f6y\u00fc\u015f qabiliyy\u0259tinin art\u0131r\u0131lmas\u0131, bu sah\u0259d\u0259 t\u0259cr\u00fcb\u0259 m\u00fcbadil\u0259sinin apar\u0131lmas\u0131, habel\u0259 \u0259ld\u0259 olunan nailiyy\u0259tl\u0259rin daha da inki\u015faf etdirilm\u0259sinin vacibliyini vur\u011fulay\u0131b.<\/p>\n<p>Q\u0259bula g\u00f6r\u0259 t\u0259\u015f\u0259kk\u00fcr\u00fcn\u00fc bildir\u0259n general-polkovnik K.V\u0259liyev Az\u0259rbaycan Respublikas\u0131n\u0131n m\u00fcdafi\u0259 naziri general-polkovnik Zakir H\u0259s\u0259novun salamlar\u0131n\u0131 A.M.Xavacaya \u00e7atd\u0131r\u0131b.<br \/>\nBa\u015f Q\u0259rargah r\u0259isi Pakistanla m\u00fcdafi\u0259 sah\u0259sind\u0259 \u0259m\u0259kda\u015fl\u0131\u011f\u0131n geni\u015fl\u0259ndirilm\u0259sinin Az\u0259rbaycan Respublikas\u0131n\u0131n Prezidenti, Silahl\u0131 Q\u00fcvv\u0259l\u0259rin Ali Ba\u015f Komandan\u0131\u00a0<strong>\u0130lham \u018fliyevin<\/strong>\u00a0daim diqq\u0259t m\u0259rk\u0259zind\u0259 oldu\u011funu x\u00fcsusi qeyd edib.<\/p>\n<p>General-polkovnik K.V\u0259liyev azad edilmi\u015f \u0259razil\u0259rd\u0259 apar\u0131lan m\u00fch\u0259ndis v\u0259 b\u0259rpa-quruculuq i\u015fl\u0259ri, h\u0259m\u00e7inin Erm\u0259nistan silahl\u0131 q\u00fcvv\u0259l\u0259rinin \u015f\u0259rti s\u0259rh\u0259dd\u0259 t\u00f6r\u0259tdiyi t\u0259xribatlar v\u0259 bu t\u0259xribatlara qar\u015f\u0131 g\u00f6r\u00fcl\u0259n t\u0259dbirl\u0259r bar\u0259d\u0259 Pakistan\u0131n m\u00fcdafi\u0259 nazirin\u0259 \u0259trafl\u0131 m\u0259lumat verib.<br \/>\nT\u0259r\u0259fl\u0259r birg\u0259 t\u0259liml\u0259rin ke\u00e7irilm\u0259si, m\u00fcdafi\u0259 s\u0259nayesi sah\u0259sind\u0259 \u0259m\u0259kda\u015fl\u0131q, o c\u00fcml\u0259d\u0259n qar\u015f\u0131l\u0131ql\u0131 maraq do\u011furan bir s\u0131ra m\u0259s\u0259l\u0259l\u0259ri m\u00fczakir\u0259 edib, Az\u0259rbaycan il\u0259 Pakistan aras\u0131nda h\u0259rbi v\u0259 h\u0259rbi-texniki \u0259m\u0259kda\u015fl\u0131\u011f\u0131n daha da geni\u015fl\u0259ndirilm\u0259sinin \u0259h\u0259miyy\u0259tini vur\u011fulay\u0131blar.<br \/>\nG\u00f6r\u00fc\u015fd\u0259 Az\u0259rbaycan Respublikas\u0131n\u0131n Pakistan \u0130slam Respublikas\u0131ndak\u0131 f\u00f6vq\u0259lad\u0259 v\u0259 s\u0259lahiyy\u0259tli s\u0259firi X\u0259z\u0259r F\u0259rhadov da i\u015ftirak edib.<\/p>\n<p>&nbsp;<\/p>\n<div class=\"gallery\">\n<div class=\"gallery-i\"><img src=\"https:\/\/cdn.oxu.az\/uploads\/W1siZiIsIjIwMjMvMDUvMjUvMTAvMTQvMjEvMGFkMTFlMmItOWU4Mi00MGU1LWFmYjUtMmI1ODhkYWQ1YjhiLzFlZjgxMDBkNTc2YTBkNDM0ZDRhNTQ0ZTA4NWJhYTk0LmpwZyJdLFsicCIsImVuY29kZSIsImpwZyIsIi1xdWFsaXR5IDgwIl0sWyJwIiwidGh1bWIiLCI1OTB4NTkwXHUwMDNlIl1d?sha=63b7fdaddf95867a\" alt=\"\" \/><\/p>\n<div class=\"gallery-i-caption\"><\/div>\n<\/div>\n<div class=\"gallery-i\"><img src=\"https:\/\/cdn.oxu.az\/uploads\/W1siZiIsIjIwMjMvMDUvMjUvMTAvMTQvMjEvYWEwNGMwNGItMWExYS00ZGQ1LWJhMGEtMDJhYThlYjJhNTIzLzI0NjVjZmZlMDlmYmRkOTc4ZDA0MWM4YmIwNjY3YjcxLmpwZyJdLFsicCIsImVuY29kZSIsImpwZyIsIi1xdWFsaXR5IDgwIl0sWyJwIiwidGh1bWIiLCI1OTB4NTkwXHUwMDNlIl1d?sha=75f010444881c3e5\" alt=\"\" \/><\/p>\n<div class=\"gallery-i-caption\"><\/div>\n<\/div>\n<\/div>\n<\/div>\n<\/article>\n","protected":false},"excerpt":{"rendered":"<p>Pakistan \u0130slam Respublikas\u0131nda r\u0259smi s\u0259f\u0259rd\u0259 olan m\u00fcdafi\u0259 nazirinin birinci m\u00fcavini \u2013 Az\u0259rbaycan Ordusunun Ba\u015f Q\u0259rargah r\u0259isi general-polkovnik K\u0259rim V\u0259liyev Parlamentin M\u00fcdafi\u0259 Palatas\u0131n\u0131 ziyar\u0259t ed\u0259r\u0259k bu \u00f6lk\u0259nin Federal m\u00fcdafi\u0259 naziri Asif Muhammed Xavaca il\u0259 g\u00f6r\u00fc\u015f\u00fcb. Bu bar\u0259d\u0259 M\u00fcdafi\u0259 Nazirliyi m\u0259lumat yay\u0131b. Qonaqlar\u0131 salamlayan Pakistan\u0131n m\u00fcdafi\u0259 naziri Az\u0259rbaycan il\u0259 Pakistan aras\u0131nda h\u0259rbi \u0259laq\u0259l\u0259rin y\u00fcks\u0259k s\u0259viyy\u0259d\u0259 oldu\u011funu, \u00f6lk\u0259sinin Az\u0259rbaycan\u0131n \u0259razi b\u00fct\u00f6vl\u00fcy\u00fcn\u00fc tan\u0131d\u0131\u011f\u0131n\u0131 v\u0259 \u00f6lk\u0259mizl\u0259 h\u0259rbi \u0259laq\u0259l\u0259rin geni\u015fl\u0259ndirilm\u0259sin\u0259 x\u00fcsusi \u00f6n\u0259m verdiyini diqq\u0259t\u0259 \u00e7atd\u0131r\u0131b. D\u00f6vl\u0259tl\u0259rimizin h\u0259m ikit\u0259r\u0259fli \u0259sasda, h\u0259m d\u0259 beyn\u0259lxalq t\u0259\u015fkilatlar \u00e7\u0259r\u00e7iv\u0259sind\u0259 b\u00fct\u00fcn m\u0259s\u0259l\u0259l\u0259rd\u0259 qar\u015f\u0131l\u0131ql\u0131 d\u0259st\u0259k g\u00f6st\u0259rdiyini qeyd ed\u0259n nazir \u00f6lk\u0259l\u0259rimizin yerl\u0259\u015fdiyi b\u00f6lg\u0259l\u0259rd\u0259 yaranm\u0131\u015f&hellip;<\/p>\n","protected":false},"author":2,"featured_media":602085,"comment_status":"closed","ping_status":"closed","sticky":false,"template":"","format":"standard","meta":{"om_disable_all_campaigns":false,"_monsterinsights_skip_tracking":false,"_monsterinsights_sitenote_active":false,"_monsterinsights_sitenote_note":"","_monsterinsights_sitenote_category":0},"categories":[19],"tags":[],"aioseo_notices":[],"gutentor_comment":0,"rttpg_featured_image_url":{"full":["https:\/\/arantv.az\/wp-content\/uploads\/2023\/05\/77a5a9208756f46f904b770dbc8617f7.jpg",620,413,false],"landscape":["https:\/\/arantv.az\/wp-content\/uploads\/2023\/05\/77a5a9208756f46f904b770dbc8617f7.jpg",620,413,false],"portraits":["https:\/\/arantv.az\/wp-content\/uploads\/2023\/05\/77a5a9208756f46f904b770dbc8617f7.jpg",620,413,false],"thumbnail":["https:\/\/arantv.az\/wp-content\/uploads\/2023\/05\/77a5a9208756f46f904b770dbc8617f7-500x280.jpg",500,280,true],"medium":["https:\/\/arantv.az\/wp-content\/uploads\/2023\/05\/77a5a9208756f46f904b770dbc8617f7-548x365.jpg",548,365,true],"large":["https:\/\/arantv.az\/wp-content\/uploads\/2023\/05\/77a5a9208756f46f904b770dbc8617f7.jpg",620,413,false],"1536x1536":["https:\/\/arantv.az\/wp-content\/uploads\/2023\/05\/77a5a9208756f46f904b770dbc8617f7.jpg",620,413,false],"2048x2048":["https:\/\/arantv.az\/wp-content\/uploads\/2023\/05\/77a5a9208756f46f904b770dbc8617f7.jpg",620,413,false],"post-thumbnail":["https:\/\/arantv.az\/wp-content\/uploads\/2023\/05\/77a5a9208756f46f904b770dbc8617f7-240x172.jpg",240,172,true],"advps-thumb-one":["https:\/\/arantv.az\/wp-content\/uploads\/2023\/05\/77a5a9208756f46f904b770dbc8617f7.jpg",620,413,false]},"rttpg_author":{"display_name":"V\u00fcsal Rafiqo\u011flu","author_link":"https:\/\/arantv.az\/?author=2"},"rttpg_comment":0,"rttpg_category":"<a href=\"https:\/\/arantv.az\/?cat=19\" rel=\"category\">G\u00fcnd\u0259m<\/a>","rttpg_excerpt":"Pakistan \u0130slam Respublikas\u0131nda r\u0259smi s\u0259f\u0259rd\u0259 olan m\u00fcdafi\u0259 nazirinin birinci m\u00fcavini \u2013 Az\u0259rbaycan Ordusunun Ba\u015f Q\u0259rargah r\u0259isi general-polkovnik K\u0259rim V\u0259liyev Parlamentin M\u00fcdafi\u0259 Palatas\u0131n\u0131 ziyar\u0259t ed\u0259r\u0259k bu \u00f6lk\u0259nin Federal m\u00fcdafi\u0259 naziri Asif Muhammed Xavaca il\u0259 g\u00f6r\u00fc\u015f\u00fcb. Bu bar\u0259d\u0259 M\u00fcdafi\u0259 Nazirliyi m\u0259lumat yay\u0131b. Qonaqlar\u0131 salamlayan Pakistan\u0131n m\u00fcdafi\u0259 naziri Az\u0259rbaycan il\u0259 Pakistan aras\u0131nda h\u0259rbi \u0259laq\u0259l\u0259rin y\u00fcks\u0259k s\u0259viyy\u0259d\u0259 oldu\u011funu, \u00f6lk\u0259sinin&hellip;","_links":{"self":[{"href":"https:\/\/arantv.az\/index.php?rest_route=\/wp\/v2\/posts\/602084"}],"collection":[{"href":"https:\/\/arantv.az\/index.php?rest_route=\/wp\/v2\/posts"}],"about":[{"href":"https:\/\/arantv.az\/index.php?rest_route=\/wp\/v2\/types\/post"}],"author":[{"embeddable":true,"href":"https:\/\/arantv.az\/index.php?rest_route=\/wp\/v2\/users\/2"}],"replies":[{"embeddable":true,"href":"https:\/\/arantv.az\/index.php?rest_route=%2Fwp%2Fv2%2Fcomments&post=602084"}],"version-history":[{"count":0,"href":"https:\/\/arantv.az\/index.php?rest_route=\/wp\/v2\/posts\/602084\/revisions"}],"wp:featuredmedia":[{"embeddable":true,"href":"https:\/\/arantv.az\/index.php?rest_route=\/wp\/v2\/media\/602085"}],"wp:attachment":[{"href":"https:\/\/arantv.az\/index.php?rest_route=%2Fwp%2Fv2%2Fmedia&parent=602084"}],"wp:term":[{"taxonomy":"category","embeddable":true,"href":"https:\/\/arantv.az\/index.php?rest_route=%2Fwp%2Fv2%2Fcategories&post=602084"},{"taxonomy":"post_tag","embeddable":true,"href":"https:\/\/arantv.az\/index.php?rest_route=%2Fwp%2Fv2%2Ftags&post=602084"}],"curies":[{"name":"wp","href":"https:\/\/api.w.org\/{rel}","templated":true}]}}