{"id":602087,"date":"2023-05-25T10:44:57","date_gmt":"2023-05-25T06:44:57","guid":{"rendered":"https:\/\/arantv.az\/?p=602087"},"modified":"2023-05-25T10:44:57","modified_gmt":"2023-05-25T06:44:57","slug":"s%c9%99hiyy%c9%99-naziri-il%c9%99-ust-nin-bas-direktoru-arasinda-gorus-kecirilib-foto","status":"publish","type":"post","link":"https:\/\/arantv.az\/?p=602087","title":{"rendered":"S\u0259hiyy\u0259 naziri il\u0259 \u00dcST-nin ba\u015f direktoru aras\u0131nda g\u00f6r\u00fc\u015f ke\u00e7irilib &#8211; FOTO"},"content":{"rendered":"<article class=\"news\">\n<div class=\"news-inner\">\n<p>\u00dcmumd\u00fcnya S\u0259hiyy\u0259 Assambleyas\u0131n\u0131n 76-c\u0131 sessiyas\u0131 \u00e7\u0259r\u00e7iv\u0259sind\u0259 Az\u0259rbaycan n\u00fcmay\u0259nd\u0259 hey\u0259tinin r\u0259hb\u0259ri, s\u0259hiyy\u0259 naziri Teymur Musayevl\u0259 \u00dcmumd\u00fcnya S\u0259hiyy\u0259 T\u0259\u015fkilat\u0131n\u0131n (\u00dcST) ba\u015f direktoru Tedros Adhanom Qebreyesus aras\u0131nda g\u00f6r\u00fc\u015f ke\u00e7irilib.<\/p>\n<p>G\u00f6r\u00fc\u015f\u00fcn \u0259vv\u0259lind\u0259 Az\u0259rbaycan n\u00fcmay\u0259nd\u0259 hey\u0259tinin r\u0259hb\u0259ri \u00dcmumd\u00fcnya S\u0259hiyy\u0259 T\u0259\u015fkilat\u0131n\u0131n 75 illik yubileyi m\u00fcnasib\u0259til\u0259 \u00dcST-nin ba\u015f direktorunu t\u0259brik edib.<\/p>\n<p>Teymur Musayev bu il Az\u0259rbaycanda 100 illik yubileyi qeyd edil\u0259n xalq\u0131m\u0131z\u0131n \u00fcmummilli lideri Heyd\u0259r \u018fliyevin \u00f6lk\u0259mizin \u00dcST-l\u0259 u\u011furlu v\u0259 s\u0131x \u0259m\u0259kda\u015fl\u0131\u011f\u0131n\u0131n \u0259sas\u0131n\u0131 qoydu\u011funu qeyd edib. H\u0259m\u00e7inin Prezident<strong>\u00a0\u0130lham \u018fliyevin\u00a0<\/strong>n\u00fcfuzlu s\u0259hiyy\u0259 t\u0259\u015fkilat\u0131 il\u0259 m\u00fcnasib\u0259tl\u0259rin daha da inki\u015faf\u0131na b\u00f6y\u00fck \u00f6n\u0259m verdiyi vur\u011fulan\u0131b.<\/p>\n<p>COVID-19 pandemiyas\u0131 d\u00f6vr\u00fcnd\u0259 Az\u0259rbaycan Respublikas\u0131 Prezidentinin Qo\u015fulmama H\u0259r\u0259kat\u0131n\u0131n s\u0259dri qismind\u0259 pandemiya il\u0259 m\u00fcbariz\u0259d\u0259 qlobal s\u0259yl\u0259rin s\u0259f\u0259rb\u0259r edilm\u0259si \u00fc\u00e7\u00fcn bir s\u0131ra t\u0259\u015f\u0259bb\u00fcsl\u0259rin ir\u0259li s\u00fcrd\u00fcy\u00fcn\u00fc bildirib.<\/p>\n<p>\u00dcmumd\u00fcnya S\u0259hiyy\u0259 T\u0259\u015fkilat\u0131n\u0131n COVID-19-la ba\u011fl\u0131 f\u00f6vq\u0259lad\u0259 v\u0259ziyy\u0259tin ba\u015fa \u00e7atd\u0131\u011f\u0131n\u0131 elan etdiyini vur\u011fulayan nazir, pandemiya d\u00f6vr\u00fcnd\u0259 \u00dcST-nin Az\u0259rbaycanla s\u0259m\u0259r\u0259li \u0259m\u0259kda\u015fl\u0131\u011fa v\u0259 qurumun verdiyi d\u0259st\u0259y\u0259 g\u00f6r\u0259 Tedros Adhanom Qebreyesusa t\u0259\u015f\u0259kk\u00fcr\u00fcn\u00fc ifad\u0259 edib.<\/p>\n<p>T\u0259\u015fkilat\u0131n ba\u015f direktoru Tedros Adhanom Qebreyesus Az\u0259rbaycan Prezidenti \u0130lham \u018fliyevin \u00dcST il\u0259 \u0259m\u0259kda\u015fl\u0131\u011fa verdiyi \u00f6n\u0259mi y\u00fcks\u0259k qiym\u0259tl\u0259ndirib. X\u00fcsus\u0259n pandemiya d\u00f6vr\u00fcnd\u0259 \u00f6lk\u0259mizin t\u0259\u015fkilata etdiyi humanitar yard\u0131mlar\u0131, eyni zamanda x\u0259st\u0259liyin aradan qald\u0131r\u0131lmas\u0131 m\u0259qs\u0259dil\u0259 \u00f6lk\u0259l\u0259ri birg\u0259 \u0259m\u0259kda\u015fl\u0131\u011fa s\u0259sl\u0259y\u0259n qlobal \u00e7a\u011f\u0131r\u0131\u015flar\u0131 xat\u0131rlad\u0131b.<\/p>\n<p>H\u0259m\u00e7inin Az\u0259rbaycan\u0131n malyariyadan azad \u00f6lk\u0259 elan edilm\u0259si m\u00fcnasib\u0259til\u0259 t\u0259brikl\u0259rini \u00e7atd\u0131r\u0131b v\u0259 bu t\u0259cr\u00fcb\u0259nin dig\u0259r \u00f6lk\u0259l\u0259r \u00fc\u00e7\u00fcn d\u0259 bir n\u00fcmun\u0259 oldu\u011funu bildirib.<\/p>\n<p>Sonda t\u0259r\u0259fl\u0259r aras\u0131nda s\u0259hiyy\u0259 b\u00f6hranlar\u0131na haz\u0131rl\u0131q v\u0259 cavab t\u0259dbirl\u0259rinin g\u00fccl\u0259ndirilm\u0259si, ilkin s\u0259hiyy\u0259 xidm\u0259tl\u0259rind\u0259 beyn\u0259lxalq s\u0259viyy\u0259d\u0259 t\u0259sdiq olunmu\u015f r\u0259q\u0259msal h\u0259ll\u0259rin t\u0259tbiqinin vacibliyi, el\u0259c\u0259 d\u0259 dig\u0259r qar\u015f\u0131l\u0131ql\u0131 maraq k\u0259sb ed\u0259n m\u0259s\u0259l\u0259l\u0259r\u0259 dair fikir m\u00fcbadil\u0259si apar\u0131l\u0131b.<\/p>\n<p>&nbsp;<\/p>\n<div class=\"gallery\">\n<div class=\"gallery-i\"><img src=\"https:\/\/cdn.oxu.az\/uploads\/W1siZiIsIjIwMjMvMDUvMjUvMTAvMDYvMzkvOWZlN2Y3YzEtNmNjYy00MzEyLTkxNzctNjEyZTdkNGQ0Mjk0LzI1LTEuanBnIl0sWyJwIiwiZW5jb2RlIiwianBnIiwiLXF1YWxpdHkgODAiXSxbInAiLCJ0aHVtYiIsIjU5MHg1OTBcdTAwM2UiXV0?sha=a077899ec4a241ee\" alt=\"\" \/><\/p>\n<div class=\"gallery-i-caption\"><\/div>\n<\/div>\n<\/div>\n<\/div>\n<\/article>\n","protected":false},"excerpt":{"rendered":"<p>\u00dcmumd\u00fcnya S\u0259hiyy\u0259 Assambleyas\u0131n\u0131n 76-c\u0131 sessiyas\u0131 \u00e7\u0259r\u00e7iv\u0259sind\u0259 Az\u0259rbaycan n\u00fcmay\u0259nd\u0259 hey\u0259tinin r\u0259hb\u0259ri, s\u0259hiyy\u0259 naziri Teymur Musayevl\u0259 \u00dcmumd\u00fcnya S\u0259hiyy\u0259 T\u0259\u015fkilat\u0131n\u0131n (\u00dcST) ba\u015f direktoru Tedros Adhanom Qebreyesus aras\u0131nda g\u00f6r\u00fc\u015f ke\u00e7irilib. G\u00f6r\u00fc\u015f\u00fcn \u0259vv\u0259lind\u0259 Az\u0259rbaycan n\u00fcmay\u0259nd\u0259 hey\u0259tinin r\u0259hb\u0259ri \u00dcmumd\u00fcnya S\u0259hiyy\u0259 T\u0259\u015fkilat\u0131n\u0131n 75 illik yubileyi m\u00fcnasib\u0259til\u0259 \u00dcST-nin ba\u015f direktorunu t\u0259brik edib. Teymur Musayev bu il Az\u0259rbaycanda 100 illik yubileyi qeyd edil\u0259n xalq\u0131m\u0131z\u0131n \u00fcmummilli lideri Heyd\u0259r \u018fliyevin \u00f6lk\u0259mizin \u00dcST-l\u0259 u\u011furlu v\u0259 s\u0131x \u0259m\u0259kda\u015fl\u0131\u011f\u0131n\u0131n \u0259sas\u0131n\u0131 qoydu\u011funu qeyd edib. H\u0259m\u00e7inin Prezident\u00a0\u0130lham \u018fliyevin\u00a0n\u00fcfuzlu s\u0259hiyy\u0259 t\u0259\u015fkilat\u0131 il\u0259 m\u00fcnasib\u0259tl\u0259rin daha da inki\u015faf\u0131na b\u00f6y\u00fck \u00f6n\u0259m verdiyi vur\u011fulan\u0131b. COVID-19 pandemiyas\u0131 d\u00f6vr\u00fcnd\u0259 Az\u0259rbaycan Respublikas\u0131 Prezidentinin Qo\u015fulmama&hellip;<\/p>\n","protected":false},"author":2,"featured_media":602088,"comment_status":"closed","ping_status":"closed","sticky":false,"template":"","format":"standard","meta":{"om_disable_all_campaigns":false,"_monsterinsights_skip_tracking":false,"_monsterinsights_sitenote_active":false,"_monsterinsights_sitenote_note":"","_monsterinsights_sitenote_category":0},"categories":[19],"tags":[],"aioseo_notices":[],"gutentor_comment":0,"rttpg_featured_image_url":{"full":["https:\/\/arantv.az\/wp-content\/uploads\/2023\/05\/25-2.jpg",620,413,false],"landscape":["https:\/\/arantv.az\/wp-content\/uploads\/2023\/05\/25-2.jpg",620,413,false],"portraits":["https:\/\/arantv.az\/wp-content\/uploads\/2023\/05\/25-2.jpg",620,413,false],"thumbnail":["https:\/\/arantv.az\/wp-content\/uploads\/2023\/05\/25-2-500x280.jpg",500,280,true],"medium":["https:\/\/arantv.az\/wp-content\/uploads\/2023\/05\/25-2-548x365.jpg",548,365,true],"large":["https:\/\/arantv.az\/wp-content\/uploads\/2023\/05\/25-2.jpg",620,413,false],"1536x1536":["https:\/\/arantv.az\/wp-content\/uploads\/2023\/05\/25-2.jpg",620,413,false],"2048x2048":["https:\/\/arantv.az\/wp-content\/uploads\/2023\/05\/25-2.jpg",620,413,false],"post-thumbnail":["https:\/\/arantv.az\/wp-content\/uploads\/2023\/05\/25-2-240x172.jpg",240,172,true],"advps-thumb-one":["https:\/\/arantv.az\/wp-content\/uploads\/2023\/05\/25-2.jpg",620,413,false]},"rttpg_author":{"display_name":"V\u00fcsal Rafiqo\u011flu","author_link":"https:\/\/arantv.az\/?author=2"},"rttpg_comment":0,"rttpg_category":"<a href=\"https:\/\/arantv.az\/?cat=19\" rel=\"category\">G\u00fcnd\u0259m<\/a>","rttpg_excerpt":"\u00dcmumd\u00fcnya S\u0259hiyy\u0259 Assambleyas\u0131n\u0131n 76-c\u0131 sessiyas\u0131 \u00e7\u0259r\u00e7iv\u0259sind\u0259 Az\u0259rbaycan n\u00fcmay\u0259nd\u0259 hey\u0259tinin r\u0259hb\u0259ri, s\u0259hiyy\u0259 naziri Teymur Musayevl\u0259 \u00dcmumd\u00fcnya S\u0259hiyy\u0259 T\u0259\u015fkilat\u0131n\u0131n (\u00dcST) ba\u015f direktoru Tedros Adhanom Qebreyesus aras\u0131nda g\u00f6r\u00fc\u015f ke\u00e7irilib. G\u00f6r\u00fc\u015f\u00fcn \u0259vv\u0259lind\u0259 Az\u0259rbaycan n\u00fcmay\u0259nd\u0259 hey\u0259tinin r\u0259hb\u0259ri \u00dcmumd\u00fcnya S\u0259hiyy\u0259 T\u0259\u015fkilat\u0131n\u0131n 75 illik yubileyi m\u00fcnasib\u0259til\u0259 \u00dcST-nin ba\u015f direktorunu t\u0259brik edib. Teymur Musayev bu il Az\u0259rbaycanda 100 illik yubileyi qeyd edil\u0259n xalq\u0131m\u0131z\u0131n&hellip;","_links":{"self":[{"href":"https:\/\/arantv.az\/index.php?rest_route=\/wp\/v2\/posts\/602087"}],"collection":[{"href":"https:\/\/arantv.az\/index.php?rest_route=\/wp\/v2\/posts"}],"about":[{"href":"https:\/\/arantv.az\/index.php?rest_route=\/wp\/v2\/types\/post"}],"author":[{"embeddable":true,"href":"https:\/\/arantv.az\/index.php?rest_route=\/wp\/v2\/users\/2"}],"replies":[{"embeddable":true,"href":"https:\/\/arantv.az\/index.php?rest_route=%2Fwp%2Fv2%2Fcomments&post=602087"}],"version-history":[{"count":0,"href":"https:\/\/arantv.az\/index.php?rest_route=\/wp\/v2\/posts\/602087\/revisions"}],"wp:featuredmedia":[{"embeddable":true,"href":"https:\/\/arantv.az\/index.php?rest_route=\/wp\/v2\/media\/602088"}],"wp:attachment":[{"href":"https:\/\/arantv.az\/index.php?rest_route=%2Fwp%2Fv2%2Fmedia&parent=602087"}],"wp:term":[{"taxonomy":"category","embeddable":true,"href":"https:\/\/arantv.az\/index.php?rest_route=%2Fwp%2Fv2%2Fcategories&post=602087"},{"taxonomy":"post_tag","embeddable":true,"href":"https:\/\/arantv.az\/index.php?rest_route=%2Fwp%2Fv2%2Ftags&post=602087"}],"curies":[{"name":"wp","href":"https:\/\/api.w.org\/{rel}","templated":true}]}}