{"id":602220,"date":"2023-05-25T15:18:02","date_gmt":"2023-05-25T11:18:02","guid":{"rendered":"https:\/\/arantv.az\/?p=602220"},"modified":"2023-05-25T15:18:02","modified_gmt":"2023-05-25T11:18:02","slug":"dunya-liderl%c9%99ri-ilham-%c9%99liyevi-t%c9%99brik-edirl%c9%99r-yenil%c9%99nir-2","status":"publish","type":"post","link":"https:\/\/arantv.az\/?p=602220","title":{"rendered":"D\u00fcnya liderl\u0259ri \u0130lham \u018fliyevi t\u0259brik edirl\u0259r &#8211; YEN\u0130L\u018fN\u0130R"},"content":{"rendered":"<p>G\u00fcrc\u00fcstan\u0131n Ba\u015f naziri \u0130rakli Qariba\u015fvili Az\u0259rbaycan Prezidenti\u00a0<strong>\u0130lham \u018fliyev\u0259<\/strong>\u00a0t\u0259brik m\u0259ktubu \u00fcnvanlay\u0131b.<\/p>\n<p><strong>President.az<\/strong>\u00a0x\u0259b\u0259r verir ki,\u00a0<a href=\"https:\/\/president.az\/az\/articles\/view\/59932\" target=\"_blank\" rel=\"noopener\">m\u0259ktubda<\/a>\u00a0deyilir:<\/p>\n<p>\u201cAz\u0259rbaycan Respublikas\u0131n\u0131n M\u00fcst\u0259qillik G\u00fcn\u00fc m\u00fcnasib\u0259til\u0259 Siz\u0259 v\u0259 dost Az\u0259rbaycan xalq\u0131na s\u0259mimi salamlar\u0131m\u0131 v\u0259 t\u0259brikl\u0259rimi \u00e7atd\u0131r\u0131ram.<\/p>\n<p>F\u00fcrs\u0259td\u0259n istifad\u0259 ed\u0259r\u0259k, Az\u0259rbaycan il\u0259 G\u00fcrc\u00fcstan aras\u0131nda t\u0259r\u0259fda\u015fl\u0131\u011f\u0131n m\u00f6hk\u0259ml\u0259nm\u0259sin\u0259 \u015f\u0259xsi d\u0259st\u0259yiniz\u0259 v\u0259 t\u00f6hf\u0259niz\u0259 g\u00f6r\u0259 Siz\u0259 d\u0259rin minn\u0259tdarl\u0131\u011f\u0131m\u0131 bildirir\u0259m. Bu il x\u00fcsusi \u0259h\u0259miyy\u0259t k\u0259sb edir, \u00e7\u00fcnki Az\u0259rbaycan xalq\u0131 \u00f6lk\u0259nin t\u0259r\u0259qqisi v\u0259 inki\u015faf\u0131nda m\u00fch\u00fcm xidm\u0259tl\u0259ri olan uzaqg\u00f6r\u0259n lider Heyd\u0259r \u018fliyevin 100 illiyini qeyd edir.<\/p>\n<p>\u018fziz dost, \u0259m\u0259kda\u015fl\u0131\u011f\u0131m\u0131z\u0131n d\u00f6vl\u0259tl\u0259rimiz, xalqlar\u0131m\u0131z \u00fc\u00e7\u00fcn daha b\u00f6y\u00fck u\u011furlar g\u0259tir\u0259c\u0259yini s\u0259birsizlikl\u0259 g\u00f6zl\u0259yirik.<\/p>\n<p>Siz\u0259 s\u00fclh, t\u0259r\u0259qqi v\u0259 u\u011furlarla z\u0259ngin g\u0259l\u0259c\u0259k arzulay\u0131ram. Qoy Az\u0259rbaycan bundan sonra da \u00e7i\u00e7\u0259kl\u0259nsin v\u0259 inki\u015faf etsin!\u201d<\/p>\n<p><strong>14:51<\/strong><\/p>\n<p>F\u0259l\u0259stin D\u00f6vl\u0259tinin Prezidenti, F\u0259l\u0259stin Azadl\u0131q T\u0259\u015fkilat\u0131 \u0130craiyy\u0259 Komit\u0259sinin s\u0259dri Mahmud Abbas Az\u0259rbaycan Respublikas\u0131n\u0131n Prezidenti\u00a0<strong>\u0130lham \u018fliyev\u0259<\/strong>\u00a0t\u0259brik m\u0259ktubu \u00fcnvanlay\u0131b.<\/p>\n<p><strong>President.az<\/strong>\u00a0x\u0259b\u0259r verir ki,\u00a0<a href=\"https:\/\/president.az\/az\/articles\/view\/59927\" target=\"_blank\" rel=\"noopener\">m\u0259ktubda<\/a>\u00a0deyilir:<\/p>\n<p>\u201cMilli bayram\u0131n\u0131z &#8211; M\u00fcst\u0259qillik G\u00fcn\u00fc m\u00fcnasib\u0259til\u0259 F\u0259l\u0259stin D\u00f6vl\u0259ti v\u0259 xalq\u0131 ad\u0131ndan, \u015f\u0259xs\u0259n \u00f6z ad\u0131mdan Siz\u0259, Sizin \u015f\u0259xsinizd\u0259 h\u00f6kum\u0259tiniz\u0259 v\u0259 qarda\u015f Az\u0259rbaycan xalq\u0131na \u0259n s\u0259mimi t\u0259brikl\u0259rimi v\u0259 arzular\u0131m\u0131 \u00e7atd\u0131rmaqdan m\u0259mnunluq duyuram.<\/p>\n<p>Allahdan Siz\u0259 m\u00f6hk\u0259m cansa\u011fl\u0131\u011f\u0131, xo\u015fb\u0259xtlik v\u0259 m\u00fcv\u0259ff\u0259qiyy\u0259tl\u0259r dil\u0259yir, \u00f6lk\u0259niz\u0259 v\u0259 xalq\u0131n\u0131za daha b\u00f6y\u00fck t\u0259r\u0259qqi v\u0259 firavanl\u0131q, \u00f6lk\u0259l\u0259rimiz aras\u0131nda f\u0259xr etdiyimiz \u0259laq\u0259l\u0259rin daha da inki\u015faf\u0131n\u0131 arzulay\u0131ram.<\/p>\n<p>Xahi\u015f edir\u0259m, \u0259n xo\u015f arzular\u0131m\u0131 q\u0259bul edin\u201d.<\/p>\n<p>Bundan ba\u015fqa, Tailand Krall\u0131\u011f\u0131n\u0131n Ba\u015f naziri General Prayut \u00c7an-o-\u00e7a da d\u00f6vl\u0259timizin ba\u015f\u00e7\u0131s\u0131na t\u0259brik m\u0259ktubu g\u00f6nd\u0259rib.<\/p>\n<p><a href=\"https:\/\/president.az\/az\/articles\/view\/59930\" target=\"_blank\" rel=\"noopener\">M\u0259ktubda<\/a>\u00a0deyilir:<\/p>\n<p>\u201c\u00d6lk\u0259nizin milli bayram\u0131 &#8211; M\u00fcst\u0259qillik G\u00fcn\u00fc m\u00fcnasib\u0259til\u0259 Tailand Krall\u0131\u011f\u0131n\u0131n h\u00f6kum\u0259ti v\u0259 xalq\u0131 ad\u0131ndan Siz\u0259 v\u0259 Az\u0259rbaycan xalq\u0131na s\u0259mimi t\u0259brikl\u0259rimi \u00e7atd\u0131rmaqdan b\u00f6y\u00fck m\u0259mnunluq duyuram.<\/p>\n<p>Otuz ild\u0259n \u00e7oxdur ki, Tailand v\u0259 Az\u0259rbaycan aras\u0131nda dostluq m\u00fcnasib\u0259tl\u0259ri m\u00f6vcuddur. \u018fmin\u0259m ki, \u0259laq\u0259l\u0259rimiz \u00f6lk\u0259l\u0259rimizin v\u0259 xalqlar\u0131m\u0131z\u0131n rifah\u0131 namin\u0259 qar\u015f\u0131l\u0131ql\u0131 maraq do\u011furan b\u00fct\u00fcn sah\u0259l\u0259rd\u0259 bundan sonra da m\u00f6hk\u0259ml\u0259n\u0259c\u0259kdir.<\/p>\n<p>Zati-alil\u0259ri, \u0259n y\u00fcks\u0259k ehtiram\u0131m\u0131 q\u0259bul etm\u0259yinizi xahi\u015f edir\u0259m\u201d.<\/p>\n<p><strong>13:11<\/strong><\/p>\n<p>Filippin Prezidenti Ferdinand Romualdez Markos Az\u0259rbaycan Prezidenti<strong>\u00a0\u0130lham \u018fliyev<\/strong>\u0259 t\u0259brik m\u0259ktubu \u00fcnvanlay\u0131b.<\/p>\n<p><a href=\"https:\/\/president.az\/az\/articles\/view\/59929\" target=\"_blank\" rel=\"noopener\"><strong>President.az<\/strong><\/a>\u00a0x\u0259b\u0259r verir ki, m\u0259ktubda deyilir:<\/p>\n<p>\u201cAz\u0259rbaycan\u0131n milli bayram\u0131 &#8211; M\u00fcst\u0259qillik G\u00fcn\u00fc m\u00fcnasib\u0259til\u0259 Filippin xalq\u0131 v\u0259 h\u00f6kum\u0259ti ad\u0131ndan Siz\u0259 \u0259n s\u0259mimi t\u0259brikl\u0259rimi \u00e7atd\u0131r\u0131ram.<\/p>\n<p>Son \u00fc\u00e7 onillikd\u0259 Filippin il\u0259 Az\u0259rbaycan aras\u0131nda s\u0259mimi m\u00fcnasib\u0259tl\u0259r m\u00f6vcuddur. \u0130nan\u0131ram ki, d\u00f6vl\u0259tl\u0259rimiz dostluq \u0259laq\u0259l\u0259rini g\u0259l\u0259c\u0259k ill\u0259rd\u0259 d\u0259 davam etdir\u0259c\u0259k.<\/p>\n<p>Filippin iqlim d\u0259yi\u015fikliyi, enerji t\u0259hl\u00fck\u0259sizliyi v\u0259 pandemiyadan sonrak\u0131 b\u0259rpa kimi \u00fcmumi narahatl\u0131q do\u011furan qlobal \u00e7a\u011f\u0131r\u0131\u015flar\u0131n h\u0259llind\u0259 Az\u0259rbaycanla i\u015fl\u0259m\u0259y\u0259 haz\u0131rd\u0131r.<\/p>\n<p>Zati-alil\u0259ri, \u0259n y\u00fcks\u0259k ehtiram\u0131m\u0131 q\u0259bul etm\u0259yinizi xahi\u015f edir\u0259m\u201d.<\/p>\n","protected":false},"excerpt":{"rendered":"<p>G\u00fcrc\u00fcstan\u0131n Ba\u015f naziri \u0130rakli Qariba\u015fvili Az\u0259rbaycan Prezidenti\u00a0\u0130lham \u018fliyev\u0259\u00a0t\u0259brik m\u0259ktubu \u00fcnvanlay\u0131b. President.az\u00a0x\u0259b\u0259r verir ki,\u00a0m\u0259ktubda\u00a0deyilir: \u201cAz\u0259rbaycan Respublikas\u0131n\u0131n M\u00fcst\u0259qillik G\u00fcn\u00fc m\u00fcnasib\u0259til\u0259 Siz\u0259 v\u0259 dost Az\u0259rbaycan xalq\u0131na s\u0259mimi salamlar\u0131m\u0131 v\u0259 t\u0259brikl\u0259rimi \u00e7atd\u0131r\u0131ram. F\u00fcrs\u0259td\u0259n istifad\u0259 ed\u0259r\u0259k, Az\u0259rbaycan il\u0259 G\u00fcrc\u00fcstan aras\u0131nda t\u0259r\u0259fda\u015fl\u0131\u011f\u0131n m\u00f6hk\u0259ml\u0259nm\u0259sin\u0259 \u015f\u0259xsi d\u0259st\u0259yiniz\u0259 v\u0259 t\u00f6hf\u0259niz\u0259 g\u00f6r\u0259 Siz\u0259 d\u0259rin minn\u0259tdarl\u0131\u011f\u0131m\u0131 bildirir\u0259m. Bu il x\u00fcsusi \u0259h\u0259miyy\u0259t k\u0259sb edir, \u00e7\u00fcnki Az\u0259rbaycan xalq\u0131 \u00f6lk\u0259nin t\u0259r\u0259qqisi v\u0259 inki\u015faf\u0131nda m\u00fch\u00fcm xidm\u0259tl\u0259ri olan uzaqg\u00f6r\u0259n lider Heyd\u0259r \u018fliyevin 100 illiyini qeyd edir. \u018fziz dost, \u0259m\u0259kda\u015fl\u0131\u011f\u0131m\u0131z\u0131n d\u00f6vl\u0259tl\u0259rimiz, xalqlar\u0131m\u0131z \u00fc\u00e7\u00fcn daha b\u00f6y\u00fck u\u011furlar g\u0259tir\u0259c\u0259yini s\u0259birsizlikl\u0259 g\u00f6zl\u0259yirik. Siz\u0259 s\u00fclh, t\u0259r\u0259qqi v\u0259 u\u011furlarla z\u0259ngin g\u0259l\u0259c\u0259k arzulay\u0131ram.&hellip;<\/p>\n","protected":false},"author":2,"featured_media":602221,"comment_status":"closed","ping_status":"closed","sticky":false,"template":"","format":"standard","meta":{"om_disable_all_campaigns":false,"_monsterinsights_skip_tracking":false,"_monsterinsights_sitenote_active":false,"_monsterinsights_sitenote_note":"","_monsterinsights_sitenote_category":0},"categories":[19],"tags":[],"aioseo_notices":[],"gutentor_comment":0,"rttpg_featured_image_url":{"full":["https:\/\/arantv.az\/wp-content\/uploads\/2023\/05\/5f44a63353c24-t0shxN7_yPUZws0-10.jpg",620,413,false],"landscape":["https:\/\/arantv.az\/wp-content\/uploads\/2023\/05\/5f44a63353c24-t0shxN7_yPUZws0-10.jpg",620,413,false],"portraits":["https:\/\/arantv.az\/wp-content\/uploads\/2023\/05\/5f44a63353c24-t0shxN7_yPUZws0-10.jpg",620,413,false],"thumbnail":["https:\/\/arantv.az\/wp-content\/uploads\/2023\/05\/5f44a63353c24-t0shxN7_yPUZws0-10-500x280.jpg",500,280,true],"medium":["https:\/\/arantv.az\/wp-content\/uploads\/2023\/05\/5f44a63353c24-t0shxN7_yPUZws0-10-548x365.jpg",548,365,true],"large":["https:\/\/arantv.az\/wp-content\/uploads\/2023\/05\/5f44a63353c24-t0shxN7_yPUZws0-10.jpg",620,413,false],"1536x1536":["https:\/\/arantv.az\/wp-content\/uploads\/2023\/05\/5f44a63353c24-t0shxN7_yPUZws0-10.jpg",620,413,false],"2048x2048":["https:\/\/arantv.az\/wp-content\/uploads\/2023\/05\/5f44a63353c24-t0shxN7_yPUZws0-10.jpg",620,413,false],"post-thumbnail":["https:\/\/arantv.az\/wp-content\/uploads\/2023\/05\/5f44a63353c24-t0shxN7_yPUZws0-10-240x172.jpg",240,172,true],"advps-thumb-one":["https:\/\/arantv.az\/wp-content\/uploads\/2023\/05\/5f44a63353c24-t0shxN7_yPUZws0-10.jpg",620,413,false]},"rttpg_author":{"display_name":"V\u00fcsal Rafiqo\u011flu","author_link":"https:\/\/arantv.az\/?author=2"},"rttpg_comment":0,"rttpg_category":"<a href=\"https:\/\/arantv.az\/?cat=19\" rel=\"category\">G\u00fcnd\u0259m<\/a>","rttpg_excerpt":"G\u00fcrc\u00fcstan\u0131n Ba\u015f naziri \u0130rakli Qariba\u015fvili Az\u0259rbaycan Prezidenti\u00a0\u0130lham \u018fliyev\u0259\u00a0t\u0259brik m\u0259ktubu \u00fcnvanlay\u0131b. President.az\u00a0x\u0259b\u0259r verir ki,\u00a0m\u0259ktubda\u00a0deyilir: \u201cAz\u0259rbaycan Respublikas\u0131n\u0131n M\u00fcst\u0259qillik G\u00fcn\u00fc m\u00fcnasib\u0259til\u0259 Siz\u0259 v\u0259 dost Az\u0259rbaycan xalq\u0131na s\u0259mimi salamlar\u0131m\u0131 v\u0259 t\u0259brikl\u0259rimi \u00e7atd\u0131r\u0131ram. F\u00fcrs\u0259td\u0259n istifad\u0259 ed\u0259r\u0259k, Az\u0259rbaycan il\u0259 G\u00fcrc\u00fcstan aras\u0131nda t\u0259r\u0259fda\u015fl\u0131\u011f\u0131n m\u00f6hk\u0259ml\u0259nm\u0259sin\u0259 \u015f\u0259xsi d\u0259st\u0259yiniz\u0259 v\u0259 t\u00f6hf\u0259niz\u0259 g\u00f6r\u0259 Siz\u0259 d\u0259rin minn\u0259tdarl\u0131\u011f\u0131m\u0131 bildirir\u0259m. Bu il x\u00fcsusi \u0259h\u0259miyy\u0259t k\u0259sb edir, \u00e7\u00fcnki Az\u0259rbaycan xalq\u0131&hellip;","_links":{"self":[{"href":"https:\/\/arantv.az\/index.php?rest_route=\/wp\/v2\/posts\/602220"}],"collection":[{"href":"https:\/\/arantv.az\/index.php?rest_route=\/wp\/v2\/posts"}],"about":[{"href":"https:\/\/arantv.az\/index.php?rest_route=\/wp\/v2\/types\/post"}],"author":[{"embeddable":true,"href":"https:\/\/arantv.az\/index.php?rest_route=\/wp\/v2\/users\/2"}],"replies":[{"embeddable":true,"href":"https:\/\/arantv.az\/index.php?rest_route=%2Fwp%2Fv2%2Fcomments&post=602220"}],"version-history":[{"count":0,"href":"https:\/\/arantv.az\/index.php?rest_route=\/wp\/v2\/posts\/602220\/revisions"}],"wp:featuredmedia":[{"embeddable":true,"href":"https:\/\/arantv.az\/index.php?rest_route=\/wp\/v2\/media\/602221"}],"wp:attachment":[{"href":"https:\/\/arantv.az\/index.php?rest_route=%2Fwp%2Fv2%2Fmedia&parent=602220"}],"wp:term":[{"taxonomy":"category","embeddable":true,"href":"https:\/\/arantv.az\/index.php?rest_route=%2Fwp%2Fv2%2Fcategories&post=602220"},{"taxonomy":"post_tag","embeddable":true,"href":"https:\/\/arantv.az\/index.php?rest_route=%2Fwp%2Fv2%2Ftags&post=602220"}],"curies":[{"name":"wp","href":"https:\/\/api.w.org\/{rel}","templated":true}]}}